{"id":12761,"date":"2020-12-10T15:03:19","date_gmt":"2020-12-10T18:03:19","guid":{"rendered":"https:\/\/abrelivros.org.br\/site\/?p=12761"},"modified":"2020-12-10T15:03:19","modified_gmt":"2020-12-10T18:03:19","slug":"fundacao-dorina-nowill-faz-encontro-com-editoras-nesta-quinta","status":"publish","type":"post","link":"https:\/\/abrelivros.org.br\/site\/fundacao-dorina-nowill-faz-encontro-com-editoras-nesta-quinta\/","title":{"rendered":"Funda\u00e7\u00e3o Dorina Nowill faz encontro com editoras nesta quinta"},"content":{"rendered":"<p>A Funda\u00e7\u00e3o Dorina Nowill para Cegos realiza nesta quinta (10), das 17h \u00e0s 19h, o II Encontro com Editoras. A entidade \u2013 que h\u00e1 mais de 70 anos se dedica \u00e0 inclus\u00e3o e \u00e0 educa\u00e7\u00e3o da pessoa com defici\u00eancia visual \u2013 reuniu na primeira edi\u00e7\u00e3o do evento, 150 pessoas e representantes de 44 editoras. Este ano, o Encontro apresentar\u00e1 os desafios da produ\u00e7\u00e3o de materiais acess\u00edveis e a novidade da plataforma de cursos EAD da Funda\u00e7\u00e3o. Haver\u00e1 tamb\u00e9m bate-papos sobre literatura em braile e a produ\u00e7\u00e3o de novos conte\u00fados durante a quarentena, visando o crescimento de aprendizado dos seus usu\u00e1rios durante a pandemia; sobre os desafios da produ\u00e7\u00e3o de textos em braile para publica\u00e7\u00f5es did\u00e1ticas e liter\u00e1rias com maior acessibilidade para o p\u00fablico; e sobre os benef\u00edcios e usabilidades dos audiolivros. Para finalizar o debate sobre o tema, o depoimento de um leitor que j\u00e1 faz uso de material neste formato ser\u00e1 exibido ressaltando a import\u00e2ncia da acessibilidade. O evento tem o apoio da Uni\u00e3o Brasileiro Israelita do Bem Estar Social (Unibes). Para se inscrever no evento on-line, <a href=\"https:\/\/www.eventbrite.com.br\/e\/ii-encontro-com-editoras-tickets-128554119833\" target=\"_blank\" rel=\"noopener noreferrer\">clique aqui<\/a>.<!--more--><\/p>\n<p>&nbsp;<\/p>\n","protected":false},"excerpt":{"rendered":"<p>A Funda\u00e7\u00e3o Dorina Nowill para Cegos realiza nesta quinta (10), das 17h \u00e0s 19h, o II Encontro com Editoras. A entidade \u2013 que h\u00e1 mais de 70 anos se dedica \u00e0 inclus\u00e3o e \u00e0 educa\u00e7\u00e3o da pessoa com defici\u00eancia visual \u2013 reuniu na primeira edi\u00e7\u00e3o do evento, 150 pessoas e representantes de 44 editoras. Este [&hellip;]<\/p>\n","protected":false},"author":4,"featured_media":0,"comment_status":"closed","ping_status":"closed","sticky":false,"template":"","format":"standard","meta":{"footnotes":"","_links_to":"","_links_to_target":""},"categories":[9],"tags":[],"class_list":["post-12761","post","type-post","status-publish","format-standard","hentry","category-noticias-da-imprensa"],"yoast_head":"<!-- This site is optimized with the Yoast SEO plugin v15.1 - https:\/\/yoast.com\/wordpress\/plugins\/seo\/ -->\n<title>Funda\u00e7\u00e3o Dorina Nowill faz encontro com editoras nesta quinta &raquo; Abrelivros<\/title>\n<meta name=\"robots\" content=\"index, follow, max-snippet:-1, max-image-preview:large, max-video-preview:-1\" \/>\n<link rel=\"canonical\" href=\"https:\/\/abrelivros.org.br\/site\/fundacao-dorina-nowill-faz-encontro-com-editoras-nesta-quinta\/\" \/>\n<meta property=\"og:locale\" content=\"pt_BR\" \/>\n<meta property=\"og:type\" content=\"article\" \/>\n<meta property=\"og:title\" content=\"Funda\u00e7\u00e3o Dorina Nowill faz encontro com editoras nesta quinta &raquo; Abrelivros\" \/>\n<meta property=\"og:description\" content=\"A Funda\u00e7\u00e3o Dorina Nowill para Cegos realiza nesta quinta (10), das 17h \u00e0s 19h, o II Encontro com Editoras. A entidade \u2013 que h\u00e1 mais de 70 anos se dedica \u00e0 inclus\u00e3o e \u00e0 educa\u00e7\u00e3o da pessoa com defici\u00eancia visual \u2013 reuniu na primeira edi\u00e7\u00e3o do evento, 150 pessoas e representantes de 44 editoras. Este [&hellip;]\" \/>\n<meta property=\"og:url\" content=\"https:\/\/abrelivros.org.br\/site\/fundacao-dorina-nowill-faz-encontro-com-editoras-nesta-quinta\/\" \/>\n<meta property=\"og:site_name\" content=\"Abrelivros\" \/>\n<meta property=\"article:published_time\" content=\"2020-12-10T18:03:19+00:00\" \/>\n<meta name=\"twitter:card\" content=\"summary_large_image\" \/>\n<script type=\"application\/ld+json\" class=\"yoast-schema-graph\">{\"@context\":\"https:\/\/schema.org\",\"@graph\":[{\"@type\":\"WebSite\",\"@id\":\"https:\/\/abrelivros.org.br\/site\/#website\",\"url\":\"https:\/\/abrelivros.org.br\/site\/\",\"name\":\"Abrelivros\",\"description\":\"\",\"potentialAction\":[{\"@type\":\"SearchAction\",\"target\":\"https:\/\/abrelivros.org.br\/site\/?s={search_term_string}\",\"query-input\":\"required name=search_term_string\"}],\"inLanguage\":\"pt-BR\"},{\"@type\":\"WebPage\",\"@id\":\"https:\/\/abrelivros.org.br\/site\/fundacao-dorina-nowill-faz-encontro-com-editoras-nesta-quinta\/#webpage\",\"url\":\"https:\/\/abrelivros.org.br\/site\/fundacao-dorina-nowill-faz-encontro-com-editoras-nesta-quinta\/\",\"name\":\"Funda\\u00e7\\u00e3o Dorina Nowill faz encontro com editoras nesta quinta &raquo; Abrelivros\",\"isPartOf\":{\"@id\":\"https:\/\/abrelivros.org.br\/site\/#website\"},\"datePublished\":\"2020-12-10T18:03:19+00:00\",\"dateModified\":\"2020-12-10T18:03:19+00:00\",\"author\":{\"@id\":\"https:\/\/abrelivros.org.br\/site\/#\/schema\/person\/65db80e26409802ce15ac5feec6a15fd\"},\"breadcrumb\":{\"@id\":\"https:\/\/abrelivros.org.br\/site\/fundacao-dorina-nowill-faz-encontro-com-editoras-nesta-quinta\/#breadcrumb\"},\"inLanguage\":\"pt-BR\",\"potentialAction\":[{\"@type\":\"ReadAction\",\"target\":[\"https:\/\/abrelivros.org.br\/site\/fundacao-dorina-nowill-faz-encontro-com-editoras-nesta-quinta\/\"]}]},{\"@type\":\"BreadcrumbList\",\"@id\":\"https:\/\/abrelivros.org.br\/site\/fundacao-dorina-nowill-faz-encontro-com-editoras-nesta-quinta\/#breadcrumb\",\"itemListElement\":[{\"@type\":\"ListItem\",\"position\":1,\"item\":{\"@type\":\"WebPage\",\"@id\":\"https:\/\/abrelivros.org.br\/site\/\",\"url\":\"https:\/\/abrelivros.org.br\/site\/\",\"name\":\"In\\u00edcio\"}},{\"@type\":\"ListItem\",\"position\":2,\"item\":{\"@type\":\"WebPage\",\"@id\":\"https:\/\/abrelivros.org.br\/site\/category\/noticias\/\",\"url\":\"https:\/\/abrelivros.org.br\/site\/category\/noticias\/\",\"name\":\"Not\\u00edcias\"}},{\"@type\":\"ListItem\",\"position\":3,\"item\":{\"@type\":\"WebPage\",\"@id\":\"https:\/\/abrelivros.org.br\/site\/category\/noticias\/noticias-da-imprensa\/\",\"url\":\"https:\/\/abrelivros.org.br\/site\/category\/noticias\/noticias-da-imprensa\/\",\"name\":\"Not\\u00edcias da imprensa\"}},{\"@type\":\"ListItem\",\"position\":4,\"item\":{\"@type\":\"WebPage\",\"@id\":\"https:\/\/abrelivros.org.br\/site\/fundacao-dorina-nowill-faz-encontro-com-editoras-nesta-quinta\/\",\"url\":\"https:\/\/abrelivros.org.br\/site\/fundacao-dorina-nowill-faz-encontro-com-editoras-nesta-quinta\/\",\"name\":\"Funda\\u00e7\\u00e3o Dorina Nowill faz encontro com editoras nesta quinta\"}}]},{\"@type\":\"Person\",\"@id\":\"https:\/\/abrelivros.org.br\/site\/#\/schema\/person\/65db80e26409802ce15ac5feec6a15fd\",\"name\":\"Reda\\u00e7\\u00e3o Abrelivros\",\"image\":{\"@type\":\"ImageObject\",\"@id\":\"https:\/\/abrelivros.org.br\/site\/#personlogo\",\"inLanguage\":\"pt-BR\",\"url\":\"https:\/\/secure.gravatar.com\/avatar\/c4e57f9c7e3482965bd428192061218520756c39080b1d1820b679fa5e9af192?s=96&d=mm&r=g\",\"caption\":\"Reda\\u00e7\\u00e3o Abrelivros\"}}]}<\/script>\n<!-- \/ Yoast SEO plugin. -->","_links":{"self":[{"href":"https:\/\/abrelivros.org.br\/site\/wp-json\/wp\/v2\/posts\/12761","targetHints":{"allow":["GET"]}}],"collection":[{"href":"https:\/\/abrelivros.org.br\/site\/wp-json\/wp\/v2\/posts"}],"about":[{"href":"https:\/\/abrelivros.org.br\/site\/wp-json\/wp\/v2\/types\/post"}],"author":[{"embeddable":true,"href":"https:\/\/abrelivros.org.br\/site\/wp-json\/wp\/v2\/users\/4"}],"replies":[{"embeddable":true,"href":"https:\/\/abrelivros.org.br\/site\/wp-json\/wp\/v2\/comments?post=12761"}],"version-history":[{"count":1,"href":"https:\/\/abrelivros.org.br\/site\/wp-json\/wp\/v2\/posts\/12761\/revisions"}],"predecessor-version":[{"id":12762,"href":"https:\/\/abrelivros.org.br\/site\/wp-json\/wp\/v2\/posts\/12761\/revisions\/12762"}],"wp:attachment":[{"href":"https:\/\/abrelivros.org.br\/site\/wp-json\/wp\/v2\/media?parent=12761"}],"wp:term":[{"taxonomy":"category","embeddable":true,"href":"https:\/\/abrelivros.org.br\/site\/wp-json\/wp\/v2\/categories?post=12761"},{"taxonomy":"post_tag","embeddable":true,"href":"https:\/\/abrelivros.org.br\/site\/wp-json\/wp\/v2\/tags?post=12761"}],"curies":[{"name":"wp","href":"https:\/\/api.w.org\/{rel}","templated":true}]}}