{"id":12759,"date":"2020-12-10T15:00:26","date_gmt":"2020-12-10T18:00:26","guid":{"rendered":"https:\/\/abrelivros.org.br\/site\/?p=12759"},"modified":"2020-12-10T15:00:26","modified_gmt":"2020-12-10T18:00:26","slug":"ministro-participa-da-abertura-do-8o-forum-nacional-extraordinario-da-uniao-nacional-dos-dirigentes-municipais-de-educacao","status":"publish","type":"post","link":"https:\/\/abrelivros.org.br\/site\/ministro-participa-da-abertura-do-8o-forum-nacional-extraordinario-da-uniao-nacional-dos-dirigentes-municipais-de-educacao\/","title":{"rendered":"Ministro participa da abertura do 8\u00ba F\u00f3rum Nacional Extraordin\u00e1rio da Uni\u00e3o Nacional dos Dirigentes Municipais de Educa\u00e7\u00e3o"},"content":{"rendered":"<p>O Minist\u00e9rio da Educa\u00e7\u00e3o (MEC) participa, nos dias de 7 a 11 de dezembro, do 8\u00ba F\u00f3rum Nacional Extraordin\u00e1rio da Uni\u00e3o Nacional dos Dirigentes Municipais de Educa\u00e7\u00e3o, que est\u00e1 sendo realizado de forma virtual. Nesta segunda-feira, 7 de dezembro, foi realizada a abertura do evento, cujo tema \u00e9 \u201cDesafios para garantir o direito \u00e0 educa\u00e7\u00e3o em tempos de p\u00f3s-pandemia\u201d. O ministro da Educa\u00e7\u00e3o, Milton Ribeiro, participou da abertura do evento, destacando em sua fala os principais temas da agenda educacional brasileira.<!--more--><\/p>\n<p>O evento contar\u00e1 ainda com a participa\u00e7\u00e3o da secret\u00e1ria de educa\u00e7\u00e3o b\u00e1sica, Izabel Lima Pessoa, e do diretor de pol\u00edticas e diretrizes da educa\u00e7\u00e3o b\u00e1sica, Helber Ricardo Vieira.<\/p>\n<p>O MEC estar\u00e1 presente tamb\u00e9m na \u00e1rea de exposi\u00e7\u00f5es, cujo acesso \u00e9 livre. E poder\u00e1 ser acessado por qualquer pessoa, inscrita ou n\u00e3o no F\u00f3rum.<\/p>\n<p>A seguir, as videoconfer\u00eancias e lives que poder\u00e3o ser acessadas ao fazer o check-in no estande do MEC:<\/p>\n<p><strong>Fundo Nacional de Desenvolvimento da Educa\u00e7\u00e3o &#8211; dia 10\/12 (quinta-feira):<\/strong><\/p>\n<p>\u2022 <strong>10h &#8211; 10h40:<\/strong> PNAE em tempos de pandemia;<\/p>\n<p>\u2022 <strong>11h &#8211; 11h40:<\/strong> PDDE Emergencial;<\/p>\n<p>\u2022 <strong>14h &#8211; 14h40:<\/strong> Obras FNDE.<\/p>\n<p><strong>Secretaria de Educa\u00e7\u00e3o B\u00e1sica \u2013 dia 11\/12 (sexta-feira):<\/strong><\/p>\n<p>\u2022 <strong>08:30 \u00e0s 9:00:<\/strong> PNLD e suas inova\u00e7\u00f5es;<\/p>\n<p>\u2022 <strong>9:00 \u00e0s 9:30:<\/strong> Educa\u00e7\u00e3o Conectada;<\/p>\n<p>\u2022 <strong>9:30 \u00e0s 10:00:<\/strong> Planejamento PAR e PDDE Interativo;<\/p>\n<p>\u2022 <strong>10:00 \u00e0s 10:30:<\/strong> Repasses do PAR e monitoramento da BNCC: educa\u00e7\u00e3o infantil e ensino fundamental;<\/p>\n<p>\u2022 <strong>10:30 \u00e0s 11:00:<\/strong> Programas de acesso \u00e0 educa\u00e7\u00e3o infantil e par\u00e2metros de qualidade da educa\u00e7\u00e3o infantil;<\/p>\n<p>\u2022 <strong>11:00 \u00e0s 11:30:<\/strong> Palestra interativa oficina de co-cria\u00e7\u00e3o para ensino fundamental anos finais;<\/p>\n<p>\u2022 <strong>11:30 \u00e0s 12:00:<\/strong> Conhe\u00e7a o novo ensino m\u00e9dio;<\/p>\n<p>\u2022 <strong>12:00 \u00e0s 12:30:<\/strong> Vem a\u00ed: As novas diretrizes da educa\u00e7\u00e3o de jovens e adultos;<\/p>\n<p>\u2022 <strong>14:00 \u00e0s 14:30:<\/strong> Aplicativo Clique Escola &#8211; gest\u00e3o financeira e educacional da escola;<\/p>\n<p>\u2022 <strong>14:30 \u00e0s 15:00:<\/strong> Forma\u00e7\u00e3o continuada de professores &#8211; Recursos do PNAIC.<\/p>\n","protected":false},"excerpt":{"rendered":"<p>O Minist\u00e9rio da Educa\u00e7\u00e3o (MEC) participa, nos dias de 7 a 11 de dezembro, do 8\u00ba F\u00f3rum Nacional Extraordin\u00e1rio da Uni\u00e3o Nacional dos Dirigentes Municipais de Educa\u00e7\u00e3o, que est\u00e1 sendo realizado de forma virtual. Nesta segunda-feira, 7 de dezembro, foi realizada a abertura do evento, cujo tema \u00e9 \u201cDesafios para garantir o direito \u00e0 educa\u00e7\u00e3o [&hellip;]<\/p>\n","protected":false},"author":4,"featured_media":0,"comment_status":"closed","ping_status":"closed","sticky":false,"template":"","format":"standard","meta":{"footnotes":"","_links_to":"","_links_to_target":""},"categories":[9],"tags":[],"class_list":["post-12759","post","type-post","status-publish","format-standard","hentry","category-noticias-da-imprensa"],"yoast_head":"<!-- This site is optimized with the Yoast SEO plugin v15.1 - https:\/\/yoast.com\/wordpress\/plugins\/seo\/ -->\n<title>Ministro participa da abertura do 8\u00ba F\u00f3rum Nacional Extraordin\u00e1rio da Uni\u00e3o Nacional dos Dirigentes Municipais de Educa\u00e7\u00e3o &raquo; Abrelivros<\/title>\n<meta name=\"robots\" content=\"index, follow, max-snippet:-1, max-image-preview:large, max-video-preview:-1\" \/>\n<link rel=\"canonical\" href=\"https:\/\/abrelivros.org.br\/site\/ministro-participa-da-abertura-do-8o-forum-nacional-extraordinario-da-uniao-nacional-dos-dirigentes-municipais-de-educacao\/\" \/>\n<meta property=\"og:locale\" content=\"pt_BR\" \/>\n<meta property=\"og:type\" content=\"article\" \/>\n<meta property=\"og:title\" content=\"Ministro participa da abertura do 8\u00ba F\u00f3rum Nacional Extraordin\u00e1rio da Uni\u00e3o Nacional dos Dirigentes Municipais de Educa\u00e7\u00e3o &raquo; Abrelivros\" \/>\n<meta property=\"og:description\" content=\"O Minist\u00e9rio da Educa\u00e7\u00e3o (MEC) participa, nos dias de 7 a 11 de dezembro, do 8\u00ba F\u00f3rum Nacional Extraordin\u00e1rio da Uni\u00e3o Nacional dos Dirigentes Municipais de Educa\u00e7\u00e3o, que est\u00e1 sendo realizado de forma virtual. Nesta segunda-feira, 7 de dezembro, foi realizada a abertura do evento, cujo tema \u00e9 \u201cDesafios para garantir o direito \u00e0 educa\u00e7\u00e3o [&hellip;]\" \/>\n<meta property=\"og:url\" content=\"https:\/\/abrelivros.org.br\/site\/ministro-participa-da-abertura-do-8o-forum-nacional-extraordinario-da-uniao-nacional-dos-dirigentes-municipais-de-educacao\/\" \/>\n<meta property=\"og:site_name\" content=\"Abrelivros\" \/>\n<meta property=\"article:published_time\" content=\"2020-12-10T18:00:26+00:00\" \/>\n<meta name=\"twitter:card\" content=\"summary_large_image\" \/>\n<script type=\"application\/ld+json\" class=\"yoast-schema-graph\">{\"@context\":\"https:\/\/schema.org\",\"@graph\":[{\"@type\":\"WebSite\",\"@id\":\"https:\/\/abrelivros.org.br\/site\/#website\",\"url\":\"https:\/\/abrelivros.org.br\/site\/\",\"name\":\"Abrelivros\",\"description\":\"\",\"potentialAction\":[{\"@type\":\"SearchAction\",\"target\":\"https:\/\/abrelivros.org.br\/site\/?s={search_term_string}\",\"query-input\":\"required name=search_term_string\"}],\"inLanguage\":\"pt-BR\"},{\"@type\":\"WebPage\",\"@id\":\"https:\/\/abrelivros.org.br\/site\/ministro-participa-da-abertura-do-8o-forum-nacional-extraordinario-da-uniao-nacional-dos-dirigentes-municipais-de-educacao\/#webpage\",\"url\":\"https:\/\/abrelivros.org.br\/site\/ministro-participa-da-abertura-do-8o-forum-nacional-extraordinario-da-uniao-nacional-dos-dirigentes-municipais-de-educacao\/\",\"name\":\"Ministro participa da abertura do 8\\u00ba F\\u00f3rum Nacional Extraordin\\u00e1rio da Uni\\u00e3o Nacional dos Dirigentes Municipais de Educa\\u00e7\\u00e3o &raquo; Abrelivros\",\"isPartOf\":{\"@id\":\"https:\/\/abrelivros.org.br\/site\/#website\"},\"datePublished\":\"2020-12-10T18:00:26+00:00\",\"dateModified\":\"2020-12-10T18:00:26+00:00\",\"author\":{\"@id\":\"https:\/\/abrelivros.org.br\/site\/#\/schema\/person\/65db80e26409802ce15ac5feec6a15fd\"},\"breadcrumb\":{\"@id\":\"https:\/\/abrelivros.org.br\/site\/ministro-participa-da-abertura-do-8o-forum-nacional-extraordinario-da-uniao-nacional-dos-dirigentes-municipais-de-educacao\/#breadcrumb\"},\"inLanguage\":\"pt-BR\",\"potentialAction\":[{\"@type\":\"ReadAction\",\"target\":[\"https:\/\/abrelivros.org.br\/site\/ministro-participa-da-abertura-do-8o-forum-nacional-extraordinario-da-uniao-nacional-dos-dirigentes-municipais-de-educacao\/\"]}]},{\"@type\":\"BreadcrumbList\",\"@id\":\"https:\/\/abrelivros.org.br\/site\/ministro-participa-da-abertura-do-8o-forum-nacional-extraordinario-da-uniao-nacional-dos-dirigentes-municipais-de-educacao\/#breadcrumb\",\"itemListElement\":[{\"@type\":\"ListItem\",\"position\":1,\"item\":{\"@type\":\"WebPage\",\"@id\":\"https:\/\/abrelivros.org.br\/site\/\",\"url\":\"https:\/\/abrelivros.org.br\/site\/\",\"name\":\"In\\u00edcio\"}},{\"@type\":\"ListItem\",\"position\":2,\"item\":{\"@type\":\"WebPage\",\"@id\":\"https:\/\/abrelivros.org.br\/site\/category\/noticias\/\",\"url\":\"https:\/\/abrelivros.org.br\/site\/category\/noticias\/\",\"name\":\"Not\\u00edcias\"}},{\"@type\":\"ListItem\",\"position\":3,\"item\":{\"@type\":\"WebPage\",\"@id\":\"https:\/\/abrelivros.org.br\/site\/category\/noticias\/noticias-da-imprensa\/\",\"url\":\"https:\/\/abrelivros.org.br\/site\/category\/noticias\/noticias-da-imprensa\/\",\"name\":\"Not\\u00edcias da imprensa\"}},{\"@type\":\"ListItem\",\"position\":4,\"item\":{\"@type\":\"WebPage\",\"@id\":\"https:\/\/abrelivros.org.br\/site\/ministro-participa-da-abertura-do-8o-forum-nacional-extraordinario-da-uniao-nacional-dos-dirigentes-municipais-de-educacao\/\",\"url\":\"https:\/\/abrelivros.org.br\/site\/ministro-participa-da-abertura-do-8o-forum-nacional-extraordinario-da-uniao-nacional-dos-dirigentes-municipais-de-educacao\/\",\"name\":\"Ministro participa da abertura do 8\\u00ba F\\u00f3rum Nacional Extraordin\\u00e1rio da Uni\\u00e3o Nacional dos Dirigentes Municipais de Educa\\u00e7\\u00e3o\"}}]},{\"@type\":\"Person\",\"@id\":\"https:\/\/abrelivros.org.br\/site\/#\/schema\/person\/65db80e26409802ce15ac5feec6a15fd\",\"name\":\"Reda\\u00e7\\u00e3o Abrelivros\",\"image\":{\"@type\":\"ImageObject\",\"@id\":\"https:\/\/abrelivros.org.br\/site\/#personlogo\",\"inLanguage\":\"pt-BR\",\"url\":\"https:\/\/secure.gravatar.com\/avatar\/c4e57f9c7e3482965bd428192061218520756c39080b1d1820b679fa5e9af192?s=96&d=mm&r=g\",\"caption\":\"Reda\\u00e7\\u00e3o Abrelivros\"}}]}<\/script>\n<!-- \/ Yoast SEO plugin. -->","_links":{"self":[{"href":"https:\/\/abrelivros.org.br\/site\/wp-json\/wp\/v2\/posts\/12759","targetHints":{"allow":["GET"]}}],"collection":[{"href":"https:\/\/abrelivros.org.br\/site\/wp-json\/wp\/v2\/posts"}],"about":[{"href":"https:\/\/abrelivros.org.br\/site\/wp-json\/wp\/v2\/types\/post"}],"author":[{"embeddable":true,"href":"https:\/\/abrelivros.org.br\/site\/wp-json\/wp\/v2\/users\/4"}],"replies":[{"embeddable":true,"href":"https:\/\/abrelivros.org.br\/site\/wp-json\/wp\/v2\/comments?post=12759"}],"version-history":[{"count":1,"href":"https:\/\/abrelivros.org.br\/site\/wp-json\/wp\/v2\/posts\/12759\/revisions"}],"predecessor-version":[{"id":12760,"href":"https:\/\/abrelivros.org.br\/site\/wp-json\/wp\/v2\/posts\/12759\/revisions\/12760"}],"wp:attachment":[{"href":"https:\/\/abrelivros.org.br\/site\/wp-json\/wp\/v2\/media?parent=12759"}],"wp:term":[{"taxonomy":"category","embeddable":true,"href":"https:\/\/abrelivros.org.br\/site\/wp-json\/wp\/v2\/categories?post=12759"},{"taxonomy":"post_tag","embeddable":true,"href":"https:\/\/abrelivros.org.br\/site\/wp-json\/wp\/v2\/tags?post=12759"}],"curies":[{"name":"wp","href":"https:\/\/api.w.org\/{rel}","templated":true}]}}