{"id":12757,"date":"2020-12-10T14:55:57","date_gmt":"2020-12-10T17:55:57","guid":{"rendered":"https:\/\/abrelivros.org.br\/site\/?p=12757"},"modified":"2020-12-10T14:55:57","modified_gmt":"2020-12-10T17:55:57","slug":"secretaria-de-educacao-basica-do-mec-realiza-o-primeiro-diagnostico-da-implementacao-da-bncc","status":"publish","type":"post","link":"https:\/\/abrelivros.org.br\/site\/secretaria-de-educacao-basica-do-mec-realiza-o-primeiro-diagnostico-da-implementacao-da-bncc\/","title":{"rendered":"Secretaria de Educa\u00e7\u00e3o B\u00e1sica do MEC realiza o primeiro diagn\u00f3stico da implementa\u00e7\u00e3o da BNCC"},"content":{"rendered":"<p>A Secretaria de Educa\u00e7\u00e3o B\u00e1sica (SEB\/MEC) iniciar\u00e1, ainda em 2020, o primeiro diagn\u00f3stico acerca da implementa\u00e7\u00e3o da Base Nacional Comum Curricular (BNCC) da Educa\u00e7\u00e3o Infantil e do Ensino Fundamental. Tal diagn\u00f3stico consta do Plano de Trabalho de Monitoramento da BNCC apresentado e aprovado pelo Conselho Nacional de Secret\u00e1rios de Educa\u00e7\u00e3o (CONSED) e pela Uni\u00e3o Nacional dos Dirigentes Municipais de Educa\u00e7\u00e3o (UNDIME). Ele trata do acompanhamento e da avalia\u00e7\u00e3o da implementa\u00e7\u00e3o da BNCC, incluindo diagn\u00f3stico para apoiar o planejamento das a\u00e7\u00f5es de aperfei\u00e7oamento desse processo de implementa\u00e7\u00e3o e vislumbrando o apoio ao trabalho dos gestores e professores no alinhamento entre a BNCC e o curr\u00edculo local e as suas aplica\u00e7\u00f5es em sala de aula; no planejamento das forma\u00e7\u00f5es continuadas para os professores das redes; com os novos materiais did\u00e1ticos; nas avalia\u00e7\u00f5es de aprendizagem aplicadas com seus estudantes; e na identifica\u00e7\u00e3o de boas pr\u00e1ticas para estabelecer par\u00e2metros e modelos. No \u00e2mbito desse Plano, tamb\u00e9m ser\u00e1 ainda desenvolvida uma plataforma online para a gest\u00e3o das informa\u00e7\u00f5es, que ser\u00e1 alimentada com dados fornecidos pelas Secretarias Estaduais e Municipais de Educa\u00e7\u00e3o (SEDUCs e SEMEDs).<!--more--><\/p>\n<p>Para viabilizar o Plano de Trabalho o MEC contar\u00e1 com o apoio da Universidade Federal de Juiz de Fora (UFJF), por meio do Centro de Avalia\u00e7\u00e3o e Pol\u00edticas P\u00fablicas Educacionais (CAEd), que realizar\u00e1 uma pesquisa amostral em 2.000 escolas de 250 munic\u00edpios, e auxiliar\u00e1 as SEDUCs e SEMEDs sobre os temas ligados \u00e0 implementa\u00e7\u00e3o da BNCC.<\/p>\n<p>Esse monitoramento da implementa\u00e7\u00e3o da BNCC contribuir\u00e1 com a qualidade da educa\u00e7\u00e3o b\u00e1sica nas redes p\u00fablicas, por meio da disponibiliza\u00e7\u00e3o de informa\u00e7\u00f5es importantes para o MEC e para as SEDUCs e SEMEDs, em especial para elevar a capacidade das secretarias de educa\u00e7\u00e3o e das escolas no aperfei\u00e7oamento de trabalhos pedag\u00f3gicos convergentes com a BNCC, ancorados na identifica\u00e7\u00e3o dos aspectos que podem ou precisam ser aprimorados nas pol\u00edticas educacionais para promover a melhoria da educa\u00e7\u00e3o b\u00e1sica.<\/p>\n","protected":false},"excerpt":{"rendered":"<p>A Secretaria de Educa\u00e7\u00e3o B\u00e1sica (SEB\/MEC) iniciar\u00e1, ainda em 2020, o primeiro diagn\u00f3stico acerca da implementa\u00e7\u00e3o da Base Nacional Comum Curricular (BNCC) da Educa\u00e7\u00e3o Infantil e do Ensino Fundamental. Tal diagn\u00f3stico consta do Plano de Trabalho de Monitoramento da BNCC apresentado e aprovado pelo Conselho Nacional de Secret\u00e1rios de Educa\u00e7\u00e3o (CONSED) e pela Uni\u00e3o Nacional [&hellip;]<\/p>\n","protected":false},"author":4,"featured_media":0,"comment_status":"closed","ping_status":"closed","sticky":false,"template":"","format":"standard","meta":{"footnotes":"","_links_to":"","_links_to_target":""},"categories":[9],"tags":[],"class_list":["post-12757","post","type-post","status-publish","format-standard","hentry","category-noticias-da-imprensa"],"yoast_head":"<!-- This site is optimized with the Yoast SEO plugin v15.1 - https:\/\/yoast.com\/wordpress\/plugins\/seo\/ -->\n<title>Secretaria de Educa\u00e7\u00e3o B\u00e1sica do MEC realiza o primeiro diagn\u00f3stico da implementa\u00e7\u00e3o da BNCC &raquo; Abrelivros<\/title>\n<meta name=\"robots\" content=\"index, follow, max-snippet:-1, max-image-preview:large, max-video-preview:-1\" \/>\n<link rel=\"canonical\" href=\"https:\/\/abrelivros.org.br\/site\/secretaria-de-educacao-basica-do-mec-realiza-o-primeiro-diagnostico-da-implementacao-da-bncc\/\" \/>\n<meta property=\"og:locale\" content=\"pt_BR\" \/>\n<meta property=\"og:type\" content=\"article\" \/>\n<meta property=\"og:title\" content=\"Secretaria de Educa\u00e7\u00e3o B\u00e1sica do MEC realiza o primeiro diagn\u00f3stico da implementa\u00e7\u00e3o da BNCC &raquo; Abrelivros\" \/>\n<meta property=\"og:description\" content=\"A Secretaria de Educa\u00e7\u00e3o B\u00e1sica (SEB\/MEC) iniciar\u00e1, ainda em 2020, o primeiro diagn\u00f3stico acerca da implementa\u00e7\u00e3o da Base Nacional Comum Curricular (BNCC) da Educa\u00e7\u00e3o Infantil e do Ensino Fundamental. Tal diagn\u00f3stico consta do Plano de Trabalho de Monitoramento da BNCC apresentado e aprovado pelo Conselho Nacional de Secret\u00e1rios de Educa\u00e7\u00e3o (CONSED) e pela Uni\u00e3o Nacional [&hellip;]\" \/>\n<meta property=\"og:url\" content=\"https:\/\/abrelivros.org.br\/site\/secretaria-de-educacao-basica-do-mec-realiza-o-primeiro-diagnostico-da-implementacao-da-bncc\/\" \/>\n<meta property=\"og:site_name\" content=\"Abrelivros\" \/>\n<meta property=\"article:published_time\" content=\"2020-12-10T17:55:57+00:00\" \/>\n<meta name=\"twitter:card\" content=\"summary_large_image\" \/>\n<script type=\"application\/ld+json\" class=\"yoast-schema-graph\">{\"@context\":\"https:\/\/schema.org\",\"@graph\":[{\"@type\":\"WebSite\",\"@id\":\"https:\/\/abrelivros.org.br\/site\/#website\",\"url\":\"https:\/\/abrelivros.org.br\/site\/\",\"name\":\"Abrelivros\",\"description\":\"\",\"potentialAction\":[{\"@type\":\"SearchAction\",\"target\":\"https:\/\/abrelivros.org.br\/site\/?s={search_term_string}\",\"query-input\":\"required name=search_term_string\"}],\"inLanguage\":\"pt-BR\"},{\"@type\":\"WebPage\",\"@id\":\"https:\/\/abrelivros.org.br\/site\/secretaria-de-educacao-basica-do-mec-realiza-o-primeiro-diagnostico-da-implementacao-da-bncc\/#webpage\",\"url\":\"https:\/\/abrelivros.org.br\/site\/secretaria-de-educacao-basica-do-mec-realiza-o-primeiro-diagnostico-da-implementacao-da-bncc\/\",\"name\":\"Secretaria de Educa\\u00e7\\u00e3o B\\u00e1sica do MEC realiza o primeiro diagn\\u00f3stico da implementa\\u00e7\\u00e3o da BNCC &raquo; Abrelivros\",\"isPartOf\":{\"@id\":\"https:\/\/abrelivros.org.br\/site\/#website\"},\"datePublished\":\"2020-12-10T17:55:57+00:00\",\"dateModified\":\"2020-12-10T17:55:57+00:00\",\"author\":{\"@id\":\"https:\/\/abrelivros.org.br\/site\/#\/schema\/person\/65db80e26409802ce15ac5feec6a15fd\"},\"breadcrumb\":{\"@id\":\"https:\/\/abrelivros.org.br\/site\/secretaria-de-educacao-basica-do-mec-realiza-o-primeiro-diagnostico-da-implementacao-da-bncc\/#breadcrumb\"},\"inLanguage\":\"pt-BR\",\"potentialAction\":[{\"@type\":\"ReadAction\",\"target\":[\"https:\/\/abrelivros.org.br\/site\/secretaria-de-educacao-basica-do-mec-realiza-o-primeiro-diagnostico-da-implementacao-da-bncc\/\"]}]},{\"@type\":\"BreadcrumbList\",\"@id\":\"https:\/\/abrelivros.org.br\/site\/secretaria-de-educacao-basica-do-mec-realiza-o-primeiro-diagnostico-da-implementacao-da-bncc\/#breadcrumb\",\"itemListElement\":[{\"@type\":\"ListItem\",\"position\":1,\"item\":{\"@type\":\"WebPage\",\"@id\":\"https:\/\/abrelivros.org.br\/site\/\",\"url\":\"https:\/\/abrelivros.org.br\/site\/\",\"name\":\"In\\u00edcio\"}},{\"@type\":\"ListItem\",\"position\":2,\"item\":{\"@type\":\"WebPage\",\"@id\":\"https:\/\/abrelivros.org.br\/site\/category\/noticias\/\",\"url\":\"https:\/\/abrelivros.org.br\/site\/category\/noticias\/\",\"name\":\"Not\\u00edcias\"}},{\"@type\":\"ListItem\",\"position\":3,\"item\":{\"@type\":\"WebPage\",\"@id\":\"https:\/\/abrelivros.org.br\/site\/category\/noticias\/noticias-da-imprensa\/\",\"url\":\"https:\/\/abrelivros.org.br\/site\/category\/noticias\/noticias-da-imprensa\/\",\"name\":\"Not\\u00edcias da imprensa\"}},{\"@type\":\"ListItem\",\"position\":4,\"item\":{\"@type\":\"WebPage\",\"@id\":\"https:\/\/abrelivros.org.br\/site\/secretaria-de-educacao-basica-do-mec-realiza-o-primeiro-diagnostico-da-implementacao-da-bncc\/\",\"url\":\"https:\/\/abrelivros.org.br\/site\/secretaria-de-educacao-basica-do-mec-realiza-o-primeiro-diagnostico-da-implementacao-da-bncc\/\",\"name\":\"Secretaria de Educa\\u00e7\\u00e3o B\\u00e1sica do MEC realiza o primeiro diagn\\u00f3stico da implementa\\u00e7\\u00e3o da BNCC\"}}]},{\"@type\":\"Person\",\"@id\":\"https:\/\/abrelivros.org.br\/site\/#\/schema\/person\/65db80e26409802ce15ac5feec6a15fd\",\"name\":\"Reda\\u00e7\\u00e3o Abrelivros\",\"image\":{\"@type\":\"ImageObject\",\"@id\":\"https:\/\/abrelivros.org.br\/site\/#personlogo\",\"inLanguage\":\"pt-BR\",\"url\":\"https:\/\/secure.gravatar.com\/avatar\/c4e57f9c7e3482965bd428192061218520756c39080b1d1820b679fa5e9af192?s=96&d=mm&r=g\",\"caption\":\"Reda\\u00e7\\u00e3o Abrelivros\"}}]}<\/script>\n<!-- \/ Yoast SEO plugin. -->","_links":{"self":[{"href":"https:\/\/abrelivros.org.br\/site\/wp-json\/wp\/v2\/posts\/12757","targetHints":{"allow":["GET"]}}],"collection":[{"href":"https:\/\/abrelivros.org.br\/site\/wp-json\/wp\/v2\/posts"}],"about":[{"href":"https:\/\/abrelivros.org.br\/site\/wp-json\/wp\/v2\/types\/post"}],"author":[{"embeddable":true,"href":"https:\/\/abrelivros.org.br\/site\/wp-json\/wp\/v2\/users\/4"}],"replies":[{"embeddable":true,"href":"https:\/\/abrelivros.org.br\/site\/wp-json\/wp\/v2\/comments?post=12757"}],"version-history":[{"count":1,"href":"https:\/\/abrelivros.org.br\/site\/wp-json\/wp\/v2\/posts\/12757\/revisions"}],"predecessor-version":[{"id":12758,"href":"https:\/\/abrelivros.org.br\/site\/wp-json\/wp\/v2\/posts\/12757\/revisions\/12758"}],"wp:attachment":[{"href":"https:\/\/abrelivros.org.br\/site\/wp-json\/wp\/v2\/media?parent=12757"}],"wp:term":[{"taxonomy":"category","embeddable":true,"href":"https:\/\/abrelivros.org.br\/site\/wp-json\/wp\/v2\/categories?post=12757"},{"taxonomy":"post_tag","embeddable":true,"href":"https:\/\/abrelivros.org.br\/site\/wp-json\/wp\/v2\/tags?post=12757"}],"curies":[{"name":"wp","href":"https:\/\/api.w.org\/{rel}","templated":true}]}}