{"id":12755,"date":"2020-12-10T14:53:38","date_gmt":"2020-12-10T17:53:38","guid":{"rendered":"https:\/\/abrelivros.org.br\/site\/?p=12755"},"modified":"2020-12-10T14:53:38","modified_gmt":"2020-12-10T17:53:38","slug":"apos-novo-recuo-mec-autoriza-aulas-remotas-no-pais-enquanto-durar-a-pandemia","status":"publish","type":"post","link":"https:\/\/abrelivros.org.br\/site\/apos-novo-recuo-mec-autoriza-aulas-remotas-no-pais-enquanto-durar-a-pandemia\/","title":{"rendered":"Ap\u00f3s novo recuo, MEC autoriza aulas remotas no pa\u00eds enquanto durar a pandemia"},"content":{"rendered":"<p>O ministro da Educa\u00e7\u00e3o, Milton Ribeiro, homologou resolu\u00e7\u00e3o do CNE (Conselho Nacional de Educa\u00e7\u00e3o) que <a href=\"https:\/\/www1.folha.uol.com.br\/educacao\/2020\/10\/conselho-de-educacao-permite-aula-remota-ate-fim-de-2021-no-ensino-basico-e-no-superior.shtml\" target=\"_blank\" rel=\"noopener noreferrer\">estende para 2021 a autoriza\u00e7\u00e3o para as aulas remotas<\/a> na educa\u00e7\u00e3o b\u00e1sica e superior.<!--more--><\/p>\n<p>O documento n\u00e3o estabelece uma data limite, mas diz que a permiss\u00e3o se manter\u00e1 enquanto as \u201ccondi\u00e7\u00f5es sanit\u00e1rias locais trouxerem riscos \u00e0s atividades presenciais\u201d.<\/p>\n<p>A resolu\u00e7\u00e3o do CNE \u00e9 a mais importante do pa\u00eds no assunto, uma vez que orienta as gest\u00f5es das escolas e universidades p\u00fablicas e particulares. Reportagem da <strong>Folha<\/strong> mostrou que o documento foi aprovado em outubro e, desde ent\u00e3o, aguardava homologa\u00e7\u00e3o do ministro.<\/p>\n<p><a href=\"https:\/\/www1.folha.uol.com.br\/educacao\/2020\/11\/para-forcar-volta-a-escola-mec-resiste-em-homologar-permissao-de-aula-remota-ate-fim-de-2021.shtml\" target=\"_blank\" rel=\"noopener noreferrer\">Ele resistia a aprov\u00e1-lo<\/a>, j\u00e1 que sofre press\u00e3o de integrantes do Planalto para for\u00e7ar a volta \u00e0s aulas presenciais. A homologa\u00e7\u00e3o foi publicada no Di\u00e1rio Oficial da Uni\u00e3o desta quinta-feira (10).<\/p>\n<p>O documento, inicialmente aprovado pelo CNE, autorizava as aulas remotas at\u00e9 31 de dezembro. Mas, ap\u00f3s negocia\u00e7\u00e3o com o minist\u00e9rio, a data foi suprimida.<\/p>\n<p>O texto homologado diz que as atividades n\u00e3o presenciais poder\u00e3o ser usadas em \u201ccar\u00e1ter excepcional, para integraliza\u00e7\u00e3o da carga hor\u00e1ria\u201d quando houver \u201csuspens\u00e3o das atividades letivas presenciais por determina\u00e7\u00e3o das autoridades locais\u201d e com \u201ccondi\u00e7\u00f5es sanit\u00e1rias locais que tragam riscos\u201d.<\/p>\n<p>O entendimento dos conselheiros com a dilata\u00e7\u00e3o do prazo \u00e9 permitir a conviv\u00eancia entre o<a href=\"https:\/\/www1.folha.uol.com.br\/educacao\/2020\/09\/brasil-tem-a-pior-proporcao-de-computador-por-aluno-entre-paises-testados-no-pisa.shtml\" target=\"_blank\" rel=\"noopener noreferrer\"> ensino presencial e remoto<\/a> no pr\u00f3ximo ano, inclusive em processos de recupera\u00e7\u00e3o. Secret\u00e1rios de educa\u00e7\u00e3o e propriet\u00e1rios de escola afirmam que no ano letivo de 2021 o ensino deve ser h\u00edbrido.<\/p>\n<p>A extens\u00e3o da flexibiliza\u00e7\u00e3o surgiu de demandas de sistemas e institui\u00e7\u00f5es de ensino superior, sobretudo as particulares.<\/p>\n<p>Secret\u00e1rio de Educa\u00e7\u00e3o do Esp\u00edrito Santo, Vitor de Angelo, que assume a presid\u00eancia do Consed (Conselho Nacional de Secret\u00e1rios de Educa\u00e7\u00e3o) em 2021, diz que a extens\u00e3o da permiss\u00e3o d\u00e1 tranquilidade para que as redes de ensino possam organizar o pr\u00f3ximo ano letivo.<\/p>\n<p>&#8220;Manter a possibilidade do ensino remoto \u00e9 muito importante para as escolas j\u00e1 que \u00e9 bastante \u00f3bvio que a modalidade continuar\u00e1 sendo necess\u00e1ria ao menos no in\u00edcio do pr\u00f3ximo ano letivo. Embora o texto n\u00e3o traga uma data espec\u00edfica, ao facultar a decis\u00e3o \u00e0s autoridades regionais, nos d\u00e1 tranquilidade para organizar o ano&#8221;, diz.<\/p>\n<p>Nesta ter\u00e7a (8), o titular do MEC j\u00e1 havia publicado portaria indicando que as faculdades particulares e universidades e institutos federais devem<a href=\"https:\/\/www1.folha.uol.com.br\/educacao\/2020\/12\/apos-criticas-mec-recua-e-adia-para-marco-volta-das-aulas-presencias-nas-universidades.shtml\" target=\"_blank\" rel=\"noopener noreferrer\"> retomar as aulas presenciais em 1\u00ba de mar\u00e7o<\/a>, se as condi\u00e7\u00f5es epidemiol\u00f3gicas locais permitirem.<\/p>\n<p>O <a href=\"https:\/\/www1.folha.uol.com.br\/educacao\/2020\/12\/apos-criticas-mec-recua-e-adia-para-marco-volta-das-aulas-presencias-nas-universidades.shtml\" target=\"_blank\" rel=\"noopener noreferrer\">texto j\u00e1 recuava<\/a> de uma portaria publicada uma semana antes que determinava o retorno das atividades presenciais em 4 de janeiro.<\/p>\n<p>Agora, com a homologa\u00e7\u00e3o da resolu\u00e7\u00e3o do CNE sem defini\u00e7\u00e3o de data, a avalia\u00e7\u00e3o \u00e9 de que o prazo de mar\u00e7o vire apenas uma recomenda\u00e7\u00e3o \u00e0s institui\u00e7\u00f5es de ensino superior.<\/p>\n<p>O documento traz ainda outras recomenda\u00e7\u00f5es que s\u00e3o consideradas importantes para que as redes de ensino possam organizar as aulas no pr\u00f3ximo ano letivo. Uma delas \u00e9 a de<a href=\"https:\/\/www1.folha.uol.com.br\/educacao\/2020\/10\/progressao-nao-sera-automatica-para-quem-nao-entregou-atividades-diz-secretario-de-educacao-de-sp.shtml\" target=\"_blank\" rel=\"noopener noreferrer\"> n\u00e3o reprova\u00e7\u00e3o dos estudantes<\/a> em 2020 e que organizem os objetivos de aprendizagem em ciclos.<\/p>\n<p>Algumas redes p\u00fablicas j\u00e1 anunciaram que o pr\u00f3ximo ano letivo ser\u00e1 considerado como extens\u00e3o de 2020 para que os estudantes possam recuperar os d\u00e9ficits de aprendizagem deste ano. \u00c9 o que decidiu, por exemplo, a rede estadual de S\u00e3o Paulo que anunciou a <a href=\"https:\/\/www1.folha.uol.com.br\/educacao\/2020\/11\/rede-estadual-de-sp-tera-aprovacao-continuada-em-todas-as-series-em-2020.shtml\" target=\"_blank\" rel=\"noopener noreferrer\">progress\u00e3o continuada para todas as s\u00e9ries<\/a>.<\/p>\n<p>A resolu\u00e7\u00e3o tamb\u00e9m recomenda que a <a href=\"https:\/\/www1.folha.uol.com.br\/educacao\/2020\/07\/conselho-nacional-de-educacao-recomenda-que-pais-escolham-sobre-retorno-a-escola.shtml\" target=\"_blank\" rel=\"noopener noreferrer\">decis\u00e3o das fam\u00edlias sobre a volta presencial<\/a> dos alunos deve ser facultativa. Diz ainda que as escolas n\u00e3o devem marcar falta aos alunos pela impossibilidade de checar a frequ\u00eancia durante o per\u00edodo de aulas remotas.<\/p>\n","protected":false},"excerpt":{"rendered":"<p>O ministro da Educa\u00e7\u00e3o, Milton Ribeiro, homologou resolu\u00e7\u00e3o do CNE (Conselho Nacional de Educa\u00e7\u00e3o) que estende para 2021 a autoriza\u00e7\u00e3o para as aulas remotas na educa\u00e7\u00e3o b\u00e1sica e superior.<\/p>\n","protected":false},"author":4,"featured_media":0,"comment_status":"closed","ping_status":"closed","sticky":false,"template":"","format":"standard","meta":{"footnotes":"","_links_to":"","_links_to_target":""},"categories":[9],"tags":[],"class_list":["post-12755","post","type-post","status-publish","format-standard","hentry","category-noticias-da-imprensa"],"yoast_head":"<!-- This site is optimized with the Yoast SEO plugin v15.1 - https:\/\/yoast.com\/wordpress\/plugins\/seo\/ -->\n<title>Ap\u00f3s novo recuo, MEC autoriza aulas remotas no pa\u00eds enquanto durar a pandemia &raquo; Abrelivros<\/title>\n<meta name=\"robots\" content=\"index, follow, max-snippet:-1, max-image-preview:large, max-video-preview:-1\" \/>\n<link rel=\"canonical\" href=\"https:\/\/abrelivros.org.br\/site\/apos-novo-recuo-mec-autoriza-aulas-remotas-no-pais-enquanto-durar-a-pandemia\/\" \/>\n<meta property=\"og:locale\" content=\"pt_BR\" \/>\n<meta property=\"og:type\" content=\"article\" \/>\n<meta property=\"og:title\" content=\"Ap\u00f3s novo recuo, MEC autoriza aulas remotas no pa\u00eds enquanto durar a pandemia &raquo; Abrelivros\" \/>\n<meta property=\"og:description\" content=\"O ministro da Educa\u00e7\u00e3o, Milton Ribeiro, homologou resolu\u00e7\u00e3o do CNE (Conselho Nacional de Educa\u00e7\u00e3o) que estende para 2021 a autoriza\u00e7\u00e3o para as aulas remotas na educa\u00e7\u00e3o b\u00e1sica e superior.\" \/>\n<meta property=\"og:url\" content=\"https:\/\/abrelivros.org.br\/site\/apos-novo-recuo-mec-autoriza-aulas-remotas-no-pais-enquanto-durar-a-pandemia\/\" \/>\n<meta property=\"og:site_name\" content=\"Abrelivros\" \/>\n<meta property=\"article:published_time\" content=\"2020-12-10T17:53:38+00:00\" \/>\n<meta name=\"twitter:card\" content=\"summary_large_image\" \/>\n<script type=\"application\/ld+json\" class=\"yoast-schema-graph\">{\"@context\":\"https:\/\/schema.org\",\"@graph\":[{\"@type\":\"WebSite\",\"@id\":\"https:\/\/abrelivros.org.br\/site\/#website\",\"url\":\"https:\/\/abrelivros.org.br\/site\/\",\"name\":\"Abrelivros\",\"description\":\"\",\"potentialAction\":[{\"@type\":\"SearchAction\",\"target\":\"https:\/\/abrelivros.org.br\/site\/?s={search_term_string}\",\"query-input\":\"required name=search_term_string\"}],\"inLanguage\":\"pt-BR\"},{\"@type\":\"WebPage\",\"@id\":\"https:\/\/abrelivros.org.br\/site\/apos-novo-recuo-mec-autoriza-aulas-remotas-no-pais-enquanto-durar-a-pandemia\/#webpage\",\"url\":\"https:\/\/abrelivros.org.br\/site\/apos-novo-recuo-mec-autoriza-aulas-remotas-no-pais-enquanto-durar-a-pandemia\/\",\"name\":\"Ap\\u00f3s novo recuo, MEC autoriza aulas remotas no pa\\u00eds enquanto durar a pandemia &raquo; Abrelivros\",\"isPartOf\":{\"@id\":\"https:\/\/abrelivros.org.br\/site\/#website\"},\"datePublished\":\"2020-12-10T17:53:38+00:00\",\"dateModified\":\"2020-12-10T17:53:38+00:00\",\"author\":{\"@id\":\"https:\/\/abrelivros.org.br\/site\/#\/schema\/person\/65db80e26409802ce15ac5feec6a15fd\"},\"breadcrumb\":{\"@id\":\"https:\/\/abrelivros.org.br\/site\/apos-novo-recuo-mec-autoriza-aulas-remotas-no-pais-enquanto-durar-a-pandemia\/#breadcrumb\"},\"inLanguage\":\"pt-BR\",\"potentialAction\":[{\"@type\":\"ReadAction\",\"target\":[\"https:\/\/abrelivros.org.br\/site\/apos-novo-recuo-mec-autoriza-aulas-remotas-no-pais-enquanto-durar-a-pandemia\/\"]}]},{\"@type\":\"BreadcrumbList\",\"@id\":\"https:\/\/abrelivros.org.br\/site\/apos-novo-recuo-mec-autoriza-aulas-remotas-no-pais-enquanto-durar-a-pandemia\/#breadcrumb\",\"itemListElement\":[{\"@type\":\"ListItem\",\"position\":1,\"item\":{\"@type\":\"WebPage\",\"@id\":\"https:\/\/abrelivros.org.br\/site\/\",\"url\":\"https:\/\/abrelivros.org.br\/site\/\",\"name\":\"In\\u00edcio\"}},{\"@type\":\"ListItem\",\"position\":2,\"item\":{\"@type\":\"WebPage\",\"@id\":\"https:\/\/abrelivros.org.br\/site\/category\/noticias\/\",\"url\":\"https:\/\/abrelivros.org.br\/site\/category\/noticias\/\",\"name\":\"Not\\u00edcias\"}},{\"@type\":\"ListItem\",\"position\":3,\"item\":{\"@type\":\"WebPage\",\"@id\":\"https:\/\/abrelivros.org.br\/site\/category\/noticias\/noticias-da-imprensa\/\",\"url\":\"https:\/\/abrelivros.org.br\/site\/category\/noticias\/noticias-da-imprensa\/\",\"name\":\"Not\\u00edcias da imprensa\"}},{\"@type\":\"ListItem\",\"position\":4,\"item\":{\"@type\":\"WebPage\",\"@id\":\"https:\/\/abrelivros.org.br\/site\/apos-novo-recuo-mec-autoriza-aulas-remotas-no-pais-enquanto-durar-a-pandemia\/\",\"url\":\"https:\/\/abrelivros.org.br\/site\/apos-novo-recuo-mec-autoriza-aulas-remotas-no-pais-enquanto-durar-a-pandemia\/\",\"name\":\"Ap\\u00f3s novo recuo, MEC autoriza aulas remotas no pa\\u00eds enquanto durar a pandemia\"}}]},{\"@type\":\"Person\",\"@id\":\"https:\/\/abrelivros.org.br\/site\/#\/schema\/person\/65db80e26409802ce15ac5feec6a15fd\",\"name\":\"Reda\\u00e7\\u00e3o Abrelivros\",\"image\":{\"@type\":\"ImageObject\",\"@id\":\"https:\/\/abrelivros.org.br\/site\/#personlogo\",\"inLanguage\":\"pt-BR\",\"url\":\"https:\/\/secure.gravatar.com\/avatar\/c4e57f9c7e3482965bd428192061218520756c39080b1d1820b679fa5e9af192?s=96&d=mm&r=g\",\"caption\":\"Reda\\u00e7\\u00e3o Abrelivros\"}}]}<\/script>\n<!-- \/ Yoast SEO plugin. -->","_links":{"self":[{"href":"https:\/\/abrelivros.org.br\/site\/wp-json\/wp\/v2\/posts\/12755","targetHints":{"allow":["GET"]}}],"collection":[{"href":"https:\/\/abrelivros.org.br\/site\/wp-json\/wp\/v2\/posts"}],"about":[{"href":"https:\/\/abrelivros.org.br\/site\/wp-json\/wp\/v2\/types\/post"}],"author":[{"embeddable":true,"href":"https:\/\/abrelivros.org.br\/site\/wp-json\/wp\/v2\/users\/4"}],"replies":[{"embeddable":true,"href":"https:\/\/abrelivros.org.br\/site\/wp-json\/wp\/v2\/comments?post=12755"}],"version-history":[{"count":1,"href":"https:\/\/abrelivros.org.br\/site\/wp-json\/wp\/v2\/posts\/12755\/revisions"}],"predecessor-version":[{"id":12756,"href":"https:\/\/abrelivros.org.br\/site\/wp-json\/wp\/v2\/posts\/12755\/revisions\/12756"}],"wp:attachment":[{"href":"https:\/\/abrelivros.org.br\/site\/wp-json\/wp\/v2\/media?parent=12755"}],"wp:term":[{"taxonomy":"category","embeddable":true,"href":"https:\/\/abrelivros.org.br\/site\/wp-json\/wp\/v2\/categories?post=12755"},{"taxonomy":"post_tag","embeddable":true,"href":"https:\/\/abrelivros.org.br\/site\/wp-json\/wp\/v2\/tags?post=12755"}],"curies":[{"name":"wp","href":"https:\/\/api.w.org\/{rel}","templated":true}]}}