{"id":12751,"date":"2020-12-10T14:32:41","date_gmt":"2020-12-10T17:32:41","guid":{"rendered":"https:\/\/abrelivros.org.br\/site\/?p=12751"},"modified":"2020-12-10T14:32:41","modified_gmt":"2020-12-10T17:32:41","slug":"431-municipios-do-semiarido-e-da-amazonia-legal-brasileira-recebem-o-selo-unicef-por-avancos-em-educacao-saude-e-protecao-da-crianca-e-do-adolescente","status":"publish","type":"post","link":"https:\/\/abrelivros.org.br\/site\/431-municipios-do-semiarido-e-da-amazonia-legal-brasileira-recebem-o-selo-unicef-por-avancos-em-educacao-saude-e-protecao-da-crianca-e-do-adolescente\/","title":{"rendered":"431 munic\u00edpios do Semi\u00e1rido e da Amaz\u00f4nia Legal brasileira recebem o Selo Unicef por avan\u00e7os em educa\u00e7\u00e3o, sa\u00fade e prote\u00e7\u00e3o da crian\u00e7a e do adolescente"},"content":{"rendered":"<p>Mais crian\u00e7as na escola, aprendendo; mais mulheres com acesso a pr\u00e9-natal; mais meninas e meninos com registro de nascimento; mais adolescentes participando ativamente das pol\u00edticas p\u00fablicas que impactam sua vida. Essas s\u00e3o algumas das conquistas dos 1.924 munic\u00edpios de 18 estados do Semi\u00e1rido e da Amaz\u00f4nia Legal brasileira que participaram da edi\u00e7\u00e3o 2017-2020 do Selo UNICEF. Entre eles, 431 conseguiram alcan\u00e7ar os resultados propostos pelo UNICEF para que as crian\u00e7as e os adolescentes pudessem acessar seus direitos, e receberam, nesta ter\u00e7a-feira, o Selo UNICEF.<!--more--><\/p>\n<p>Esses 431 munic\u00edpios tiveram avan\u00e7os maiores do que os demais em suas regi\u00f5es em indicadores de sa\u00fade, educa\u00e7\u00e3o e assist\u00eancia social. \u201cEles comprovaram melhoras significativas nas pol\u00edticas p\u00fablicas para que mais meninas e meninos pudessem estar na escola na idade certa, ser alcan\u00e7ados pelos servi\u00e7os de sa\u00fade, nutri\u00e7\u00e3o, vacina\u00e7\u00e3o, e ser protegidos contra a viol\u00eancia\u201d, diz Florence Bauer, representante do UNICEF no Brasil.<\/p>\n<p>\u201cO resultado maior n\u00e3o \u00e9 a certifica\u00e7\u00e3o em si, mas os impactos positivos na vida de crian\u00e7as e adolescentes\u201d, explica Florence. \u201cCom o apoio do UNICEF, esses munic\u00edpios se superaram. Isso \u00e9 a prova de que fortalecer a gest\u00e3o p\u00fablica, com foco na inf\u00e2ncia e na adolesc\u00eancia, \u00e9 o melhor investimento no desenvolvimento, particularmente em um pa\u00eds como o Brasil, com tantas desigualdades\u201d, complementa.<\/p>\n<p>Em todos os munic\u00edpios que participaram foi poss\u00edvel identificar avan\u00e7os nas pol\u00edticas p\u00fablicas para crian\u00e7as e adolescentes. \u201cO importante \u00e9 o compromisso que esses munic\u00edpios assumem em melhorar o que fazem pelas meninas e pelos meninos. Estes resultados s\u00e3o a prova disso. O Selo UNICEF \u00e9 uma estrat\u00e9gia para apoiar tecnicamente esses munic\u00edpios para que eles realizem o que \u00e9 dever municipal. Quem participa melhora porque trabalha para isso\u201d, diz Florence.<\/p>\n<p>O an\u00fancio dos 431 munic\u00edpios que receberam o Selo UNICEF aconteceu nesta ter\u00e7a-feira, 8 de dezembro. O evento foi transmitido ao vivo nos canais do UNICEF Brasil no YouTube e Facebook, pela TVC do Cear\u00e1, e tamb\u00e9m em uma parceria do UNICEF com o TikTok, a principal plataforma de v\u00eddeos curtos para dispositivos m\u00f3veis do Brasil e do mundo. O programa segue dispon\u00edvel no YouTube: <a href=\"http:\/\/youtube.com\/watch?v=U3G_eRLCQ3I\" target=\"_blank\" rel=\"noopener noreferrer\">bit.ly\/EncerramentoSeloUNICEF<\/a>.<\/p>\n<p>Confira, a seguir, os principais resultados alcan\u00e7ados.<\/p>\n<p><strong>Direito a educa\u00e7\u00e3o<\/strong><\/p>\n<p>Estar na escola, aprendendo, \u00e9 essencial para meninas e meninos. Nesses quatro anos, 90% (1.735) dos munic\u00edpios que participaram do Selo UNICEF implementaram a estrat\u00e9gia Busca Ativa Escolar, indo atr\u00e1s de cada crian\u00e7a, cada adolescente que estava fora da escola e tomando as medidas necess\u00e1rias para a rematr\u00edcula e a aprendizagem.<\/p>\n<p>Al\u00e9m disso, 573 munic\u00edpios realizaram a\u00e7\u00f5es para diminuir o n\u00famero de crian\u00e7as e adolescentes com dois ou mais anos de atraso escolar. E 683 capacitaram professores sobre inclus\u00e3o de crian\u00e7as com defici\u00eancia por meio de educa\u00e7\u00e3o f\u00edsica.<\/p>\n<p>Como resultado, eles avan\u00e7aram mais do que a m\u00e9dia do Pa\u00eds. No Brasil, entre 2016 e 2019, o percentual de estudantes dos anos finais do ensino fundamental p\u00fablico com dois ou mais anos de atraso escolar caiu 10,7%. Nos munic\u00edpios da Amaz\u00f4nia e do Semi\u00e1rido, a queda foi de 11,9%. J\u00e1 nos munic\u00edpios que participaram do Selo UNICEF, a redu\u00e7\u00e3o foi maior: 12,5%. E nos munic\u00edpios que foram certificados com o Selo UNICEF, foi maior ainda: 15%.<\/p>\n<p>\u201cAo fortalecer uma s\u00e9rie de pol\u00edticas focadas no direito a educa\u00e7\u00e3o, esses munic\u00edpios conseguiram fazer uma diferen\u00e7a enorme na vida dos estudantes. Estar na escola \u00e9 uma forma eficaz de proteger meninas e meninos contra diferentes formas de viol\u00eancia, o trabalho infantil e outras viola\u00e7\u00f5es de direitos\u201d, explica Anyoli Sanabria, coordenadora do UNICEF para a Amaz\u00f4nia.<\/p>\n<p><a href=\"http:\/\/www.selounicef.org.br\/URL-aleatoria-pra-nao-ser-indexado-antes-da-hora-bv-1Dec2020\" target=\"_blank\" rel=\"noopener noreferrer\">Conhe\u00e7a, aqui, as principais a\u00e7\u00f5es realizadas pelos munic\u00edpios para garantir o direito a educa\u00e7\u00e3o<\/a><\/p>\n<p><strong>Direito a sa\u00fade<\/strong><\/p>\n<p>Os munic\u00edpios investiram na aten\u00e7\u00e3o b\u00e1sica, em especial no atendimento pr\u00e9-natal e primeiros meses de vida, na vacina\u00e7\u00e3o e na preven\u00e7\u00e3o de doen\u00e7as. Entre os munic\u00edpios participantes desta edi\u00e7\u00e3o do Selo UNICEF, 581 ofereceram capacita\u00e7\u00e3o sobre pr\u00e9-natal, parto e p\u00f3s-parto \u00e0s equipes da rede p\u00fablica de sa\u00fade.<\/p>\n<p>De 2016 a 2018 (\u00faltimo dado dispon\u00edvel), o percentual de mulheres com acesso adequado ao pr\u00e9-natal (sete consultas ou mais) no Brasil cresceu 4,6%. J\u00e1 nos munic\u00edpios certificados com o Selo UNICEF o aumento foi de 7,5%.<\/p>\n<p>\u201cTer acesso a sete consultas de pr\u00e9-natal, al\u00e9m de ser um direito da mulher, \u00e9 fundamental para que o beb\u00ea nas\u00e7a com sa\u00fade. Ao ampliar o acesso ao pr\u00e9-natal, os munic\u00edpios certificados com o Selo UNICEF colocam os cuidados com a primeira inf\u00e2ncia em destaque e contribuem para que crian\u00e7as cres\u00e7am com sa\u00fade\u201d, afirma Anyoli Sanabria.<\/p>\n<p><a href=\"http:\/\/www.selounicef.org.br\/resultados-tematicos-saude\" target=\"_blank\" rel=\"noopener noreferrer\">Conhe\u00e7a, aqui, as principais a\u00e7\u00f5es realizadas pelos munic\u00edpios na \u00e1rea de sa\u00fade.<\/a><\/p>\n<p><strong>Direito a prote\u00e7\u00e3o contra viol\u00eancia<\/strong><\/p>\n<p>Os munic\u00edpios que participam do Selo UNICEF se comprometeram a fortalecer a rede de prote\u00e7\u00e3o. Isso envolve melhorar o atendimento \u00e0s fam\u00edlias e desenvolver estrat\u00e9gias espec\u00edficas para alcan\u00e7ar meninas e meninos expostos a diferentes formas de viol\u00eancia. Entre outras a\u00e7\u00f5es, 620 munic\u00edpios realizaram forma\u00e7\u00e3o para conselheiros tutelares, e 404 realizaram busca ativa de crian\u00e7as sem registro de nascimento.<\/p>\n<p>O acesso de crian\u00e7as ao registro de nascimento \u2013 a porta de entrada para todos os direitos \u2013 aumentou mais do que a m\u00e9dia nacional. De 2016 a 2018 (\u00faltimo dado dispon\u00edvel), enquanto, na m\u00e9dia brasileira, o acesso a esse registro cresceu 0,62%, nos munic\u00edpios certificados com o Selo UNICEF, o aumento foi de 0,84%.<\/p>\n<p>\u201cO registro de nascimento \u00e9 fundamental para que a crian\u00e7a \u2018exista\u2019 para as pol\u00edticas p\u00fablicas. Sem ele, meninas e meninos ficam invis\u00edveis e mais expostos a diversas nega\u00e7\u00f5es de direitos e viol\u00eancias. Ao garantir que crian\u00e7as sejam registradas no primeiro ano de vida, os munic\u00edpios certificados com o Selo UNICEF efetivam um direito fundamental\u201d, diz Dennis Larsen, coordenador do UNICEF para o Semi\u00e1rido.<\/p>\n<p><a href=\"http:\/\/www.selounicef.org.br\/resultados-tematicos-protecao\" target=\"_blank\" rel=\"noopener noreferrer\">Conhe\u00e7a, aqui, as principais a\u00e7\u00f5es realizadas pelos munic\u00edpios para apoiar as fam\u00edlias e proteger meninas e meninos contra a viol\u00eancia.<\/a><\/p>\n<p><strong>Direito a participa\u00e7\u00e3o social<\/strong><\/p>\n<p>Todas as melhorias nas pol\u00edticas p\u00fablicas e os consequentes resultados citados acima foram alcan\u00e7ados com ampla participa\u00e7\u00e3o dos pr\u00f3prios adolescentes. Em cada munic\u00edpio que participou do Selo UNICEF foram criados N\u00facleos de Cidadania de Adolescentes (NUCAs) \u2013 tamb\u00e9m chamados de Juventudes Unidas pela Vida na Amaz\u00f4nia (JUVAs), no territ\u00f3rio amaz\u00f4nico. Compostos por, no m\u00ednimo, 16 adolescentes, esses grupos participaram ativamente, nos \u00faltimos quatro anos, das discuss\u00f5es e decis\u00f5es de pol\u00edticas p\u00fablicas voltadas \u00e0 inf\u00e2ncia e \u00e0 adolesc\u00eancia nos munic\u00edpios em que vivem. No total, 30 mil adolescentes exerceram seu direito a participa\u00e7\u00e3o nos munic\u00edpios que participaram do Selo UNICEF.<\/p>\n<p>\u201cO envolvimento dos adolescentes foi muito importante para alcan\u00e7ar as metas do Selo UNICEF. Eles contribu\u00edram com ideias e muita energia, sendo um fator crucial de mobiliza\u00e7\u00e3o nos seus munic\u00edpios. Temos aqui um grupo consider\u00e1vel de jovens engajados no desenvolvimento dos seus munic\u00edpios, o que vai ter um efeito positivo em toda a regi\u00e3o\u201d, diz Dennis.<\/p>\n<p><strong>Confira a rela\u00e7\u00e3o dos 431 munic\u00edpios que receberam o Selo UNICEF \u2013 Edi\u00e7\u00e3o 2017-2020:<\/strong> <a href=\"http:\/\/www.selounicef.org.br\/resultados-geral-municipios-certificados\" target=\"_blank\" rel=\"noopener noreferrer\">selounicef.org.br<\/a><\/p>\n<p><strong>Acesse o painel com os principais indicadores de cada estado:<\/strong> <a href=\"http:\/\/www.selounicef.org.br\/resultados-geral-municipios-certificados\" target=\"_blank\" rel=\"noopener noreferrer\">selounicef.org.br\/resultados<\/a><\/p>\n<p><strong>Sobre o Selo UNICEF<\/strong><\/p>\n<p>O Selo UNICEF \u00e9 uma iniciativa do UNICEF para estimular e reconhecer avan\u00e7os na promo\u00e7\u00e3o, realiza\u00e7\u00e3o e garantia dos direitos de crian\u00e7as e adolescentes em munic\u00edpios do Semi\u00e1rido e da Amaz\u00f4nia Legal brasileira. A metodologia inclui o monitoramento de indicadores sociais e a implementa\u00e7\u00e3o de a\u00e7\u00f5es que ajudem o munic\u00edpio a cumprir a Conven\u00e7\u00e3o sobre os Direitos da Crian\u00e7a, que no Brasil \u00e9 refletida no Estatuto da Crian\u00e7a e do Adolescente (ECA).<\/p>\n<p>A Edi\u00e7\u00e3o 2017-2020 do Selo UNICEF contou com a ades\u00e3o espont\u00e2nea de 1.924 munic\u00edpios de 18 estados da Amaz\u00f4nia Legal brasileira e do Semi\u00e1rido, que se comprometeram a priorizar crian\u00e7as e adolescentes nas pol\u00edticas p\u00fablicas, com metas e indicadores claros. Ao longo desses quatro anos, o UNICEF acompanhou os munic\u00edpios, capacitou gestores p\u00fablicos e forneceu apoio t\u00e9cnico para a formula\u00e7\u00e3o e fortalecimento de pol\u00edticas p\u00fablicas, a partir de uma metodologia baseada nas prioridades do UNICEF para o Brasil: alcan\u00e7ar crian\u00e7as e adolescentes exclu\u00eddos, melhorar a qualidade das pol\u00edticas p\u00fablicas existentes para crian\u00e7as e adolescentes, prevenir e enfrentar as formas extremas de viol\u00eancia contra meninas e meninos e promover a participa\u00e7\u00e3o da comunidade, especialmente de adolescentes.<\/p>\n<p>O apoio t\u00e9cnico do UNICEF aos munic\u00edpios \u00e9 feito por meio da Associa\u00e7\u00e3o para o Desenvolvimento dos Munic\u00edpios do Cear\u00e1 (APDMCE), Associa\u00e7\u00e3o de Defesa da Sa\u00fade Sexual, Sa\u00fade Reprodutiva, Educa\u00e7\u00e3o e Cidadania (Asserte), Centro Dom Jos\u00e9 Brand\u00e3o de Castro (CDJBC) e Instituto Peabiru.<\/p>\n<p>Alcan\u00e7ar 1.924 munic\u00edpios que participaram do Selo UNICEF s\u00f3 foi poss\u00edvel gra\u00e7as ao apoio de milhares de doadores individuais e de parceiros corporativos como Instituto Claro, Funda\u00e7\u00e3o Ita\u00fa Social, Enel, Coelba, Cosern, Celpe, BNDES, RGE, Energisa e Equatorial Energia.<\/p>\n","protected":false},"excerpt":{"rendered":"<p>Mais crian\u00e7as na escola, aprendendo; mais mulheres com acesso a pr\u00e9-natal; mais meninas e meninos com registro de nascimento; mais adolescentes participando ativamente das pol\u00edticas p\u00fablicas que impactam sua vida. Essas s\u00e3o algumas das conquistas dos 1.924 munic\u00edpios de 18 estados do Semi\u00e1rido e da Amaz\u00f4nia Legal brasileira que participaram da edi\u00e7\u00e3o 2017-2020 do Selo [&hellip;]<\/p>\n","protected":false},"author":4,"featured_media":0,"comment_status":"closed","ping_status":"closed","sticky":false,"template":"","format":"standard","meta":{"footnotes":"","_links_to":"","_links_to_target":""},"categories":[9],"tags":[],"class_list":["post-12751","post","type-post","status-publish","format-standard","hentry","category-noticias-da-imprensa"],"yoast_head":"<!-- This site is optimized with the Yoast SEO plugin v15.1 - https:\/\/yoast.com\/wordpress\/plugins\/seo\/ -->\n<title>431 munic\u00edpios do Semi\u00e1rido e da Amaz\u00f4nia Legal brasileira recebem o Selo Unicef por avan\u00e7os em educa\u00e7\u00e3o, sa\u00fade e prote\u00e7\u00e3o da crian\u00e7a e do adolescente &raquo; Abrelivros<\/title>\n<meta name=\"robots\" content=\"index, follow, max-snippet:-1, max-image-preview:large, max-video-preview:-1\" \/>\n<link rel=\"canonical\" href=\"https:\/\/abrelivros.org.br\/site\/431-municipios-do-semiarido-e-da-amazonia-legal-brasileira-recebem-o-selo-unicef-por-avancos-em-educacao-saude-e-protecao-da-crianca-e-do-adolescente\/\" \/>\n<meta property=\"og:locale\" content=\"pt_BR\" \/>\n<meta property=\"og:type\" content=\"article\" \/>\n<meta property=\"og:title\" content=\"431 munic\u00edpios do Semi\u00e1rido e da Amaz\u00f4nia Legal brasileira recebem o Selo Unicef por avan\u00e7os em educa\u00e7\u00e3o, sa\u00fade e prote\u00e7\u00e3o da crian\u00e7a e do adolescente &raquo; Abrelivros\" \/>\n<meta property=\"og:description\" content=\"Mais crian\u00e7as na escola, aprendendo; mais mulheres com acesso a pr\u00e9-natal; mais meninas e meninos com registro de nascimento; mais adolescentes participando ativamente das pol\u00edticas p\u00fablicas que impactam sua vida. Essas s\u00e3o algumas das conquistas dos 1.924 munic\u00edpios de 18 estados do Semi\u00e1rido e da Amaz\u00f4nia Legal brasileira que participaram da edi\u00e7\u00e3o 2017-2020 do Selo [&hellip;]\" \/>\n<meta property=\"og:url\" content=\"https:\/\/abrelivros.org.br\/site\/431-municipios-do-semiarido-e-da-amazonia-legal-brasileira-recebem-o-selo-unicef-por-avancos-em-educacao-saude-e-protecao-da-crianca-e-do-adolescente\/\" \/>\n<meta property=\"og:site_name\" content=\"Abrelivros\" \/>\n<meta property=\"article:published_time\" content=\"2020-12-10T17:32:41+00:00\" \/>\n<meta name=\"twitter:card\" content=\"summary_large_image\" \/>\n<script type=\"application\/ld+json\" class=\"yoast-schema-graph\">{\"@context\":\"https:\/\/schema.org\",\"@graph\":[{\"@type\":\"WebSite\",\"@id\":\"https:\/\/abrelivros.org.br\/site\/#website\",\"url\":\"https:\/\/abrelivros.org.br\/site\/\",\"name\":\"Abrelivros\",\"description\":\"\",\"potentialAction\":[{\"@type\":\"SearchAction\",\"target\":\"https:\/\/abrelivros.org.br\/site\/?s={search_term_string}\",\"query-input\":\"required name=search_term_string\"}],\"inLanguage\":\"pt-BR\"},{\"@type\":\"WebPage\",\"@id\":\"https:\/\/abrelivros.org.br\/site\/431-municipios-do-semiarido-e-da-amazonia-legal-brasileira-recebem-o-selo-unicef-por-avancos-em-educacao-saude-e-protecao-da-crianca-e-do-adolescente\/#webpage\",\"url\":\"https:\/\/abrelivros.org.br\/site\/431-municipios-do-semiarido-e-da-amazonia-legal-brasileira-recebem-o-selo-unicef-por-avancos-em-educacao-saude-e-protecao-da-crianca-e-do-adolescente\/\",\"name\":\"431 munic\\u00edpios do Semi\\u00e1rido e da Amaz\\u00f4nia Legal brasileira recebem o Selo Unicef por avan\\u00e7os em educa\\u00e7\\u00e3o, sa\\u00fade e prote\\u00e7\\u00e3o da crian\\u00e7a e do adolescente &raquo; Abrelivros\",\"isPartOf\":{\"@id\":\"https:\/\/abrelivros.org.br\/site\/#website\"},\"datePublished\":\"2020-12-10T17:32:41+00:00\",\"dateModified\":\"2020-12-10T17:32:41+00:00\",\"author\":{\"@id\":\"https:\/\/abrelivros.org.br\/site\/#\/schema\/person\/65db80e26409802ce15ac5feec6a15fd\"},\"breadcrumb\":{\"@id\":\"https:\/\/abrelivros.org.br\/site\/431-municipios-do-semiarido-e-da-amazonia-legal-brasileira-recebem-o-selo-unicef-por-avancos-em-educacao-saude-e-protecao-da-crianca-e-do-adolescente\/#breadcrumb\"},\"inLanguage\":\"pt-BR\",\"potentialAction\":[{\"@type\":\"ReadAction\",\"target\":[\"https:\/\/abrelivros.org.br\/site\/431-municipios-do-semiarido-e-da-amazonia-legal-brasileira-recebem-o-selo-unicef-por-avancos-em-educacao-saude-e-protecao-da-crianca-e-do-adolescente\/\"]}]},{\"@type\":\"BreadcrumbList\",\"@id\":\"https:\/\/abrelivros.org.br\/site\/431-municipios-do-semiarido-e-da-amazonia-legal-brasileira-recebem-o-selo-unicef-por-avancos-em-educacao-saude-e-protecao-da-crianca-e-do-adolescente\/#breadcrumb\",\"itemListElement\":[{\"@type\":\"ListItem\",\"position\":1,\"item\":{\"@type\":\"WebPage\",\"@id\":\"https:\/\/abrelivros.org.br\/site\/\",\"url\":\"https:\/\/abrelivros.org.br\/site\/\",\"name\":\"In\\u00edcio\"}},{\"@type\":\"ListItem\",\"position\":2,\"item\":{\"@type\":\"WebPage\",\"@id\":\"https:\/\/abrelivros.org.br\/site\/category\/noticias\/\",\"url\":\"https:\/\/abrelivros.org.br\/site\/category\/noticias\/\",\"name\":\"Not\\u00edcias\"}},{\"@type\":\"ListItem\",\"position\":3,\"item\":{\"@type\":\"WebPage\",\"@id\":\"https:\/\/abrelivros.org.br\/site\/category\/noticias\/noticias-da-imprensa\/\",\"url\":\"https:\/\/abrelivros.org.br\/site\/category\/noticias\/noticias-da-imprensa\/\",\"name\":\"Not\\u00edcias da imprensa\"}},{\"@type\":\"ListItem\",\"position\":4,\"item\":{\"@type\":\"WebPage\",\"@id\":\"https:\/\/abrelivros.org.br\/site\/431-municipios-do-semiarido-e-da-amazonia-legal-brasileira-recebem-o-selo-unicef-por-avancos-em-educacao-saude-e-protecao-da-crianca-e-do-adolescente\/\",\"url\":\"https:\/\/abrelivros.org.br\/site\/431-municipios-do-semiarido-e-da-amazonia-legal-brasileira-recebem-o-selo-unicef-por-avancos-em-educacao-saude-e-protecao-da-crianca-e-do-adolescente\/\",\"name\":\"431 munic\\u00edpios do Semi\\u00e1rido e da Amaz\\u00f4nia Legal brasileira recebem o Selo Unicef por avan\\u00e7os em educa\\u00e7\\u00e3o, sa\\u00fade e prote\\u00e7\\u00e3o da crian\\u00e7a e do adolescente\"}}]},{\"@type\":\"Person\",\"@id\":\"https:\/\/abrelivros.org.br\/site\/#\/schema\/person\/65db80e26409802ce15ac5feec6a15fd\",\"name\":\"Reda\\u00e7\\u00e3o Abrelivros\",\"image\":{\"@type\":\"ImageObject\",\"@id\":\"https:\/\/abrelivros.org.br\/site\/#personlogo\",\"inLanguage\":\"pt-BR\",\"url\":\"https:\/\/secure.gravatar.com\/avatar\/c4e57f9c7e3482965bd428192061218520756c39080b1d1820b679fa5e9af192?s=96&d=mm&r=g\",\"caption\":\"Reda\\u00e7\\u00e3o Abrelivros\"}}]}<\/script>\n<!-- \/ Yoast SEO plugin. -->","_links":{"self":[{"href":"https:\/\/abrelivros.org.br\/site\/wp-json\/wp\/v2\/posts\/12751","targetHints":{"allow":["GET"]}}],"collection":[{"href":"https:\/\/abrelivros.org.br\/site\/wp-json\/wp\/v2\/posts"}],"about":[{"href":"https:\/\/abrelivros.org.br\/site\/wp-json\/wp\/v2\/types\/post"}],"author":[{"embeddable":true,"href":"https:\/\/abrelivros.org.br\/site\/wp-json\/wp\/v2\/users\/4"}],"replies":[{"embeddable":true,"href":"https:\/\/abrelivros.org.br\/site\/wp-json\/wp\/v2\/comments?post=12751"}],"version-history":[{"count":1,"href":"https:\/\/abrelivros.org.br\/site\/wp-json\/wp\/v2\/posts\/12751\/revisions"}],"predecessor-version":[{"id":12752,"href":"https:\/\/abrelivros.org.br\/site\/wp-json\/wp\/v2\/posts\/12751\/revisions\/12752"}],"wp:attachment":[{"href":"https:\/\/abrelivros.org.br\/site\/wp-json\/wp\/v2\/media?parent=12751"}],"wp:term":[{"taxonomy":"category","embeddable":true,"href":"https:\/\/abrelivros.org.br\/site\/wp-json\/wp\/v2\/categories?post=12751"},{"taxonomy":"post_tag","embeddable":true,"href":"https:\/\/abrelivros.org.br\/site\/wp-json\/wp\/v2\/tags?post=12751"}],"curies":[{"name":"wp","href":"https:\/\/api.w.org\/{rel}","templated":true}]}}