{"id":12746,"date":"2020-12-09T14:31:18","date_gmt":"2020-12-09T17:31:18","guid":{"rendered":"https:\/\/abrelivros.org.br\/site\/?p=12746"},"modified":"2020-12-09T14:31:18","modified_gmt":"2020-12-09T17:31:18","slug":"encontro-tecnico-estadual-do-pnld-chega-ao-piaui","status":"publish","type":"post","link":"https:\/\/abrelivros.org.br\/site\/encontro-tecnico-estadual-do-pnld-chega-ao-piaui\/","title":{"rendered":"Encontro T\u00e9cnico Estadual do PNLD chega ao Piau\u00ed"},"content":{"rendered":"<p>Dando continuidade \u00e0s a\u00e7\u00f5es de capacita\u00e7\u00e3o de profissionais envolvidos na execu\u00e7\u00e3o do Programa Nacional do Livro e do Material Did\u00e1tico (PNLD), o Fundo Nacional de Desenvolvimento da Educa\u00e7\u00e3o (FNDE) promove na pr\u00f3xima quinta-feira, dia 10, mais uma edi\u00e7\u00e3o do Encontro T\u00e9cnico Estadual, desta vez para t\u00e9cnicos de educa\u00e7\u00e3o do Piau\u00ed.<!--more--><\/p>\n<p>Com palestras, troca de informa\u00e7\u00f5es e debates para melhorias na gest\u00e3o do PNLD, o evento on-line j\u00e1 passou por outros cinco estados: Maranh\u00e3o, Rio de Janeiro, Minas Gerais, Cear\u00e1 e Bahia. A proposta \u00e9 fortalecer parcerias e a integra\u00e7\u00e3o entre os gestores das redes de ensino e os t\u00e9cnicos envolvidos na implementa\u00e7\u00e3o do programa.<\/p>\n<p>Al\u00e9m de participantes do Piau\u00ed, o encontro virtual contar\u00e1 tamb\u00e9m com a presen\u00e7a de profissionais dos Correios, respons\u00e1veis por entregar os materiais did\u00e1ticos nas escolas p\u00fablicas, para tratar dos necess\u00e1rios protocolos de seguran\u00e7a neste momento de pandemia.<\/p>\n<p>O evento ocorrer\u00e1 por meio da plataforma RNP, para t\u00e9cnicos indicados e inscritos pelas secretarias estaduais e municipais do Piau\u00ed.<\/p>\n","protected":false},"excerpt":{"rendered":"<p>Dando continuidade \u00e0s a\u00e7\u00f5es de capacita\u00e7\u00e3o de profissionais envolvidos na execu\u00e7\u00e3o do Programa Nacional do Livro e do Material Did\u00e1tico (PNLD), o Fundo Nacional de Desenvolvimento da Educa\u00e7\u00e3o (FNDE) promove na pr\u00f3xima quinta-feira, dia 10, mais uma edi\u00e7\u00e3o do Encontro T\u00e9cnico Estadual, desta vez para t\u00e9cnicos de educa\u00e7\u00e3o do Piau\u00ed.<\/p>\n","protected":false},"author":4,"featured_media":0,"comment_status":"closed","ping_status":"closed","sticky":false,"template":"","format":"standard","meta":{"footnotes":"","_links_to":"","_links_to_target":""},"categories":[9,10],"tags":[],"class_list":["post-12746","post","type-post","status-publish","format-standard","hentry","category-noticias-da-imprensa","category-pnld-programa-nacional-do-livro-e-do-material-didatico"],"yoast_head":"<!-- This site is optimized with the Yoast SEO plugin v15.1 - https:\/\/yoast.com\/wordpress\/plugins\/seo\/ -->\n<title>Encontro T\u00e9cnico Estadual do PNLD chega ao Piau\u00ed &raquo; Abrelivros<\/title>\n<meta name=\"robots\" content=\"index, follow, max-snippet:-1, max-image-preview:large, max-video-preview:-1\" \/>\n<link rel=\"canonical\" href=\"https:\/\/abrelivros.org.br\/site\/encontro-tecnico-estadual-do-pnld-chega-ao-piaui\/\" \/>\n<meta property=\"og:locale\" content=\"pt_BR\" \/>\n<meta property=\"og:type\" content=\"article\" \/>\n<meta property=\"og:title\" content=\"Encontro T\u00e9cnico Estadual do PNLD chega ao Piau\u00ed &raquo; Abrelivros\" \/>\n<meta property=\"og:description\" content=\"Dando continuidade \u00e0s a\u00e7\u00f5es de capacita\u00e7\u00e3o de profissionais envolvidos na execu\u00e7\u00e3o do Programa Nacional do Livro e do Material Did\u00e1tico (PNLD), o Fundo Nacional de Desenvolvimento da Educa\u00e7\u00e3o (FNDE) promove na pr\u00f3xima quinta-feira, dia 10, mais uma edi\u00e7\u00e3o do Encontro T\u00e9cnico Estadual, desta vez para t\u00e9cnicos de educa\u00e7\u00e3o do Piau\u00ed.\" \/>\n<meta property=\"og:url\" content=\"https:\/\/abrelivros.org.br\/site\/encontro-tecnico-estadual-do-pnld-chega-ao-piaui\/\" \/>\n<meta property=\"og:site_name\" content=\"Abrelivros\" \/>\n<meta property=\"article:published_time\" content=\"2020-12-09T17:31:18+00:00\" \/>\n<meta name=\"twitter:card\" content=\"summary_large_image\" \/>\n<script type=\"application\/ld+json\" class=\"yoast-schema-graph\">{\"@context\":\"https:\/\/schema.org\",\"@graph\":[{\"@type\":\"WebSite\",\"@id\":\"https:\/\/abrelivros.org.br\/site\/#website\",\"url\":\"https:\/\/abrelivros.org.br\/site\/\",\"name\":\"Abrelivros\",\"description\":\"\",\"potentialAction\":[{\"@type\":\"SearchAction\",\"target\":\"https:\/\/abrelivros.org.br\/site\/?s={search_term_string}\",\"query-input\":\"required name=search_term_string\"}],\"inLanguage\":\"pt-BR\"},{\"@type\":\"WebPage\",\"@id\":\"https:\/\/abrelivros.org.br\/site\/encontro-tecnico-estadual-do-pnld-chega-ao-piaui\/#webpage\",\"url\":\"https:\/\/abrelivros.org.br\/site\/encontro-tecnico-estadual-do-pnld-chega-ao-piaui\/\",\"name\":\"Encontro T\\u00e9cnico Estadual do PNLD chega ao Piau\\u00ed &raquo; Abrelivros\",\"isPartOf\":{\"@id\":\"https:\/\/abrelivros.org.br\/site\/#website\"},\"datePublished\":\"2020-12-09T17:31:18+00:00\",\"dateModified\":\"2020-12-09T17:31:18+00:00\",\"author\":{\"@id\":\"https:\/\/abrelivros.org.br\/site\/#\/schema\/person\/65db80e26409802ce15ac5feec6a15fd\"},\"breadcrumb\":{\"@id\":\"https:\/\/abrelivros.org.br\/site\/encontro-tecnico-estadual-do-pnld-chega-ao-piaui\/#breadcrumb\"},\"inLanguage\":\"pt-BR\",\"potentialAction\":[{\"@type\":\"ReadAction\",\"target\":[\"https:\/\/abrelivros.org.br\/site\/encontro-tecnico-estadual-do-pnld-chega-ao-piaui\/\"]}]},{\"@type\":\"BreadcrumbList\",\"@id\":\"https:\/\/abrelivros.org.br\/site\/encontro-tecnico-estadual-do-pnld-chega-ao-piaui\/#breadcrumb\",\"itemListElement\":[{\"@type\":\"ListItem\",\"position\":1,\"item\":{\"@type\":\"WebPage\",\"@id\":\"https:\/\/abrelivros.org.br\/site\/\",\"url\":\"https:\/\/abrelivros.org.br\/site\/\",\"name\":\"In\\u00edcio\"}},{\"@type\":\"ListItem\",\"position\":2,\"item\":{\"@type\":\"WebPage\",\"@id\":\"https:\/\/abrelivros.org.br\/site\/category\/noticias\/\",\"url\":\"https:\/\/abrelivros.org.br\/site\/category\/noticias\/\",\"name\":\"Not\\u00edcias\"}},{\"@type\":\"ListItem\",\"position\":3,\"item\":{\"@type\":\"WebPage\",\"@id\":\"https:\/\/abrelivros.org.br\/site\/category\/noticias\/noticias-da-imprensa\/\",\"url\":\"https:\/\/abrelivros.org.br\/site\/category\/noticias\/noticias-da-imprensa\/\",\"name\":\"Not\\u00edcias da imprensa\"}},{\"@type\":\"ListItem\",\"position\":4,\"item\":{\"@type\":\"WebPage\",\"@id\":\"https:\/\/abrelivros.org.br\/site\/encontro-tecnico-estadual-do-pnld-chega-ao-piaui\/\",\"url\":\"https:\/\/abrelivros.org.br\/site\/encontro-tecnico-estadual-do-pnld-chega-ao-piaui\/\",\"name\":\"Encontro T\\u00e9cnico Estadual do PNLD chega ao Piau\\u00ed\"}}]},{\"@type\":\"Person\",\"@id\":\"https:\/\/abrelivros.org.br\/site\/#\/schema\/person\/65db80e26409802ce15ac5feec6a15fd\",\"name\":\"Reda\\u00e7\\u00e3o Abrelivros\",\"image\":{\"@type\":\"ImageObject\",\"@id\":\"https:\/\/abrelivros.org.br\/site\/#personlogo\",\"inLanguage\":\"pt-BR\",\"url\":\"https:\/\/secure.gravatar.com\/avatar\/c4e57f9c7e3482965bd428192061218520756c39080b1d1820b679fa5e9af192?s=96&d=mm&r=g\",\"caption\":\"Reda\\u00e7\\u00e3o Abrelivros\"}}]}<\/script>\n<!-- \/ Yoast SEO plugin. -->","_links":{"self":[{"href":"https:\/\/abrelivros.org.br\/site\/wp-json\/wp\/v2\/posts\/12746","targetHints":{"allow":["GET"]}}],"collection":[{"href":"https:\/\/abrelivros.org.br\/site\/wp-json\/wp\/v2\/posts"}],"about":[{"href":"https:\/\/abrelivros.org.br\/site\/wp-json\/wp\/v2\/types\/post"}],"author":[{"embeddable":true,"href":"https:\/\/abrelivros.org.br\/site\/wp-json\/wp\/v2\/users\/4"}],"replies":[{"embeddable":true,"href":"https:\/\/abrelivros.org.br\/site\/wp-json\/wp\/v2\/comments?post=12746"}],"version-history":[{"count":1,"href":"https:\/\/abrelivros.org.br\/site\/wp-json\/wp\/v2\/posts\/12746\/revisions"}],"predecessor-version":[{"id":12747,"href":"https:\/\/abrelivros.org.br\/site\/wp-json\/wp\/v2\/posts\/12746\/revisions\/12747"}],"wp:attachment":[{"href":"https:\/\/abrelivros.org.br\/site\/wp-json\/wp\/v2\/media?parent=12746"}],"wp:term":[{"taxonomy":"category","embeddable":true,"href":"https:\/\/abrelivros.org.br\/site\/wp-json\/wp\/v2\/categories?post=12746"},{"taxonomy":"post_tag","embeddable":true,"href":"https:\/\/abrelivros.org.br\/site\/wp-json\/wp\/v2\/tags?post=12746"}],"curies":[{"name":"wp","href":"https:\/\/api.w.org\/{rel}","templated":true}]}}