{"id":12744,"date":"2020-12-09T14:29:26","date_gmt":"2020-12-09T17:29:26","guid":{"rendered":"https:\/\/abrelivros.org.br\/site\/?p=12744"},"modified":"2020-12-09T14:29:26","modified_gmt":"2020-12-09T17:29:26","slug":"camara-pode-votar-hoje-regras-para-o-fundeb-e-renegociacao-de-dividas-dos-estados","status":"publish","type":"post","link":"https:\/\/abrelivros.org.br\/site\/camara-pode-votar-hoje-regras-para-o-fundeb-e-renegociacao-de-dividas-dos-estados\/","title":{"rendered":"C\u00e2mara pode votar hoje regras para o Fundeb e renegocia\u00e7\u00e3o de d\u00edvidas dos estados"},"content":{"rendered":"<p>A C\u00e2mara dos Deputados pode votar hoje, em sess\u00e3o marcada para as 13h55, o projeto que regulamenta o novo Fundo de Manuten\u00e7\u00e3o e Desenvolvimento da Educa\u00e7\u00e3o B\u00e1sica e de Valoriza\u00e7\u00e3o dos Profissionais da Educa\u00e7\u00e3o (Fundeb) &#8211; PL <a href=\"https:\/\/www.camara.leg.br\/noticias\/688278-projeto-de-lei-regulamenta-novo-fundeb\" target=\"_blank\" rel=\"noopener noreferrer\">4372\/20<\/a>; e a proposta sobre renegocia\u00e7\u00e3o de d\u00edvidas dos estados (<a href=\"https:\/\/www.camara.leg.br\/noticias\/655117-deputado-apresenta-projeto-que-retoma-parecer-original-ao-plano-mansueto\" target=\"_blank\" rel=\"noopener noreferrer\">PLP 101\/20<\/a>). Os dois textos ganharam regime de urg\u00eancia nesta ter\u00e7a-feira (8).<!--more--><\/p>\n<p>A pauta tamb\u00e9m inclui proposta que libera recursos para o combate \u00e0 pandemia de Covid-19 (<a href=\"https:\/\/www.camara.leg.br\/noticias\/665705-proposta-libera-r-1777-bilhoes-para-enfrentamento-da-pandemia-de-coronavirus\" target=\"_blank\" rel=\"noopener noreferrer\">PLP 137\/20<\/a>) e o projeto (<a href=\"https:\/\/www.camara.leg.br\/proposicoesWeb\/fichadetramitacao?idProposicao=2164132\" target=\"_blank\" rel=\"noopener noreferrer\">PDC 861\/17<\/a>) que ratifica a Conven\u00e7\u00e3o Interamericana contra o Racismo, a Discrimina\u00e7\u00e3o Racial e Formas Correlatas de Intoler\u00e2ncia.<\/p>\n<p><strong>Fundeb<\/strong><\/p>\n<p>O Projeto de Lei 4372\/20, da deputada<a href=\"https:\/\/www.camara.leg.br\/deputados\/160639\" target=\"_blank\" rel=\"noopener noreferrer\"> Professora Dorinha Seabra Rezende<\/a> (DEM-TO) e outros, regulamenta a distribui\u00e7\u00e3o dos recursos do Fundeb a partir de 1\u00ba de janeiro de 2021, quando o fundo passa a ser permanente.<\/p>\n<p>A C\u00e2mara vai analisar o <a href=\"https:\/\/www.camara.leg.br\/proposicoesWeb\/prop_mostrarintegra?codteor=1948119&amp;filename=PRLP+1+%3D%3E+PL+4372\/2020\" target=\"_blank\" rel=\"noopener noreferrer\">parecer do relator<\/a>, deputado <a href=\"https:\/\/www.camara.leg.br\/deputados\/204371\" target=\"_blank\" rel=\"noopener noreferrer\">Felipe Rigoni<\/a> (PSB-ES). A oposi\u00e7\u00e3o j\u00e1 anunciou que o texto precisa ser modificado para atender \u00e0s demandas dos profissionais da educa\u00e7\u00e3o.<\/p>\n<p>A regulamenta\u00e7\u00e3o do Fundeb est\u00e1 prevista na <a href=\"https:\/\/www2.camara.leg.br\/legin\/fed\/emecon\/2020\/emendaconstitucional-108-26-agosto-2020-790577-norma-pl.html\" target=\"_blank\" rel=\"noopener noreferrer\">Emenda Constitucional 108<\/a>,<a href=\"https:\/\/www.camara.leg.br\/noticias\/687621-congresso-promulga-emenda-que-torna-fundeb-permanente-e-aumenta-repasses-da-uniao-para-o-fundo\/\" target=\"_blank\" rel=\"noopener noreferrer\"> promulgada pelo Congresso em agosto deste ano<\/a>, e que prev\u00ea uma participa\u00e7\u00e3o progressivamente maior da Uni\u00e3o ao longo de seis anos.<\/p>\n<p><strong>D\u00edvidas dos estados<\/strong><\/p>\n<p>O Projeto de Lei Complementar 101\/20 muda as regras para os estados refinanciarem suas d\u00edvidas em troca de ajustes fiscais em suas contas. O texto, de autoria do deputado <a href=\"https:\/\/www.camara.leg.br\/deputados\/122158\" target=\"_blank\" rel=\"noopener noreferrer\">Pedro Paulo<\/a> (DEM-RJ), cont\u00e9m as regras que ficaram de fora quando da vota\u00e7\u00e3o do PLP 149\/19, do qual ele foi relator.<\/p>\n<p>Para o caso das presta\u00e7\u00f5es n\u00e3o pagas pelos estados no refinanciamento de d\u00edvidas feito em 2017 (<a href=\"https:\/\/www2.camara.leg.br\/legin\/fed\/leicom\/2016\/leicomplementar-156-28-dezembro-2016-784148-norma-pl.html\" target=\"_blank\" rel=\"noopener noreferrer\">Lei Complementar 156\/16<\/a>), o projeto concede duas op\u00e7\u00f5es: recalcular os valores de presta\u00e7\u00f5es n\u00e3o pagas ao saldo devedor, com incid\u00eancia de encargos de inadimpl\u00eancia; ou prolongar por tr\u00eas anos (de 2021 a 2023) o teto de gastos que vincula o crescimento das despesas \u00e0 varia\u00e7\u00e3o do IPCA, desconsiderando as despesas de 2020 devido \u00e0 calamidade p\u00fablica.<\/p>\n<p><strong>Pandemia<\/strong><\/p>\n<p>Tamb\u00e9m na pauta, o Projeto de Lei Complementar 137\/20 libera R$ 177,7 bilh\u00f5es, atualmente retidos no Tesouro Nacional em 29 fundos setoriais, para o combate \u00e0 pandemia e para a mitiga\u00e7\u00e3o dos efeitos econ\u00f4micos do novo coronav\u00edrus.<\/p>\n<p>A iniciativa \u00e9 do deputado <a href=\"https:\/\/www.camara.leg.br\/deputados\/204486\" target=\"_blank\" rel=\"noopener noreferrer\">Mauro Benevides Filho<\/a> (PDT-CE), integrante da comiss\u00e3o mista criada pelo Congresso para acompanhar a execu\u00e7\u00e3o financeira e or\u00e7ament\u00e1ria das medidas emergenciais na pandemia. O deputado <a href=\"https:\/\/www.camara.leg.br\/deputados\/133439\" target=\"_blank\" rel=\"noopener noreferrer\">Andr\u00e9 Figueiredo<\/a> (PDT-CE) \u00e9 coautor.<\/p>\n<p>Conforme o texto, os recursos desvinculados dos 29 fundos setoriais dever\u00e3o ser destinados, necessariamente, aos gastos com sa\u00fade e assist\u00eancia social previstos no Or\u00e7amento deste ano; \u00e0s despesas do aux\u00edlio emergencial para pessoas em situa\u00e7\u00e3o de vulnerabilidade e para manuten\u00e7\u00e3o de emprego e da renda dos trabalhadores; e ao aux\u00edlio financeiro da Uni\u00e3o aos estados e munic\u00edpios.<\/p>\n<p><strong>Racismo<\/strong><\/p>\n<p>Por fim, est\u00e1 prevista a vota\u00e7\u00e3o do projeto (PDC 861\/17) que ratifica a Conven\u00e7\u00e3o Interamericana contra o Racismo, a Discrimina\u00e7\u00e3o Racial e Formas Correlatas de Intoler\u00e2ncia. A proposta est\u00e1 aprovada pelas comiss\u00f5es da C\u00e2mara desde 2018.<\/p>\n<p>Os pa\u00edses que ratificarem o acordo devem se comprometer a prevenir, proibir e punir todos os atos e manifesta\u00e7\u00f5es de racismo, discrimina\u00e7\u00e3o e de intoler\u00e2ncia. A vota\u00e7\u00e3o foi proposta pelo deputado <a href=\"https:\/\/www.camara.leg.br\/deputados\/178987\" target=\"_blank\" rel=\"noopener noreferrer\">Orlando Silva<\/a> (PCdoB-SP), no contexto de a\u00e7\u00f5es legislativas para o combate ao racismo estrutural.<\/p>\n<p>\u2022 <a href=\"https:\/\/www.camara.leg.br\/evento-legislativo\/60186\" target=\"_blank\" rel=\"noopener noreferrer\">Confira a pauta completa da sess\u00e3o<\/a><\/p>\n<p>\u2022 <a href=\"https:\/\/www.camara.leg.br\/internet\/agencia\/infograficos-html5\/SessoesVirtuaisCamara\/index.html\" target=\"_blank\" rel=\"noopener noreferrer\">Saiba como funcionam as sess\u00f5es virtuais do Plen\u00e1rio<\/a><\/p>\n","protected":false},"excerpt":{"rendered":"<p>A C\u00e2mara dos Deputados pode votar hoje, em sess\u00e3o marcada para as 13h55, o projeto que regulamenta o novo Fundo de Manuten\u00e7\u00e3o e Desenvolvimento da Educa\u00e7\u00e3o B\u00e1sica e de Valoriza\u00e7\u00e3o dos Profissionais da Educa\u00e7\u00e3o (Fundeb) &#8211; PL 4372\/20; e a proposta sobre renegocia\u00e7\u00e3o de d\u00edvidas dos estados (PLP 101\/20). Os dois textos ganharam regime de [&hellip;]<\/p>\n","protected":false},"author":4,"featured_media":0,"comment_status":"closed","ping_status":"closed","sticky":false,"template":"","format":"standard","meta":{"footnotes":"","_links_to":"","_links_to_target":""},"categories":[9],"tags":[],"class_list":["post-12744","post","type-post","status-publish","format-standard","hentry","category-noticias-da-imprensa"],"yoast_head":"<!-- This site is optimized with the Yoast SEO plugin v15.1 - https:\/\/yoast.com\/wordpress\/plugins\/seo\/ -->\n<title>C\u00e2mara pode votar hoje regras para o Fundeb e renegocia\u00e7\u00e3o de d\u00edvidas dos estados &raquo; Abrelivros<\/title>\n<meta name=\"robots\" content=\"index, follow, max-snippet:-1, max-image-preview:large, max-video-preview:-1\" \/>\n<link rel=\"canonical\" href=\"https:\/\/abrelivros.org.br\/site\/camara-pode-votar-hoje-regras-para-o-fundeb-e-renegociacao-de-dividas-dos-estados\/\" \/>\n<meta property=\"og:locale\" content=\"pt_BR\" \/>\n<meta property=\"og:type\" content=\"article\" \/>\n<meta property=\"og:title\" content=\"C\u00e2mara pode votar hoje regras para o Fundeb e renegocia\u00e7\u00e3o de d\u00edvidas dos estados &raquo; Abrelivros\" \/>\n<meta property=\"og:description\" content=\"A C\u00e2mara dos Deputados pode votar hoje, em sess\u00e3o marcada para as 13h55, o projeto que regulamenta o novo Fundo de Manuten\u00e7\u00e3o e Desenvolvimento da Educa\u00e7\u00e3o B\u00e1sica e de Valoriza\u00e7\u00e3o dos Profissionais da Educa\u00e7\u00e3o (Fundeb) &#8211; PL 4372\/20; e a proposta sobre renegocia\u00e7\u00e3o de d\u00edvidas dos estados (PLP 101\/20). Os dois textos ganharam regime de [&hellip;]\" \/>\n<meta property=\"og:url\" content=\"https:\/\/abrelivros.org.br\/site\/camara-pode-votar-hoje-regras-para-o-fundeb-e-renegociacao-de-dividas-dos-estados\/\" \/>\n<meta property=\"og:site_name\" content=\"Abrelivros\" \/>\n<meta property=\"article:published_time\" content=\"2020-12-09T17:29:26+00:00\" \/>\n<meta name=\"twitter:card\" content=\"summary_large_image\" \/>\n<script type=\"application\/ld+json\" class=\"yoast-schema-graph\">{\"@context\":\"https:\/\/schema.org\",\"@graph\":[{\"@type\":\"WebSite\",\"@id\":\"https:\/\/abrelivros.org.br\/site\/#website\",\"url\":\"https:\/\/abrelivros.org.br\/site\/\",\"name\":\"Abrelivros\",\"description\":\"\",\"potentialAction\":[{\"@type\":\"SearchAction\",\"target\":\"https:\/\/abrelivros.org.br\/site\/?s={search_term_string}\",\"query-input\":\"required name=search_term_string\"}],\"inLanguage\":\"pt-BR\"},{\"@type\":\"WebPage\",\"@id\":\"https:\/\/abrelivros.org.br\/site\/camara-pode-votar-hoje-regras-para-o-fundeb-e-renegociacao-de-dividas-dos-estados\/#webpage\",\"url\":\"https:\/\/abrelivros.org.br\/site\/camara-pode-votar-hoje-regras-para-o-fundeb-e-renegociacao-de-dividas-dos-estados\/\",\"name\":\"C\\u00e2mara pode votar hoje regras para o Fundeb e renegocia\\u00e7\\u00e3o de d\\u00edvidas dos estados &raquo; Abrelivros\",\"isPartOf\":{\"@id\":\"https:\/\/abrelivros.org.br\/site\/#website\"},\"datePublished\":\"2020-12-09T17:29:26+00:00\",\"dateModified\":\"2020-12-09T17:29:26+00:00\",\"author\":{\"@id\":\"https:\/\/abrelivros.org.br\/site\/#\/schema\/person\/65db80e26409802ce15ac5feec6a15fd\"},\"breadcrumb\":{\"@id\":\"https:\/\/abrelivros.org.br\/site\/camara-pode-votar-hoje-regras-para-o-fundeb-e-renegociacao-de-dividas-dos-estados\/#breadcrumb\"},\"inLanguage\":\"pt-BR\",\"potentialAction\":[{\"@type\":\"ReadAction\",\"target\":[\"https:\/\/abrelivros.org.br\/site\/camara-pode-votar-hoje-regras-para-o-fundeb-e-renegociacao-de-dividas-dos-estados\/\"]}]},{\"@type\":\"BreadcrumbList\",\"@id\":\"https:\/\/abrelivros.org.br\/site\/camara-pode-votar-hoje-regras-para-o-fundeb-e-renegociacao-de-dividas-dos-estados\/#breadcrumb\",\"itemListElement\":[{\"@type\":\"ListItem\",\"position\":1,\"item\":{\"@type\":\"WebPage\",\"@id\":\"https:\/\/abrelivros.org.br\/site\/\",\"url\":\"https:\/\/abrelivros.org.br\/site\/\",\"name\":\"In\\u00edcio\"}},{\"@type\":\"ListItem\",\"position\":2,\"item\":{\"@type\":\"WebPage\",\"@id\":\"https:\/\/abrelivros.org.br\/site\/category\/noticias\/\",\"url\":\"https:\/\/abrelivros.org.br\/site\/category\/noticias\/\",\"name\":\"Not\\u00edcias\"}},{\"@type\":\"ListItem\",\"position\":3,\"item\":{\"@type\":\"WebPage\",\"@id\":\"https:\/\/abrelivros.org.br\/site\/category\/noticias\/noticias-da-imprensa\/\",\"url\":\"https:\/\/abrelivros.org.br\/site\/category\/noticias\/noticias-da-imprensa\/\",\"name\":\"Not\\u00edcias da imprensa\"}},{\"@type\":\"ListItem\",\"position\":4,\"item\":{\"@type\":\"WebPage\",\"@id\":\"https:\/\/abrelivros.org.br\/site\/camara-pode-votar-hoje-regras-para-o-fundeb-e-renegociacao-de-dividas-dos-estados\/\",\"url\":\"https:\/\/abrelivros.org.br\/site\/camara-pode-votar-hoje-regras-para-o-fundeb-e-renegociacao-de-dividas-dos-estados\/\",\"name\":\"C\\u00e2mara pode votar hoje regras para o Fundeb e renegocia\\u00e7\\u00e3o de d\\u00edvidas dos estados\"}}]},{\"@type\":\"Person\",\"@id\":\"https:\/\/abrelivros.org.br\/site\/#\/schema\/person\/65db80e26409802ce15ac5feec6a15fd\",\"name\":\"Reda\\u00e7\\u00e3o Abrelivros\",\"image\":{\"@type\":\"ImageObject\",\"@id\":\"https:\/\/abrelivros.org.br\/site\/#personlogo\",\"inLanguage\":\"pt-BR\",\"url\":\"https:\/\/secure.gravatar.com\/avatar\/c4e57f9c7e3482965bd428192061218520756c39080b1d1820b679fa5e9af192?s=96&d=mm&r=g\",\"caption\":\"Reda\\u00e7\\u00e3o Abrelivros\"}}]}<\/script>\n<!-- \/ Yoast SEO plugin. -->","_links":{"self":[{"href":"https:\/\/abrelivros.org.br\/site\/wp-json\/wp\/v2\/posts\/12744","targetHints":{"allow":["GET"]}}],"collection":[{"href":"https:\/\/abrelivros.org.br\/site\/wp-json\/wp\/v2\/posts"}],"about":[{"href":"https:\/\/abrelivros.org.br\/site\/wp-json\/wp\/v2\/types\/post"}],"author":[{"embeddable":true,"href":"https:\/\/abrelivros.org.br\/site\/wp-json\/wp\/v2\/users\/4"}],"replies":[{"embeddable":true,"href":"https:\/\/abrelivros.org.br\/site\/wp-json\/wp\/v2\/comments?post=12744"}],"version-history":[{"count":1,"href":"https:\/\/abrelivros.org.br\/site\/wp-json\/wp\/v2\/posts\/12744\/revisions"}],"predecessor-version":[{"id":12745,"href":"https:\/\/abrelivros.org.br\/site\/wp-json\/wp\/v2\/posts\/12744\/revisions\/12745"}],"wp:attachment":[{"href":"https:\/\/abrelivros.org.br\/site\/wp-json\/wp\/v2\/media?parent=12744"}],"wp:term":[{"taxonomy":"category","embeddable":true,"href":"https:\/\/abrelivros.org.br\/site\/wp-json\/wp\/v2\/categories?post=12744"},{"taxonomy":"post_tag","embeddable":true,"href":"https:\/\/abrelivros.org.br\/site\/wp-json\/wp\/v2\/tags?post=12744"}],"curies":[{"name":"wp","href":"https:\/\/api.w.org\/{rel}","templated":true}]}}