{"id":12742,"date":"2020-12-09T14:18:18","date_gmt":"2020-12-09T17:18:18","guid":{"rendered":"https:\/\/abrelivros.org.br\/site\/?p=12742"},"modified":"2020-12-09T14:18:18","modified_gmt":"2020-12-09T17:18:18","slug":"sem-tempo-para-ajuste-mec-e-congresso-querem-adiar-recursos-do-novo-fundeb","status":"publish","type":"post","link":"https:\/\/abrelivros.org.br\/site\/sem-tempo-para-ajuste-mec-e-congresso-querem-adiar-recursos-do-novo-fundeb\/","title":{"rendered":"Sem tempo para ajuste, MEC e Congresso querem adiar recursos do novo Fundeb"},"content":{"rendered":"<p>O atraso na regulamenta\u00e7\u00e3o das <a href=\"https:\/\/educacao.uol.com.br\/noticias\/2020\/07\/22\/novo-fundeb-vai-trazer-qualidade-para-escolas-e-valorizacao-de-professores.htm\" target=\"_blank\" rel=\"noopener noreferrer\">regras do novo Fundeb<\/a>, principal <a href=\"https:\/\/educacao.uol.com.br\/noticias\/2020\/07\/23\/fundeb-aprovado-verba-extra-uniao.htm\" target=\"_blank\" rel=\"noopener noreferrer\">mecanismo de financiamento da educa\u00e7\u00e3o b\u00e1sica no pa\u00eds<\/a>, deve fazer com que a distribui\u00e7\u00e3o de recursos do novo modelo do fundo passe a valer apenas em abril de 2021. Um acordo nesse sentido foi costurado entre deputados federais e o MEC (Minist\u00e9rio da Educa\u00e7\u00e3o).<!--more--><\/p>\n<p>O modelo atual do Fundeb vence por lei no fim deste m\u00eas. Mesmo que o projeto de regulamenta\u00e7\u00e3o seja aprovado ainda dentro do prazo no Congresso, a operacionaliza\u00e7\u00e3o do novo Fundeb n\u00e3o estaria assegurada no pr\u00f3ximo dia 1\u00ba de janeiro, segundo parlamentares.<\/p>\n<p>Isso porque o minist\u00e9rio e secretarias da Educa\u00e7\u00e3o e da Fazenda, tanto estaduais e municipais, n\u00e3o teriam mais tempo h\u00e1bil para adaptar seus sistemas \u00e0 nova configura\u00e7\u00e3o prevista. O fundo \u00e9 financiado com impostos municipais e estaduais (em sua maioria ICMS) e seu valor varia de acordo com a arrecada\u00e7\u00e3o. A Uni\u00e3o faz um aporte em porcentagem sobre o total do fundo.<\/p>\n<p><a href=\"https:\/\/educacao.uol.com.br\/noticias\/2020\/08\/25\/votacao-fundeb-senado-primeiro-turno.htm\" target=\"_blank\" rel=\"noopener noreferrer\">Aprovado no Parlamento<\/a> em agosto deste ano, o novo Fundeb ser\u00e1 permanente, ter\u00e1 mais recursos da Uni\u00e3o e mudar\u00e1 o mecanismo de distribui\u00e7\u00e3o de recursos para estados e munic\u00edpios. No entanto, at\u00e9 hoje <a href=\"https:\/\/educacao.uol.com.br\/noticias\/2020\/09\/16\/falta-de-regulamentacao-ameaca-funcionamento-do-fundeb-em-2021.htm\" target=\"_blank\" rel=\"noopener noreferrer\">n\u00e3o foi regulamentado pelos parlamentares<\/a> \u2014 detalhes t\u00e9cnicos e de legisla\u00e7\u00e3o \u2014 para que possa executado.<\/p>\n<p>O relator da regulamenta\u00e7\u00e3o, deputado Felipe Rigoni (PSB-ES), apresentou parecer com o adiamento de recursos por tr\u00eas meses ap\u00f3s conversas com o governo federal. No texto em tramita\u00e7\u00e3o na C\u00e2mara, ele prev\u00ea que o dinheiro n\u00e3o distribu\u00eddo entre janeiro e mar\u00e7o seja depositado em maio.<\/p>\n<p>A gente construiu essa transi\u00e7\u00e3o. Esse novo Fundeb vai valer a partir de 1\u00ba de abril. De janeiro a mar\u00e7o, vai valer o Fundeb atual. Foram eles [MEC] que pediram para fazer essa adapta\u00e7\u00e3o justamente para n\u00e3o precisar editar uma medida provis\u00f3ria&#8221;Felipe Rigoni, deputado federal<\/p>\n<p>O atraso na an\u00e1lise no Congresso se deve a diverg\u00eancias sobre o assunto nos \u00faltimos meses, \u00e0s <a href=\"https:\/\/noticias.uol.com.br\/eleicoes\/ultimas\/\" target=\"_blank\" rel=\"noopener noreferrer\">elei\u00e7\u00f5es municipais<\/a> e a brigas pol\u00edticas que travaram o andamento de vota\u00e7\u00f5es no plen\u00e1rio da <a href=\"https:\/\/noticias.uol.com.br\/politica\/camara-dos-deputados\" target=\"_blank\" rel=\"noopener noreferrer\">C\u00e2mara<\/a>.<\/p>\n<p>Um requerimento para que o projeto ande com mais rapidez na Casa foi aprovado ontem. Quando aprovado no plen\u00e1rio, ainda precisar\u00e1 passar pelo Senado e pelo presidente <a href=\"https:\/\/noticias.uol.com.br\/politica\/governo-bolsonaro\/\" target=\"_blank\" rel=\"noopener noreferrer\">Jair Bolsonaro<\/a> (sem partido). As vota\u00e7\u00f5es no Congresso dever\u00e3o ir at\u00e9 17 de dezembro.<\/p>\n<p><strong>Demora que vem de longe<\/strong><\/p>\n<p>Para o deputado Israel Batista (PV-DF), a pr\u00f3pria emenda constitucional aprovada em agosto demorou muito para ser destravada ap\u00f3s diverg\u00eancias junto a ministros da Educa\u00e7\u00e3o anteriores, como <a href=\"https:\/\/noticias.uol.com.br\/politica\/ultimas-noticias\/2020\/06\/18\/weintraub-confirma-sua-saida-do-ministerio-da-educacao.htm\" target=\"_blank\" rel=\"noopener noreferrer\">Abraham Weintraub<\/a>, prejudicando o processo de regulamenta\u00e7\u00e3o.<\/p>\n<p>A participa\u00e7\u00e3o da Uni\u00e3o em parte do Fundeb vai crescer de 10% para 23% at\u00e9 2026, com aumento de dois pontos percentuais em 2021. No entanto, faltam definir pontos vitais:<\/p>\n<p>\u2022 c\u00e1lculos e regras de transi\u00e7\u00e3o dessa complementa\u00e7\u00e3o<\/p>\n<p>\u2022 fatores de pondera\u00e7\u00e3o para a redistribui\u00e7\u00e3o de recursos<\/p>\n<p>\u2022 peso de investimentos em cada modalidade de ensino<\/p>\n<p>Uma proje\u00e7\u00e3o feita pela Consultoria de Or\u00e7amento e Fiscaliza\u00e7\u00e3o Financeira da C\u00e2mara pouco antes da aprova\u00e7\u00e3o do fundo apontou que o repasse adicional da Uni\u00e3o deve crescer R$ 77 bilh\u00f5es at\u00e9 2026.<\/p>\n<p><strong>Governo n\u00e3o descarta MP<\/strong><\/p>\n<p>Com o prazo apertado, o governo n\u00e3o descarta o envio de uma medida provis\u00f3ria para tratar da regulamenta\u00e7\u00e3o. Por ter for\u00e7a de lei quando publicada, embora precise ser aprovada depois pelo Congresso, uma MP estabeleceria par\u00e2metros m\u00ednimos para o funcionamento do Fundeb em 2021.<\/p>\n<p>Nesse cen\u00e1rio, segundo Rigoni, haveria um compromisso do governo em transformar a \u00edntegra do texto do seu relat\u00f3rio na MP.<\/p>\n<p>&#8220;Conhecendo o jogo, isso significa que o texto de Rigoni j\u00e1 cedeu a Bolsonaro&#8221;, avalia Daniel Cara, professor da Faculdade de Educa\u00e7\u00e3o da USP (Universidade de S\u00e3o Paulo) e dirigente da Campanha Nacional pelo Direito \u00e0 Educa\u00e7\u00e3o.<\/p>\n<p>Tamb\u00e9m h\u00e1 desconfian\u00e7a entre deputados. &#8220;Foram quatro anos de constru\u00e7\u00e3o de debate do Fundeb na C\u00e2mara, onde muitos consensos foram constru\u00eddos, com base em di\u00e1logo t\u00e9cnico com sociedade civil e outros entes. A MP abre um risco grande para que isso n\u00e3o seja respeitado&#8221;, disse Lucas Hoogerbrugge, l\u00edder de rela\u00e7\u00f5es governamentais do Todos Pela Educa\u00e7\u00e3o.<\/p>\n<p>Para a presidente da Frente Parlamentar Mista da Educa\u00e7\u00e3o, deputada <a href=\"https:\/\/www.uol.com.br\/universa\/noticias\/redacao\/2020\/06\/12\/10-perguntas-professora-dorinha.htm\" target=\"_blank\" rel=\"noopener noreferrer\">Professora Dorinha<\/a> (DEM-TO), o caminho da MP \u00e9 poss\u00edvel, mas n\u00e3o \u00e9 o ideal. &#8220;A gente fez um esfor\u00e7o t\u00e3o grande de constru\u00e7\u00e3o que acho que \u00e9 leg\u00edtimo que o Congresso vote a lei.&#8221;<\/p>\n<p>Na \u00faltima segunda-feira (7), o ministro da Educa\u00e7\u00e3o, Milton Ribeiro, disse que, apesar de o governo estar trabalhando &#8220;incessantemente&#8221; para a aprova\u00e7\u00e3o da regulamenta\u00e7\u00e3o do Fundeb, &#8220;n\u00e3o \u00e9 segredo&#8221; que esteja preparada uma MP para o caso de n\u00e3o haver solu\u00e7\u00e3o no Congresso.<\/p>\n<p>&#8220;Mas esse n\u00e3o \u00e9 o nosso desejo prim\u00e1rio&#8221;, disse o ministro. &#8220;Queremos que a regulamenta\u00e7\u00e3o possa partir da casa das leis&#8221;, afirmou.<\/p>\n<p>&nbsp;<\/p>\n","protected":false},"excerpt":{"rendered":"<p>O atraso na regulamenta\u00e7\u00e3o das regras do novo Fundeb, principal mecanismo de financiamento da educa\u00e7\u00e3o b\u00e1sica no pa\u00eds, deve fazer com que a distribui\u00e7\u00e3o de recursos do novo modelo do fundo passe a valer apenas em abril de 2021. Um acordo nesse sentido foi costurado entre deputados federais e o MEC (Minist\u00e9rio da Educa\u00e7\u00e3o).<\/p>\n","protected":false},"author":4,"featured_media":0,"comment_status":"closed","ping_status":"closed","sticky":false,"template":"","format":"standard","meta":{"footnotes":"","_links_to":"","_links_to_target":""},"categories":[9],"tags":[],"class_list":["post-12742","post","type-post","status-publish","format-standard","hentry","category-noticias-da-imprensa"],"yoast_head":"<!-- This site is optimized with the Yoast SEO plugin v15.1 - https:\/\/yoast.com\/wordpress\/plugins\/seo\/ -->\n<title>Sem tempo para ajuste, MEC e Congresso querem adiar recursos do novo Fundeb &raquo; Abrelivros<\/title>\n<meta name=\"robots\" content=\"index, follow, max-snippet:-1, max-image-preview:large, max-video-preview:-1\" \/>\n<link rel=\"canonical\" href=\"https:\/\/abrelivros.org.br\/site\/sem-tempo-para-ajuste-mec-e-congresso-querem-adiar-recursos-do-novo-fundeb\/\" \/>\n<meta property=\"og:locale\" content=\"pt_BR\" \/>\n<meta property=\"og:type\" content=\"article\" \/>\n<meta property=\"og:title\" content=\"Sem tempo para ajuste, MEC e Congresso querem adiar recursos do novo Fundeb &raquo; Abrelivros\" \/>\n<meta property=\"og:description\" content=\"O atraso na regulamenta\u00e7\u00e3o das regras do novo Fundeb, principal mecanismo de financiamento da educa\u00e7\u00e3o b\u00e1sica no pa\u00eds, deve fazer com que a distribui\u00e7\u00e3o de recursos do novo modelo do fundo passe a valer apenas em abril de 2021. Um acordo nesse sentido foi costurado entre deputados federais e o MEC (Minist\u00e9rio da Educa\u00e7\u00e3o).\" \/>\n<meta property=\"og:url\" content=\"https:\/\/abrelivros.org.br\/site\/sem-tempo-para-ajuste-mec-e-congresso-querem-adiar-recursos-do-novo-fundeb\/\" \/>\n<meta property=\"og:site_name\" content=\"Abrelivros\" \/>\n<meta property=\"article:published_time\" content=\"2020-12-09T17:18:18+00:00\" \/>\n<meta name=\"twitter:card\" content=\"summary_large_image\" \/>\n<script type=\"application\/ld+json\" class=\"yoast-schema-graph\">{\"@context\":\"https:\/\/schema.org\",\"@graph\":[{\"@type\":\"WebSite\",\"@id\":\"https:\/\/abrelivros.org.br\/site\/#website\",\"url\":\"https:\/\/abrelivros.org.br\/site\/\",\"name\":\"Abrelivros\",\"description\":\"\",\"potentialAction\":[{\"@type\":\"SearchAction\",\"target\":\"https:\/\/abrelivros.org.br\/site\/?s={search_term_string}\",\"query-input\":\"required name=search_term_string\"}],\"inLanguage\":\"pt-BR\"},{\"@type\":\"WebPage\",\"@id\":\"https:\/\/abrelivros.org.br\/site\/sem-tempo-para-ajuste-mec-e-congresso-querem-adiar-recursos-do-novo-fundeb\/#webpage\",\"url\":\"https:\/\/abrelivros.org.br\/site\/sem-tempo-para-ajuste-mec-e-congresso-querem-adiar-recursos-do-novo-fundeb\/\",\"name\":\"Sem tempo para ajuste, MEC e Congresso querem adiar recursos do novo Fundeb &raquo; Abrelivros\",\"isPartOf\":{\"@id\":\"https:\/\/abrelivros.org.br\/site\/#website\"},\"datePublished\":\"2020-12-09T17:18:18+00:00\",\"dateModified\":\"2020-12-09T17:18:18+00:00\",\"author\":{\"@id\":\"https:\/\/abrelivros.org.br\/site\/#\/schema\/person\/65db80e26409802ce15ac5feec6a15fd\"},\"breadcrumb\":{\"@id\":\"https:\/\/abrelivros.org.br\/site\/sem-tempo-para-ajuste-mec-e-congresso-querem-adiar-recursos-do-novo-fundeb\/#breadcrumb\"},\"inLanguage\":\"pt-BR\",\"potentialAction\":[{\"@type\":\"ReadAction\",\"target\":[\"https:\/\/abrelivros.org.br\/site\/sem-tempo-para-ajuste-mec-e-congresso-querem-adiar-recursos-do-novo-fundeb\/\"]}]},{\"@type\":\"BreadcrumbList\",\"@id\":\"https:\/\/abrelivros.org.br\/site\/sem-tempo-para-ajuste-mec-e-congresso-querem-adiar-recursos-do-novo-fundeb\/#breadcrumb\",\"itemListElement\":[{\"@type\":\"ListItem\",\"position\":1,\"item\":{\"@type\":\"WebPage\",\"@id\":\"https:\/\/abrelivros.org.br\/site\/\",\"url\":\"https:\/\/abrelivros.org.br\/site\/\",\"name\":\"In\\u00edcio\"}},{\"@type\":\"ListItem\",\"position\":2,\"item\":{\"@type\":\"WebPage\",\"@id\":\"https:\/\/abrelivros.org.br\/site\/category\/noticias\/\",\"url\":\"https:\/\/abrelivros.org.br\/site\/category\/noticias\/\",\"name\":\"Not\\u00edcias\"}},{\"@type\":\"ListItem\",\"position\":3,\"item\":{\"@type\":\"WebPage\",\"@id\":\"https:\/\/abrelivros.org.br\/site\/category\/noticias\/noticias-da-imprensa\/\",\"url\":\"https:\/\/abrelivros.org.br\/site\/category\/noticias\/noticias-da-imprensa\/\",\"name\":\"Not\\u00edcias da imprensa\"}},{\"@type\":\"ListItem\",\"position\":4,\"item\":{\"@type\":\"WebPage\",\"@id\":\"https:\/\/abrelivros.org.br\/site\/sem-tempo-para-ajuste-mec-e-congresso-querem-adiar-recursos-do-novo-fundeb\/\",\"url\":\"https:\/\/abrelivros.org.br\/site\/sem-tempo-para-ajuste-mec-e-congresso-querem-adiar-recursos-do-novo-fundeb\/\",\"name\":\"Sem tempo para ajuste, MEC e Congresso querem adiar recursos do novo Fundeb\"}}]},{\"@type\":\"Person\",\"@id\":\"https:\/\/abrelivros.org.br\/site\/#\/schema\/person\/65db80e26409802ce15ac5feec6a15fd\",\"name\":\"Reda\\u00e7\\u00e3o Abrelivros\",\"image\":{\"@type\":\"ImageObject\",\"@id\":\"https:\/\/abrelivros.org.br\/site\/#personlogo\",\"inLanguage\":\"pt-BR\",\"url\":\"https:\/\/secure.gravatar.com\/avatar\/c4e57f9c7e3482965bd428192061218520756c39080b1d1820b679fa5e9af192?s=96&d=mm&r=g\",\"caption\":\"Reda\\u00e7\\u00e3o Abrelivros\"}}]}<\/script>\n<!-- \/ Yoast SEO plugin. -->","_links":{"self":[{"href":"https:\/\/abrelivros.org.br\/site\/wp-json\/wp\/v2\/posts\/12742","targetHints":{"allow":["GET"]}}],"collection":[{"href":"https:\/\/abrelivros.org.br\/site\/wp-json\/wp\/v2\/posts"}],"about":[{"href":"https:\/\/abrelivros.org.br\/site\/wp-json\/wp\/v2\/types\/post"}],"author":[{"embeddable":true,"href":"https:\/\/abrelivros.org.br\/site\/wp-json\/wp\/v2\/users\/4"}],"replies":[{"embeddable":true,"href":"https:\/\/abrelivros.org.br\/site\/wp-json\/wp\/v2\/comments?post=12742"}],"version-history":[{"count":1,"href":"https:\/\/abrelivros.org.br\/site\/wp-json\/wp\/v2\/posts\/12742\/revisions"}],"predecessor-version":[{"id":12743,"href":"https:\/\/abrelivros.org.br\/site\/wp-json\/wp\/v2\/posts\/12742\/revisions\/12743"}],"wp:attachment":[{"href":"https:\/\/abrelivros.org.br\/site\/wp-json\/wp\/v2\/media?parent=12742"}],"wp:term":[{"taxonomy":"category","embeddable":true,"href":"https:\/\/abrelivros.org.br\/site\/wp-json\/wp\/v2\/categories?post=12742"},{"taxonomy":"post_tag","embeddable":true,"href":"https:\/\/abrelivros.org.br\/site\/wp-json\/wp\/v2\/tags?post=12742"}],"curies":[{"name":"wp","href":"https:\/\/api.w.org\/{rel}","templated":true}]}}