{"id":12740,"date":"2020-12-09T14:10:45","date_gmt":"2020-12-09T17:10:45","guid":{"rendered":"https:\/\/abrelivros.org.br\/site\/?p=12740"},"modified":"2020-12-09T14:10:45","modified_gmt":"2020-12-09T17:10:45","slug":"oposicao-quer-negociar-mudancas-na-regulamentacao-do-fundeb","status":"publish","type":"post","link":"https:\/\/abrelivros.org.br\/site\/oposicao-quer-negociar-mudancas-na-regulamentacao-do-fundeb\/","title":{"rendered":"Oposi\u00e7\u00e3o quer negociar mudan\u00e7as na regulamenta\u00e7\u00e3o do Fundeb"},"content":{"rendered":"<p>Deputados de oposi\u00e7\u00e3o pediram mais tempo para negociar mudan\u00e7as no projeto que regulamenta o novo Fundo de Manuten\u00e7\u00e3o e Desenvolvimento da Educa\u00e7\u00e3o B\u00e1sica e de Valoriza\u00e7\u00e3o dos Profissionais da Educa\u00e7\u00e3o (Fundeb). O Projeto de <a href=\"https:\/\/www.camara.leg.br\/noticias\/688278-projeto-de-lei-regulamenta-novo-fundeb\" target=\"_blank\" rel=\"noopener noreferrer\">Lei 4372\/20<\/a> teve a urg\u00eancia aprovada nesta ter\u00e7a-feira (8) e foi inclu\u00eddo na pauta de vota\u00e7\u00f5es desta quarta-feira (9).<!--more--><\/p>\n<p>O l\u00edder do PT, <a href=\"https:\/\/www.camara.leg.br\/deputados\/132504\" target=\"_blank\" rel=\"noopener noreferrer\">deputado Enio Verri<\/a> (PT-PR), disse que o <a href=\"https:\/\/www.camara.leg.br\/proposicoesWeb\/prop_mostrarintegra?codteor=1948119&amp;filename=PRLP+1+%3D%3E+PL+4372\/2020\" target=\"_blank\" rel=\"noopener noreferrer\">relat\u00f3rio<\/a> do deputado <a href=\"https:\/\/www.camara.leg.br\/deputados\/204371\" target=\"_blank\" rel=\"noopener noreferrer\">Felipe Rigoni<\/a> (PSB-ES) n\u00e3o foi bem aceito pelos trabalhadores da educa\u00e7\u00e3o. \u201cO texto est\u00e1 sendo denunciado por todos os educadores\u201d, disse. Ele quer negociar mudan\u00e7as no texto.<\/p>\n<p>O projeto regulamenta a emenda constitucional aprovada pelo Congresso neste ano para tornar permanente o Fundeb, que seria extinto em 2020. Ap\u00f3s grande mobiliza\u00e7\u00e3o e atua\u00e7\u00e3o de parlamentares ligados ao setor, o Congresso aumentou a participa\u00e7\u00e3o da Uni\u00e3o no financiamento da educa\u00e7\u00e3o infantil e dos ensinos fundamental e m\u00e9dio.<\/p>\n<p>A l\u00edder do PCdoB, deputada<a href=\"https:\/\/www.camara.leg.br\/deputados\/73943\" target=\"_blank\" rel=\"noopener noreferrer\"> Perp\u00e9tua Almeida<\/a> (PCdoB-AC), afirmou que os deputados querem aproveitar essa grande mobiliza\u00e7\u00e3o para aprovar emendas. \u201cO Brasil se movimentou em torno da necessidade de o Congresso aprovar o novo Fundeb\u201d, ressaltou.<\/p>\n<p>Para a deputada <a href=\"https:\/\/www.camara.leg.br\/deputados\/74057\" target=\"_blank\" rel=\"noopener noreferrer\">Alice Portugal<\/a> (PCdoB-BA), \u00e9 preciso garantir o reajuste do piso salarial do setor e tratar de mudan\u00e7as for\u00e7adas pela pandemia do novo coronav\u00edrus. \u201cN\u00e3o podemos avan\u00e7ar para uma situa\u00e7\u00e3o de congelamento do professorado. E tamb\u00e9m temos a necessidade de tratar sobre as adapta\u00e7\u00f5es p\u00f3s-pandemia, regulamentando o Fundeb para essa nova realidade\u201d, disse.<\/p>\n<p>Para o deputado <a href=\"https:\/\/www.camara.leg.br\/deputados\/204561\" target=\"_blank\" rel=\"noopener noreferrer\">Bira do Pindar\u00e9<\/a> (PSB-MA), a regulamenta\u00e7\u00e3o do Fundeb \u00e9 o que vai garantir a efici\u00eancia na aplica\u00e7\u00e3o dos recursos para garantir uma educa\u00e7\u00e3o p\u00fablica gratuita e de qualidade. \u201cO Fundeb \u00e9 o instrumento de pol\u00edtica p\u00fablica mais importante para a educa\u00e7\u00e3o. Dele dependem as creches, a infraestrutura das escolas, a valoriza\u00e7\u00e3o dos profissionais\u201d, declarou.<\/p>\n<p>Relator do texto, o deputado Felipe Rigoni disse que est\u00e1 aberto a negocia\u00e7\u00f5es com a oposi\u00e7\u00e3o, na busca do texto mais consensual poss\u00edvel. Ele lembrou que, se o Congresso n\u00e3o conseguir regulamentar o Fundeb, isso ficar\u00e1 sob responsabilidade do governo federal, a partir de medidas provis\u00f3rias.<\/p>\n<p>Rigoni informou que o texto foi negociado com v\u00e1rios atores envolvidos no setor. \u201c\u00c9 natural que tenhamos algumas discord\u00e2ncias, mas fizemos um trabalho minucioso. Estou muito orgulhoso do nosso relat\u00f3rio neste momento e, com certeza, dialogaremos com a oposi\u00e7\u00e3o e aqueles que discordam de alguma parte para chegarmos no texto mais consensual poss\u00edvel na hora de votar\u201d, afirmou.<\/p>\n<p>A lei atual que regulamenta o Fundeb perde a validade em 31 de dezembro de 2020. O texto em an\u00e1lise na C\u00e2mara mant\u00e9m a estrutura da legisla\u00e7\u00e3o atual, mas define como ser\u00e3o aplicados os recursos a mais garantidos pelo novo Fundeb e que ser\u00e3o somados, a partir do ano que vem, aos atuais 10% j\u00e1 repassados pela Uni\u00e3o.<\/p>\n<p><a href=\"https:\/\/www.camara.leg.br\/noticias\/573454-SAIBA-MAIS-SOBRE-A-TRAMITACAO-DE-PROJETOS-DE-LEI\" target=\"_blank\" rel=\"noopener noreferrer\">Saiba mais sobre a tramita\u00e7\u00e3o de projetos de lei<\/a><\/p>\n","protected":false},"excerpt":{"rendered":"<p>Deputados de oposi\u00e7\u00e3o pediram mais tempo para negociar mudan\u00e7as no projeto que regulamenta o novo Fundo de Manuten\u00e7\u00e3o e Desenvolvimento da Educa\u00e7\u00e3o B\u00e1sica e de Valoriza\u00e7\u00e3o dos Profissionais da Educa\u00e7\u00e3o (Fundeb). O Projeto de Lei 4372\/20 teve a urg\u00eancia aprovada nesta ter\u00e7a-feira (8) e foi inclu\u00eddo na pauta de vota\u00e7\u00f5es desta quarta-feira (9).<\/p>\n","protected":false},"author":4,"featured_media":0,"comment_status":"closed","ping_status":"closed","sticky":false,"template":"","format":"standard","meta":{"footnotes":"","_links_to":"","_links_to_target":""},"categories":[9],"tags":[],"class_list":["post-12740","post","type-post","status-publish","format-standard","hentry","category-noticias-da-imprensa"],"yoast_head":"<!-- This site is optimized with the Yoast SEO plugin v15.1 - https:\/\/yoast.com\/wordpress\/plugins\/seo\/ -->\n<title>Oposi\u00e7\u00e3o quer negociar mudan\u00e7as na regulamenta\u00e7\u00e3o do Fundeb &raquo; Abrelivros<\/title>\n<meta name=\"robots\" content=\"index, follow, max-snippet:-1, max-image-preview:large, max-video-preview:-1\" \/>\n<link rel=\"canonical\" href=\"https:\/\/abrelivros.org.br\/site\/oposicao-quer-negociar-mudancas-na-regulamentacao-do-fundeb\/\" \/>\n<meta property=\"og:locale\" content=\"pt_BR\" \/>\n<meta property=\"og:type\" content=\"article\" \/>\n<meta property=\"og:title\" content=\"Oposi\u00e7\u00e3o quer negociar mudan\u00e7as na regulamenta\u00e7\u00e3o do Fundeb &raquo; Abrelivros\" \/>\n<meta property=\"og:description\" content=\"Deputados de oposi\u00e7\u00e3o pediram mais tempo para negociar mudan\u00e7as no projeto que regulamenta o novo Fundo de Manuten\u00e7\u00e3o e Desenvolvimento da Educa\u00e7\u00e3o B\u00e1sica e de Valoriza\u00e7\u00e3o dos Profissionais da Educa\u00e7\u00e3o (Fundeb). O Projeto de Lei 4372\/20 teve a urg\u00eancia aprovada nesta ter\u00e7a-feira (8) e foi inclu\u00eddo na pauta de vota\u00e7\u00f5es desta quarta-feira (9).\" \/>\n<meta property=\"og:url\" content=\"https:\/\/abrelivros.org.br\/site\/oposicao-quer-negociar-mudancas-na-regulamentacao-do-fundeb\/\" \/>\n<meta property=\"og:site_name\" content=\"Abrelivros\" \/>\n<meta property=\"article:published_time\" content=\"2020-12-09T17:10:45+00:00\" \/>\n<meta name=\"twitter:card\" content=\"summary_large_image\" \/>\n<script type=\"application\/ld+json\" class=\"yoast-schema-graph\">{\"@context\":\"https:\/\/schema.org\",\"@graph\":[{\"@type\":\"WebSite\",\"@id\":\"https:\/\/abrelivros.org.br\/site\/#website\",\"url\":\"https:\/\/abrelivros.org.br\/site\/\",\"name\":\"Abrelivros\",\"description\":\"\",\"potentialAction\":[{\"@type\":\"SearchAction\",\"target\":\"https:\/\/abrelivros.org.br\/site\/?s={search_term_string}\",\"query-input\":\"required name=search_term_string\"}],\"inLanguage\":\"pt-BR\"},{\"@type\":\"WebPage\",\"@id\":\"https:\/\/abrelivros.org.br\/site\/oposicao-quer-negociar-mudancas-na-regulamentacao-do-fundeb\/#webpage\",\"url\":\"https:\/\/abrelivros.org.br\/site\/oposicao-quer-negociar-mudancas-na-regulamentacao-do-fundeb\/\",\"name\":\"Oposi\\u00e7\\u00e3o quer negociar mudan\\u00e7as na regulamenta\\u00e7\\u00e3o do Fundeb &raquo; Abrelivros\",\"isPartOf\":{\"@id\":\"https:\/\/abrelivros.org.br\/site\/#website\"},\"datePublished\":\"2020-12-09T17:10:45+00:00\",\"dateModified\":\"2020-12-09T17:10:45+00:00\",\"author\":{\"@id\":\"https:\/\/abrelivros.org.br\/site\/#\/schema\/person\/65db80e26409802ce15ac5feec6a15fd\"},\"breadcrumb\":{\"@id\":\"https:\/\/abrelivros.org.br\/site\/oposicao-quer-negociar-mudancas-na-regulamentacao-do-fundeb\/#breadcrumb\"},\"inLanguage\":\"pt-BR\",\"potentialAction\":[{\"@type\":\"ReadAction\",\"target\":[\"https:\/\/abrelivros.org.br\/site\/oposicao-quer-negociar-mudancas-na-regulamentacao-do-fundeb\/\"]}]},{\"@type\":\"BreadcrumbList\",\"@id\":\"https:\/\/abrelivros.org.br\/site\/oposicao-quer-negociar-mudancas-na-regulamentacao-do-fundeb\/#breadcrumb\",\"itemListElement\":[{\"@type\":\"ListItem\",\"position\":1,\"item\":{\"@type\":\"WebPage\",\"@id\":\"https:\/\/abrelivros.org.br\/site\/\",\"url\":\"https:\/\/abrelivros.org.br\/site\/\",\"name\":\"In\\u00edcio\"}},{\"@type\":\"ListItem\",\"position\":2,\"item\":{\"@type\":\"WebPage\",\"@id\":\"https:\/\/abrelivros.org.br\/site\/category\/noticias\/\",\"url\":\"https:\/\/abrelivros.org.br\/site\/category\/noticias\/\",\"name\":\"Not\\u00edcias\"}},{\"@type\":\"ListItem\",\"position\":3,\"item\":{\"@type\":\"WebPage\",\"@id\":\"https:\/\/abrelivros.org.br\/site\/category\/noticias\/noticias-da-imprensa\/\",\"url\":\"https:\/\/abrelivros.org.br\/site\/category\/noticias\/noticias-da-imprensa\/\",\"name\":\"Not\\u00edcias da imprensa\"}},{\"@type\":\"ListItem\",\"position\":4,\"item\":{\"@type\":\"WebPage\",\"@id\":\"https:\/\/abrelivros.org.br\/site\/oposicao-quer-negociar-mudancas-na-regulamentacao-do-fundeb\/\",\"url\":\"https:\/\/abrelivros.org.br\/site\/oposicao-quer-negociar-mudancas-na-regulamentacao-do-fundeb\/\",\"name\":\"Oposi\\u00e7\\u00e3o quer negociar mudan\\u00e7as na regulamenta\\u00e7\\u00e3o do Fundeb\"}}]},{\"@type\":\"Person\",\"@id\":\"https:\/\/abrelivros.org.br\/site\/#\/schema\/person\/65db80e26409802ce15ac5feec6a15fd\",\"name\":\"Reda\\u00e7\\u00e3o Abrelivros\",\"image\":{\"@type\":\"ImageObject\",\"@id\":\"https:\/\/abrelivros.org.br\/site\/#personlogo\",\"inLanguage\":\"pt-BR\",\"url\":\"https:\/\/secure.gravatar.com\/avatar\/c4e57f9c7e3482965bd428192061218520756c39080b1d1820b679fa5e9af192?s=96&d=mm&r=g\",\"caption\":\"Reda\\u00e7\\u00e3o Abrelivros\"}}]}<\/script>\n<!-- \/ Yoast SEO plugin. -->","_links":{"self":[{"href":"https:\/\/abrelivros.org.br\/site\/wp-json\/wp\/v2\/posts\/12740","targetHints":{"allow":["GET"]}}],"collection":[{"href":"https:\/\/abrelivros.org.br\/site\/wp-json\/wp\/v2\/posts"}],"about":[{"href":"https:\/\/abrelivros.org.br\/site\/wp-json\/wp\/v2\/types\/post"}],"author":[{"embeddable":true,"href":"https:\/\/abrelivros.org.br\/site\/wp-json\/wp\/v2\/users\/4"}],"replies":[{"embeddable":true,"href":"https:\/\/abrelivros.org.br\/site\/wp-json\/wp\/v2\/comments?post=12740"}],"version-history":[{"count":1,"href":"https:\/\/abrelivros.org.br\/site\/wp-json\/wp\/v2\/posts\/12740\/revisions"}],"predecessor-version":[{"id":12741,"href":"https:\/\/abrelivros.org.br\/site\/wp-json\/wp\/v2\/posts\/12740\/revisions\/12741"}],"wp:attachment":[{"href":"https:\/\/abrelivros.org.br\/site\/wp-json\/wp\/v2\/media?parent=12740"}],"wp:term":[{"taxonomy":"category","embeddable":true,"href":"https:\/\/abrelivros.org.br\/site\/wp-json\/wp\/v2\/categories?post=12740"},{"taxonomy":"post_tag","embeddable":true,"href":"https:\/\/abrelivros.org.br\/site\/wp-json\/wp\/v2\/tags?post=12740"}],"curies":[{"name":"wp","href":"https:\/\/api.w.org\/{rel}","templated":true}]}}