{"id":12738,"date":"2020-12-09T13:59:18","date_gmt":"2020-12-09T16:59:18","guid":{"rendered":"https:\/\/abrelivros.org.br\/site\/?p=12738"},"modified":"2020-12-09T13:59:18","modified_gmt":"2020-12-09T16:59:18","slug":"mec-e-capes-abrem-40-mil-vagas-para-curso-de-alfabetizacao","status":"publish","type":"post","link":"https:\/\/abrelivros.org.br\/site\/mec-e-capes-abrem-40-mil-vagas-para-curso-de-alfabetizacao\/","title":{"rendered":"MEC e Capes abrem 40 mil vagas para curso de alfabetiza\u00e7\u00e3o"},"content":{"rendered":"<p>O Minist\u00e9rio da Educa\u00e7\u00e3o (MEC), em parceria com a Coordena\u00e7\u00e3o de Aperfei\u00e7oamento de Pessoal de N\u00edvel Superior (Capes), abre nesta ter\u00e7a-feira, 8 de dezembro, 40 mil vagas para professores da \u00e1rea de alfabetiza\u00e7\u00e3o no curso on-line Alfabetiza\u00e7\u00e3o Baseada na Ci\u00eancia (ABC).<!--more--><\/p>\n<p>O curso ter\u00e1 in\u00edcio em 11 de janeiro de 2021 e a dura\u00e7\u00e3o prevista \u00e9 de 160 horas, no Ambiente Virtual de Aprendizagem do MEC (Avamec). V\u00eddeos, materiais de leitura e tarefas de estudo concebidos de acordo com os princ\u00edpios da gamifica\u00e7\u00e3o e dos recursos abertos comp\u00f5em o acervo.<\/p>\n<p>Segundo Milton Ribeiro, ministro da Educa\u00e7\u00e3o, o aprimoramento inicial e continuado dos alfabetizadores \u00e9 uma miss\u00e3o do MEC. \u201cConstruir fundamentos educacionais s\u00f3lidos exige um olhar especial \u00e0 forma\u00e7\u00e3o de professores alfabetizadores. Os reflexos desse empenho poder\u00e3o ser constatados n\u00e3o apenas na educa\u00e7\u00e3o infantil e nos anos iniciais do ensino fundamental, mas em todo o sistema educacional\u201d, disse.<\/p>\n<p>Com investimento de R$ 6,3 milh\u00f5es da Capes, o curso ABC \u00e9 a primeira a\u00e7\u00e3o da parceria com institui\u00e7\u00f5es portuguesas, que contar\u00e1 tamb\u00e9m com capacita\u00e7\u00e3o presencial de profissionais da educa\u00e7\u00e3o brasileira[GSM1] , que atuam na alfabetiza\u00e7\u00e3o, em Portugal. \u201cO objetivo \u00e9 melhorar a qualidade da alfabetiza\u00e7\u00e3o das nossas crian\u00e7as, um compromisso do governo brasileiro. Para isso, \u00e9 preciso preparar e valorizar os nossos professores\u201d, explicou Benedito Aguiar, presidente da Capes. O foco est\u00e1 no ensino dos alunos da pr\u00e9-escola at\u00e9 o 2\u00ba ano do ensino fundamental.<\/p>\n<p>O curso ABC se prop\u00f5e a ofertar uma qualifica\u00e7\u00e3o de n\u00edvel internacional aos profissionais da alfabetiza\u00e7\u00e3o, aliando a teoria e a pr\u00e1tica. A iniciativa \u00e9 parte do Tempo de Aprender, programa de alfabetiza\u00e7\u00e3o escolar, e foi viabilizada por meio de uma coopera\u00e7\u00e3o internacional entre a Capes, a Secretaria de Alfabetiza\u00e7\u00e3o (Sealf) do MEC, a Universidade do Porto (UP), o Instituto Polit\u00e9cnico do Porto (IPP) e a Universidade Aberta de Portugal (UAb).<\/p>\n<p>Carlos Nadalim, secret\u00e1rio de Alfabetiza\u00e7\u00e3o do MEC, destaca a import\u00e2ncia da Funda\u00e7\u00e3o no processo. \u201cA participa\u00e7\u00e3o da Capes nessa a\u00e7\u00e3o foi decisiva. Isso porque, dentro de suas compet\u00eancias, figura o desenvolvimento profissional de professores da educa\u00e7\u00e3o b\u00e1sica no exterior\u201d, observa.<\/p>\n<p>O curso \u00e9 composto por um Manual Te\u00f3rico, de 24 cap\u00edtulos, elaborado pela Faculdade de Psicologia e de Ci\u00eancias da Educa\u00e7\u00e3o da Universidade do Porto, e um Programa de Interven\u00e7\u00e3o Pr\u00e1tico, desenvolvido pelo Centro de Investiga\u00e7\u00e3o e Interven\u00e7\u00e3o na Leitura do Instituto Polit\u00e9cnico do Porto. A Universidade Aberta de Portugal ficou respons\u00e1vel por gravar as videoaulas e produzir as legendas para o portugu\u00eas do Brasil.<\/p>\n<p>A parceria prev\u00ea, al\u00e9m da forma\u00e7\u00e3o a dist\u00e2ncia, levar professores alfabetizadores a Portugal em 2021 e 2022. Neste ano, o curso foi convertido para a modalidade on-line por conta do isolamento social imposto pela pandemia do novo coronav\u00edrus (Covid-19).<\/p>\n","protected":false},"excerpt":{"rendered":"<p>O Minist\u00e9rio da Educa\u00e7\u00e3o (MEC), em parceria com a Coordena\u00e7\u00e3o de Aperfei\u00e7oamento de Pessoal de N\u00edvel Superior (Capes), abre nesta ter\u00e7a-feira, 8 de dezembro, 40 mil vagas para professores da \u00e1rea de alfabetiza\u00e7\u00e3o no curso on-line Alfabetiza\u00e7\u00e3o Baseada na Ci\u00eancia (ABC).<\/p>\n","protected":false},"author":4,"featured_media":0,"comment_status":"closed","ping_status":"closed","sticky":false,"template":"","format":"standard","meta":{"footnotes":"","_links_to":"","_links_to_target":""},"categories":[9],"tags":[],"class_list":["post-12738","post","type-post","status-publish","format-standard","hentry","category-noticias-da-imprensa"],"yoast_head":"<!-- This site is optimized with the Yoast SEO plugin v15.1 - https:\/\/yoast.com\/wordpress\/plugins\/seo\/ -->\n<title>MEC e Capes abrem 40 mil vagas para curso de alfabetiza\u00e7\u00e3o &raquo; Abrelivros<\/title>\n<meta name=\"robots\" content=\"index, follow, max-snippet:-1, max-image-preview:large, max-video-preview:-1\" \/>\n<link rel=\"canonical\" href=\"https:\/\/abrelivros.org.br\/site\/mec-e-capes-abrem-40-mil-vagas-para-curso-de-alfabetizacao\/\" \/>\n<meta property=\"og:locale\" content=\"pt_BR\" \/>\n<meta property=\"og:type\" content=\"article\" \/>\n<meta property=\"og:title\" content=\"MEC e Capes abrem 40 mil vagas para curso de alfabetiza\u00e7\u00e3o &raquo; Abrelivros\" \/>\n<meta property=\"og:description\" content=\"O Minist\u00e9rio da Educa\u00e7\u00e3o (MEC), em parceria com a Coordena\u00e7\u00e3o de Aperfei\u00e7oamento de Pessoal de N\u00edvel Superior (Capes), abre nesta ter\u00e7a-feira, 8 de dezembro, 40 mil vagas para professores da \u00e1rea de alfabetiza\u00e7\u00e3o no curso on-line Alfabetiza\u00e7\u00e3o Baseada na Ci\u00eancia (ABC).\" \/>\n<meta property=\"og:url\" content=\"https:\/\/abrelivros.org.br\/site\/mec-e-capes-abrem-40-mil-vagas-para-curso-de-alfabetizacao\/\" \/>\n<meta property=\"og:site_name\" content=\"Abrelivros\" \/>\n<meta property=\"article:published_time\" content=\"2020-12-09T16:59:18+00:00\" \/>\n<meta name=\"twitter:card\" content=\"summary_large_image\" \/>\n<script type=\"application\/ld+json\" class=\"yoast-schema-graph\">{\"@context\":\"https:\/\/schema.org\",\"@graph\":[{\"@type\":\"WebSite\",\"@id\":\"https:\/\/abrelivros.org.br\/site\/#website\",\"url\":\"https:\/\/abrelivros.org.br\/site\/\",\"name\":\"Abrelivros\",\"description\":\"\",\"potentialAction\":[{\"@type\":\"SearchAction\",\"target\":\"https:\/\/abrelivros.org.br\/site\/?s={search_term_string}\",\"query-input\":\"required name=search_term_string\"}],\"inLanguage\":\"pt-BR\"},{\"@type\":\"WebPage\",\"@id\":\"https:\/\/abrelivros.org.br\/site\/mec-e-capes-abrem-40-mil-vagas-para-curso-de-alfabetizacao\/#webpage\",\"url\":\"https:\/\/abrelivros.org.br\/site\/mec-e-capes-abrem-40-mil-vagas-para-curso-de-alfabetizacao\/\",\"name\":\"MEC e Capes abrem 40 mil vagas para curso de alfabetiza\\u00e7\\u00e3o &raquo; Abrelivros\",\"isPartOf\":{\"@id\":\"https:\/\/abrelivros.org.br\/site\/#website\"},\"datePublished\":\"2020-12-09T16:59:18+00:00\",\"dateModified\":\"2020-12-09T16:59:18+00:00\",\"author\":{\"@id\":\"https:\/\/abrelivros.org.br\/site\/#\/schema\/person\/65db80e26409802ce15ac5feec6a15fd\"},\"breadcrumb\":{\"@id\":\"https:\/\/abrelivros.org.br\/site\/mec-e-capes-abrem-40-mil-vagas-para-curso-de-alfabetizacao\/#breadcrumb\"},\"inLanguage\":\"pt-BR\",\"potentialAction\":[{\"@type\":\"ReadAction\",\"target\":[\"https:\/\/abrelivros.org.br\/site\/mec-e-capes-abrem-40-mil-vagas-para-curso-de-alfabetizacao\/\"]}]},{\"@type\":\"BreadcrumbList\",\"@id\":\"https:\/\/abrelivros.org.br\/site\/mec-e-capes-abrem-40-mil-vagas-para-curso-de-alfabetizacao\/#breadcrumb\",\"itemListElement\":[{\"@type\":\"ListItem\",\"position\":1,\"item\":{\"@type\":\"WebPage\",\"@id\":\"https:\/\/abrelivros.org.br\/site\/\",\"url\":\"https:\/\/abrelivros.org.br\/site\/\",\"name\":\"In\\u00edcio\"}},{\"@type\":\"ListItem\",\"position\":2,\"item\":{\"@type\":\"WebPage\",\"@id\":\"https:\/\/abrelivros.org.br\/site\/category\/noticias\/\",\"url\":\"https:\/\/abrelivros.org.br\/site\/category\/noticias\/\",\"name\":\"Not\\u00edcias\"}},{\"@type\":\"ListItem\",\"position\":3,\"item\":{\"@type\":\"WebPage\",\"@id\":\"https:\/\/abrelivros.org.br\/site\/category\/noticias\/noticias-da-imprensa\/\",\"url\":\"https:\/\/abrelivros.org.br\/site\/category\/noticias\/noticias-da-imprensa\/\",\"name\":\"Not\\u00edcias da imprensa\"}},{\"@type\":\"ListItem\",\"position\":4,\"item\":{\"@type\":\"WebPage\",\"@id\":\"https:\/\/abrelivros.org.br\/site\/mec-e-capes-abrem-40-mil-vagas-para-curso-de-alfabetizacao\/\",\"url\":\"https:\/\/abrelivros.org.br\/site\/mec-e-capes-abrem-40-mil-vagas-para-curso-de-alfabetizacao\/\",\"name\":\"MEC e Capes abrem 40 mil vagas para curso de alfabetiza\\u00e7\\u00e3o\"}}]},{\"@type\":\"Person\",\"@id\":\"https:\/\/abrelivros.org.br\/site\/#\/schema\/person\/65db80e26409802ce15ac5feec6a15fd\",\"name\":\"Reda\\u00e7\\u00e3o Abrelivros\",\"image\":{\"@type\":\"ImageObject\",\"@id\":\"https:\/\/abrelivros.org.br\/site\/#personlogo\",\"inLanguage\":\"pt-BR\",\"url\":\"https:\/\/secure.gravatar.com\/avatar\/c4e57f9c7e3482965bd428192061218520756c39080b1d1820b679fa5e9af192?s=96&d=mm&r=g\",\"caption\":\"Reda\\u00e7\\u00e3o Abrelivros\"}}]}<\/script>\n<!-- \/ Yoast SEO plugin. -->","_links":{"self":[{"href":"https:\/\/abrelivros.org.br\/site\/wp-json\/wp\/v2\/posts\/12738","targetHints":{"allow":["GET"]}}],"collection":[{"href":"https:\/\/abrelivros.org.br\/site\/wp-json\/wp\/v2\/posts"}],"about":[{"href":"https:\/\/abrelivros.org.br\/site\/wp-json\/wp\/v2\/types\/post"}],"author":[{"embeddable":true,"href":"https:\/\/abrelivros.org.br\/site\/wp-json\/wp\/v2\/users\/4"}],"replies":[{"embeddable":true,"href":"https:\/\/abrelivros.org.br\/site\/wp-json\/wp\/v2\/comments?post=12738"}],"version-history":[{"count":1,"href":"https:\/\/abrelivros.org.br\/site\/wp-json\/wp\/v2\/posts\/12738\/revisions"}],"predecessor-version":[{"id":12739,"href":"https:\/\/abrelivros.org.br\/site\/wp-json\/wp\/v2\/posts\/12738\/revisions\/12739"}],"wp:attachment":[{"href":"https:\/\/abrelivros.org.br\/site\/wp-json\/wp\/v2\/media?parent=12738"}],"wp:term":[{"taxonomy":"category","embeddable":true,"href":"https:\/\/abrelivros.org.br\/site\/wp-json\/wp\/v2\/categories?post=12738"},{"taxonomy":"post_tag","embeddable":true,"href":"https:\/\/abrelivros.org.br\/site\/wp-json\/wp\/v2\/tags?post=12738"}],"curies":[{"name":"wp","href":"https:\/\/api.w.org\/{rel}","templated":true}]}}