{"id":12736,"date":"2020-12-09T13:55:50","date_gmt":"2020-12-09T16:55:50","guid":{"rendered":"https:\/\/abrelivros.org.br\/site\/?p=12736"},"modified":"2020-12-09T13:55:50","modified_gmt":"2020-12-09T16:55:50","slug":"podemos-reavaliar-pensamentos-sobre-homeschooling-diz-ministro-da-educacao","status":"publish","type":"post","link":"https:\/\/abrelivros.org.br\/site\/podemos-reavaliar-pensamentos-sobre-homeschooling-diz-ministro-da-educacao\/","title":{"rendered":"Podemos reavaliar pensamentos sobre homeschooling, diz ministro da Educa\u00e7\u00e3o"},"content":{"rendered":"<p>O ministro da Educa\u00e7\u00e3o, Milton Ribeiro, disse hoje que as transforma\u00e7\u00f5es decorrentes da pandemia do novo <a href=\"https:\/\/www.uol.com.br\/vivabem\/noticias\/redacao\/2020\/01\/25\/tire-suas-principais-duvidas-sobre-o-coronavirus-que-se-espalha-pelo-mundo.htm\" target=\"_blank\" rel=\"noopener noreferrer\">coronav\u00edrus<\/a> podem levar a sociedade a reavaliar seus pensamentos sobre a educa\u00e7\u00e3o domiciliar, <a href=\"https:\/\/noticias.uol.com.br\/ultimas-noticias\/bbc\/2020\/04\/21\/regulamentacao-do-homeschooling-ganha-novo-folego-em-brasilia-com-isolamento-por-covid-19.htm\" target=\"_blank\" rel=\"noopener noreferrer\">tamb\u00e9m chamada de homeschooling<\/a>.<!--more--><\/p>\n<p>Em refer\u00eancia \u00e0s mudan\u00e7as de rotina devido \u00e0 necessidade do isolamento social, Ribeiro declarou que os lares brasileiros &#8220;foram convertidos emergencialmente em espa\u00e7os de estudo e de trabalho&#8221;, onde pais, professores e estudantes tiveram de desenvolver suas atividades laborais, de ensino e de aprendizagem.<\/p>\n<p>Em seguida, afirmou: &#8220;aqui eu ouso dizer, s\u00f3 a t\u00edtulo de quase provoca\u00e7\u00e3o, que \u00e9 alguma coisa que n\u00f3s podemos reavaliar os nossos pensamentos e sentimentos a respeito do homeschooling, depois de tudo o que passamos&#8221;.<\/p>\n<p>A pr\u00e1tica do homeschooling n\u00e3o \u00e9 permitida no Brasil por decis\u00e3o do<a href=\"https:\/\/noticias.uol.com.br\/politica\/stf-supremo-tribunal-federal\/\" target=\"_blank\" rel=\"noopener noreferrer\"> STF<\/a> (Supremo Tribunal Federal), que em setembro de 2018 entendeu n\u00e3o haver uma lei que regulamente o ensino domiciliar no pa\u00eds. A pauta \u00e9 cara ao presidente<a href=\"https:\/\/noticias.uol.com.br\/politica\/governo-bolsonaro\/\" target=\"_blank\" rel=\"noopener noreferrer\"> Jair Bolsonaro<\/a> (sem partido) e tamb\u00e9m \u00e9 apoiada por grupos religiosos e conservadores.<\/p>\n<p>Em 2019, o governo chegou a dizer que enviaria uma Medida Provis\u00f3ria ao Congresso para tratar sobre o tema, mas acabou encaminhando uma proposta de projeto de lei. Essa proposta, no entanto, n\u00e3o avan\u00e7ou na C\u00e2mara at\u00e9 hoje.<\/p>\n<p><strong>Ensino presencial<\/strong><\/p>\n<p>Ribeiro participou hoje do 8\u00ba F\u00f3rum Nacional Extraordin\u00e1rio da Undime (Uni\u00e3o dos Dirigentes Municipais de Educa\u00e7\u00e3o), promovido de forma totalmente virtual. Em sua fala, o ministro tamb\u00e9m fez uma defesa do ensino presencial, apesar de destacar a import\u00e2ncia do ensino remoto.<\/p>\n<p>&#8220;O ano de 2020 foi at\u00edpico. O confinamento de estudantes e professores, decorrente dessa pandemia, acelerou um processo de transforma\u00e7\u00f5es substanciais no campo da educa\u00e7\u00e3o&#8221;, afirmou. &#8220;Mas quero dizer, apesar de alguns n\u00e3o concordarem, o que penso sobre as quest\u00f5es digitais. [S\u00e3o] muito bem-vindas, muito apropriadas, mas a aula presencial e a figura do professor s\u00e3o insubstitu\u00edveis no ensino e no aprendizado.&#8221;<\/p>\n<p>Para Ribeiro, ainda n\u00e3o estamos em um tempo em que \u00e9 poss\u00edvel &#8220;dispensar&#8221; a figura e o impacto do professor, cujo \u00e2nimo deixa marcas e impress\u00f5es na vida de seus alunos.<\/p>\n<p>&#8220;Eu posso n\u00e3o ter nenhuma conex\u00e3o, posso n\u00e3o ter estrutura e nem m\u00e9todos mais modernos, mas se eu tiver um bom professor e reunir os alunos embaixo de um toldo, de uma \u00e1rvore, posso ter uma educa\u00e7\u00e3o, uma alfabetiza\u00e7\u00e3o&#8221;, afirmou o ministro.<\/p>\n<p>O tema das aulas presenciais foi centro de pol\u00eamica recente envolvendo o MEC (Minist\u00e9rio da Educa\u00e7\u00e3o) e o nome do ministro. Na semana passada, Ribeiro publicou uma portaria que determinava a retomada presencial das atividades em institui\u00e7\u00f5es federais de ensino superior para o m\u00eas de janeiro.<\/p>\n<p>A medida n\u00e3o foi bem recebida por reitores e membros da comunidade acad\u00eamica. Ap\u00f3s a publica\u00e7\u00e3o da portaria, Ribeiro se reuniu com os dirigentes. Depois disso, <a href=\"https:\/\/www1.folha.uol.com.br\/educacao\/2020\/12\/apos-anuncio-alvo-de-criticas-ministro-da-educacao-nao-define-retorno-das-aulas-presenciais.shtml\" target=\"_blank\" rel=\"noopener noreferrer\">decidiu manter a autoriza\u00e7\u00e3o para as atividades remotas, mas n\u00e3o informou at\u00e9 quando.<\/a><\/p>\n","protected":false},"excerpt":{"rendered":"<p>O ministro da Educa\u00e7\u00e3o, Milton Ribeiro, disse hoje que as transforma\u00e7\u00f5es decorrentes da pandemia do novo coronav\u00edrus podem levar a sociedade a reavaliar seus pensamentos sobre a educa\u00e7\u00e3o domiciliar, tamb\u00e9m chamada de homeschooling.<\/p>\n","protected":false},"author":4,"featured_media":0,"comment_status":"closed","ping_status":"closed","sticky":false,"template":"","format":"standard","meta":{"footnotes":"","_links_to":"","_links_to_target":""},"categories":[9],"tags":[],"class_list":["post-12736","post","type-post","status-publish","format-standard","hentry","category-noticias-da-imprensa"],"yoast_head":"<!-- This site is optimized with the Yoast SEO plugin v15.1 - https:\/\/yoast.com\/wordpress\/plugins\/seo\/ -->\n<title>Podemos reavaliar pensamentos sobre homeschooling, diz ministro da Educa\u00e7\u00e3o &raquo; Abrelivros<\/title>\n<meta name=\"robots\" content=\"index, follow, max-snippet:-1, max-image-preview:large, max-video-preview:-1\" \/>\n<link rel=\"canonical\" href=\"https:\/\/abrelivros.org.br\/site\/podemos-reavaliar-pensamentos-sobre-homeschooling-diz-ministro-da-educacao\/\" \/>\n<meta property=\"og:locale\" content=\"pt_BR\" \/>\n<meta property=\"og:type\" content=\"article\" \/>\n<meta property=\"og:title\" content=\"Podemos reavaliar pensamentos sobre homeschooling, diz ministro da Educa\u00e7\u00e3o &raquo; Abrelivros\" \/>\n<meta property=\"og:description\" content=\"O ministro da Educa\u00e7\u00e3o, Milton Ribeiro, disse hoje que as transforma\u00e7\u00f5es decorrentes da pandemia do novo coronav\u00edrus podem levar a sociedade a reavaliar seus pensamentos sobre a educa\u00e7\u00e3o domiciliar, tamb\u00e9m chamada de homeschooling.\" \/>\n<meta property=\"og:url\" content=\"https:\/\/abrelivros.org.br\/site\/podemos-reavaliar-pensamentos-sobre-homeschooling-diz-ministro-da-educacao\/\" \/>\n<meta property=\"og:site_name\" content=\"Abrelivros\" \/>\n<meta property=\"article:published_time\" content=\"2020-12-09T16:55:50+00:00\" \/>\n<meta name=\"twitter:card\" content=\"summary_large_image\" \/>\n<script type=\"application\/ld+json\" class=\"yoast-schema-graph\">{\"@context\":\"https:\/\/schema.org\",\"@graph\":[{\"@type\":\"WebSite\",\"@id\":\"https:\/\/abrelivros.org.br\/site\/#website\",\"url\":\"https:\/\/abrelivros.org.br\/site\/\",\"name\":\"Abrelivros\",\"description\":\"\",\"potentialAction\":[{\"@type\":\"SearchAction\",\"target\":\"https:\/\/abrelivros.org.br\/site\/?s={search_term_string}\",\"query-input\":\"required name=search_term_string\"}],\"inLanguage\":\"pt-BR\"},{\"@type\":\"WebPage\",\"@id\":\"https:\/\/abrelivros.org.br\/site\/podemos-reavaliar-pensamentos-sobre-homeschooling-diz-ministro-da-educacao\/#webpage\",\"url\":\"https:\/\/abrelivros.org.br\/site\/podemos-reavaliar-pensamentos-sobre-homeschooling-diz-ministro-da-educacao\/\",\"name\":\"Podemos reavaliar pensamentos sobre homeschooling, diz ministro da Educa\\u00e7\\u00e3o &raquo; Abrelivros\",\"isPartOf\":{\"@id\":\"https:\/\/abrelivros.org.br\/site\/#website\"},\"datePublished\":\"2020-12-09T16:55:50+00:00\",\"dateModified\":\"2020-12-09T16:55:50+00:00\",\"author\":{\"@id\":\"https:\/\/abrelivros.org.br\/site\/#\/schema\/person\/65db80e26409802ce15ac5feec6a15fd\"},\"breadcrumb\":{\"@id\":\"https:\/\/abrelivros.org.br\/site\/podemos-reavaliar-pensamentos-sobre-homeschooling-diz-ministro-da-educacao\/#breadcrumb\"},\"inLanguage\":\"pt-BR\",\"potentialAction\":[{\"@type\":\"ReadAction\",\"target\":[\"https:\/\/abrelivros.org.br\/site\/podemos-reavaliar-pensamentos-sobre-homeschooling-diz-ministro-da-educacao\/\"]}]},{\"@type\":\"BreadcrumbList\",\"@id\":\"https:\/\/abrelivros.org.br\/site\/podemos-reavaliar-pensamentos-sobre-homeschooling-diz-ministro-da-educacao\/#breadcrumb\",\"itemListElement\":[{\"@type\":\"ListItem\",\"position\":1,\"item\":{\"@type\":\"WebPage\",\"@id\":\"https:\/\/abrelivros.org.br\/site\/\",\"url\":\"https:\/\/abrelivros.org.br\/site\/\",\"name\":\"In\\u00edcio\"}},{\"@type\":\"ListItem\",\"position\":2,\"item\":{\"@type\":\"WebPage\",\"@id\":\"https:\/\/abrelivros.org.br\/site\/category\/noticias\/\",\"url\":\"https:\/\/abrelivros.org.br\/site\/category\/noticias\/\",\"name\":\"Not\\u00edcias\"}},{\"@type\":\"ListItem\",\"position\":3,\"item\":{\"@type\":\"WebPage\",\"@id\":\"https:\/\/abrelivros.org.br\/site\/category\/noticias\/noticias-da-imprensa\/\",\"url\":\"https:\/\/abrelivros.org.br\/site\/category\/noticias\/noticias-da-imprensa\/\",\"name\":\"Not\\u00edcias da imprensa\"}},{\"@type\":\"ListItem\",\"position\":4,\"item\":{\"@type\":\"WebPage\",\"@id\":\"https:\/\/abrelivros.org.br\/site\/podemos-reavaliar-pensamentos-sobre-homeschooling-diz-ministro-da-educacao\/\",\"url\":\"https:\/\/abrelivros.org.br\/site\/podemos-reavaliar-pensamentos-sobre-homeschooling-diz-ministro-da-educacao\/\",\"name\":\"Podemos reavaliar pensamentos sobre homeschooling, diz ministro da Educa\\u00e7\\u00e3o\"}}]},{\"@type\":\"Person\",\"@id\":\"https:\/\/abrelivros.org.br\/site\/#\/schema\/person\/65db80e26409802ce15ac5feec6a15fd\",\"name\":\"Reda\\u00e7\\u00e3o Abrelivros\",\"image\":{\"@type\":\"ImageObject\",\"@id\":\"https:\/\/abrelivros.org.br\/site\/#personlogo\",\"inLanguage\":\"pt-BR\",\"url\":\"https:\/\/secure.gravatar.com\/avatar\/c4e57f9c7e3482965bd428192061218520756c39080b1d1820b679fa5e9af192?s=96&d=mm&r=g\",\"caption\":\"Reda\\u00e7\\u00e3o Abrelivros\"}}]}<\/script>\n<!-- \/ Yoast SEO plugin. -->","_links":{"self":[{"href":"https:\/\/abrelivros.org.br\/site\/wp-json\/wp\/v2\/posts\/12736","targetHints":{"allow":["GET"]}}],"collection":[{"href":"https:\/\/abrelivros.org.br\/site\/wp-json\/wp\/v2\/posts"}],"about":[{"href":"https:\/\/abrelivros.org.br\/site\/wp-json\/wp\/v2\/types\/post"}],"author":[{"embeddable":true,"href":"https:\/\/abrelivros.org.br\/site\/wp-json\/wp\/v2\/users\/4"}],"replies":[{"embeddable":true,"href":"https:\/\/abrelivros.org.br\/site\/wp-json\/wp\/v2\/comments?post=12736"}],"version-history":[{"count":1,"href":"https:\/\/abrelivros.org.br\/site\/wp-json\/wp\/v2\/posts\/12736\/revisions"}],"predecessor-version":[{"id":12737,"href":"https:\/\/abrelivros.org.br\/site\/wp-json\/wp\/v2\/posts\/12736\/revisions\/12737"}],"wp:attachment":[{"href":"https:\/\/abrelivros.org.br\/site\/wp-json\/wp\/v2\/media?parent=12736"}],"wp:term":[{"taxonomy":"category","embeddable":true,"href":"https:\/\/abrelivros.org.br\/site\/wp-json\/wp\/v2\/categories?post=12736"},{"taxonomy":"post_tag","embeddable":true,"href":"https:\/\/abrelivros.org.br\/site\/wp-json\/wp\/v2\/tags?post=12736"}],"curies":[{"name":"wp","href":"https:\/\/api.w.org\/{rel}","templated":true}]}}