{"id":12730,"date":"2020-12-08T14:36:56","date_gmt":"2020-12-08T17:36:56","guid":{"rendered":"https:\/\/abrelivros.org.br\/site\/?p=12730"},"modified":"2020-12-08T14:36:56","modified_gmt":"2020-12-08T17:36:56","slug":"o-que-esperar-do-futuro","status":"publish","type":"post","link":"https:\/\/abrelivros.org.br\/site\/o-que-esperar-do-futuro\/","title":{"rendered":"O que esperar do futuro?"},"content":{"rendered":"<p>Em 2019, a Pearson realizou uma pesquisa que apontou que 71% dos brasileiros acreditavam que o livro did\u00e1tico estar\u00e1 obsoleto em cinco anos. O mesmo estudo foi repetido em 2020 e a principal conclus\u00e3o \u00e9 que a pandemia catalisou mudan\u00e7as profundas na Educa\u00e7\u00e3o. Tr\u00eas em cada quatro pessoas disseram acreditar que a pandemia do covid-19 transformar\u00e1 fundamentalmente a Educa\u00e7\u00e3o. O ensino a dist\u00e2ncia far\u00e1 parte do dia a dia das pessoas, independentemente da idade e as incertezas econ\u00f4micas levar\u00e3o as pessoas a se qualificarem melhor. No Brasil, 90% dos respondentes afirmaram que o ensino on-line far\u00e1 parte da educa\u00e7\u00e3o de crian\u00e7as daqui para frente.<!--more--><\/p>\n<p>Os impactos dessas transforma\u00e7\u00f5es no setor editorial s\u00e3o evidentes. Qual o futuro que se descortina a partir desta constata\u00e7\u00e3o? \u00c9 o que especialistas v\u00e3o debater na EdTech Meeting, que o PublishNews realiza no pr\u00f3ximo dia 15, \u00e0s 15h, em ambiente virtual. O encontro reunir\u00e1 representantes de startups e empresas de educa\u00e7\u00e3o que debater\u00e3o o futuro do setor e quais ferramentas dever\u00e3o ser adotadas para garantir a sua sobreviv\u00eancia.<\/p>\n<p>Jo\u00e3o Leal, fundador da \u00c1rvore de Livros, debater\u00e1 com Mauris Henrique Poggio dos Santos, coordenador de produtos digitais da FTD Educa\u00e7\u00e3o temas relevantes para o setor que faturou R$ 2,85 bilh\u00f5es no ano passado. A conversa ser\u00e1 conduzida por Gabriela Dias, colunista do PublishNews e especialista no tema, sendo criadora do Moderna Plus, cole\u00e7\u00e3o did\u00e1tica interativa da Editora Moderna, e de plataformas como Rio de Machado e Educabot.<\/p>\n<p>As inscri\u00e7\u00f5es, gratuitas, podem ser feitas <a href=\"https:\/\/conteudo.publishnews.com.br\/edtech-meeting\" target=\"_blank\" rel=\"noopener noreferrer\">clicando aqui<\/a>. O EdTech Meeting tem o patroc\u00ednio da PosiGraf.<\/p>\n","protected":false},"excerpt":{"rendered":"<p>Em 2019, a Pearson realizou uma pesquisa que apontou que 71% dos brasileiros acreditavam que o livro did\u00e1tico estar\u00e1 obsoleto em cinco anos. O mesmo estudo foi repetido em 2020 e a principal conclus\u00e3o \u00e9 que a pandemia catalisou mudan\u00e7as profundas na Educa\u00e7\u00e3o. Tr\u00eas em cada quatro pessoas disseram acreditar que a pandemia do covid-19 [&hellip;]<\/p>\n","protected":false},"author":4,"featured_media":0,"comment_status":"closed","ping_status":"closed","sticky":false,"template":"","format":"standard","meta":{"footnotes":"","_links_to":"","_links_to_target":""},"categories":[9],"tags":[],"class_list":["post-12730","post","type-post","status-publish","format-standard","hentry","category-noticias-da-imprensa"],"yoast_head":"<!-- This site is optimized with the Yoast SEO plugin v15.1 - https:\/\/yoast.com\/wordpress\/plugins\/seo\/ -->\n<title>O que esperar do futuro? &raquo; Abrelivros<\/title>\n<meta name=\"robots\" content=\"index, follow, max-snippet:-1, max-image-preview:large, max-video-preview:-1\" \/>\n<link rel=\"canonical\" href=\"https:\/\/abrelivros.org.br\/site\/o-que-esperar-do-futuro\/\" \/>\n<meta property=\"og:locale\" content=\"pt_BR\" \/>\n<meta property=\"og:type\" content=\"article\" \/>\n<meta property=\"og:title\" content=\"O que esperar do futuro? &raquo; Abrelivros\" \/>\n<meta property=\"og:description\" content=\"Em 2019, a Pearson realizou uma pesquisa que apontou que 71% dos brasileiros acreditavam que o livro did\u00e1tico estar\u00e1 obsoleto em cinco anos. O mesmo estudo foi repetido em 2020 e a principal conclus\u00e3o \u00e9 que a pandemia catalisou mudan\u00e7as profundas na Educa\u00e7\u00e3o. Tr\u00eas em cada quatro pessoas disseram acreditar que a pandemia do covid-19 [&hellip;]\" \/>\n<meta property=\"og:url\" content=\"https:\/\/abrelivros.org.br\/site\/o-que-esperar-do-futuro\/\" \/>\n<meta property=\"og:site_name\" content=\"Abrelivros\" \/>\n<meta property=\"article:published_time\" content=\"2020-12-08T17:36:56+00:00\" \/>\n<meta name=\"twitter:card\" content=\"summary_large_image\" \/>\n<script type=\"application\/ld+json\" class=\"yoast-schema-graph\">{\"@context\":\"https:\/\/schema.org\",\"@graph\":[{\"@type\":\"WebSite\",\"@id\":\"https:\/\/abrelivros.org.br\/site\/#website\",\"url\":\"https:\/\/abrelivros.org.br\/site\/\",\"name\":\"Abrelivros\",\"description\":\"\",\"potentialAction\":[{\"@type\":\"SearchAction\",\"target\":\"https:\/\/abrelivros.org.br\/site\/?s={search_term_string}\",\"query-input\":\"required name=search_term_string\"}],\"inLanguage\":\"pt-BR\"},{\"@type\":\"WebPage\",\"@id\":\"https:\/\/abrelivros.org.br\/site\/o-que-esperar-do-futuro\/#webpage\",\"url\":\"https:\/\/abrelivros.org.br\/site\/o-que-esperar-do-futuro\/\",\"name\":\"O que esperar do futuro? &raquo; Abrelivros\",\"isPartOf\":{\"@id\":\"https:\/\/abrelivros.org.br\/site\/#website\"},\"datePublished\":\"2020-12-08T17:36:56+00:00\",\"dateModified\":\"2020-12-08T17:36:56+00:00\",\"author\":{\"@id\":\"https:\/\/abrelivros.org.br\/site\/#\/schema\/person\/65db80e26409802ce15ac5feec6a15fd\"},\"breadcrumb\":{\"@id\":\"https:\/\/abrelivros.org.br\/site\/o-que-esperar-do-futuro\/#breadcrumb\"},\"inLanguage\":\"pt-BR\",\"potentialAction\":[{\"@type\":\"ReadAction\",\"target\":[\"https:\/\/abrelivros.org.br\/site\/o-que-esperar-do-futuro\/\"]}]},{\"@type\":\"BreadcrumbList\",\"@id\":\"https:\/\/abrelivros.org.br\/site\/o-que-esperar-do-futuro\/#breadcrumb\",\"itemListElement\":[{\"@type\":\"ListItem\",\"position\":1,\"item\":{\"@type\":\"WebPage\",\"@id\":\"https:\/\/abrelivros.org.br\/site\/\",\"url\":\"https:\/\/abrelivros.org.br\/site\/\",\"name\":\"In\\u00edcio\"}},{\"@type\":\"ListItem\",\"position\":2,\"item\":{\"@type\":\"WebPage\",\"@id\":\"https:\/\/abrelivros.org.br\/site\/category\/noticias\/\",\"url\":\"https:\/\/abrelivros.org.br\/site\/category\/noticias\/\",\"name\":\"Not\\u00edcias\"}},{\"@type\":\"ListItem\",\"position\":3,\"item\":{\"@type\":\"WebPage\",\"@id\":\"https:\/\/abrelivros.org.br\/site\/category\/noticias\/noticias-da-imprensa\/\",\"url\":\"https:\/\/abrelivros.org.br\/site\/category\/noticias\/noticias-da-imprensa\/\",\"name\":\"Not\\u00edcias da imprensa\"}},{\"@type\":\"ListItem\",\"position\":4,\"item\":{\"@type\":\"WebPage\",\"@id\":\"https:\/\/abrelivros.org.br\/site\/o-que-esperar-do-futuro\/\",\"url\":\"https:\/\/abrelivros.org.br\/site\/o-que-esperar-do-futuro\/\",\"name\":\"O que esperar do futuro?\"}}]},{\"@type\":\"Person\",\"@id\":\"https:\/\/abrelivros.org.br\/site\/#\/schema\/person\/65db80e26409802ce15ac5feec6a15fd\",\"name\":\"Reda\\u00e7\\u00e3o Abrelivros\",\"image\":{\"@type\":\"ImageObject\",\"@id\":\"https:\/\/abrelivros.org.br\/site\/#personlogo\",\"inLanguage\":\"pt-BR\",\"url\":\"https:\/\/secure.gravatar.com\/avatar\/c4e57f9c7e3482965bd428192061218520756c39080b1d1820b679fa5e9af192?s=96&d=mm&r=g\",\"caption\":\"Reda\\u00e7\\u00e3o Abrelivros\"}}]}<\/script>\n<!-- \/ Yoast SEO plugin. -->","_links":{"self":[{"href":"https:\/\/abrelivros.org.br\/site\/wp-json\/wp\/v2\/posts\/12730","targetHints":{"allow":["GET"]}}],"collection":[{"href":"https:\/\/abrelivros.org.br\/site\/wp-json\/wp\/v2\/posts"}],"about":[{"href":"https:\/\/abrelivros.org.br\/site\/wp-json\/wp\/v2\/types\/post"}],"author":[{"embeddable":true,"href":"https:\/\/abrelivros.org.br\/site\/wp-json\/wp\/v2\/users\/4"}],"replies":[{"embeddable":true,"href":"https:\/\/abrelivros.org.br\/site\/wp-json\/wp\/v2\/comments?post=12730"}],"version-history":[{"count":1,"href":"https:\/\/abrelivros.org.br\/site\/wp-json\/wp\/v2\/posts\/12730\/revisions"}],"predecessor-version":[{"id":12731,"href":"https:\/\/abrelivros.org.br\/site\/wp-json\/wp\/v2\/posts\/12730\/revisions\/12731"}],"wp:attachment":[{"href":"https:\/\/abrelivros.org.br\/site\/wp-json\/wp\/v2\/media?parent=12730"}],"wp:term":[{"taxonomy":"category","embeddable":true,"href":"https:\/\/abrelivros.org.br\/site\/wp-json\/wp\/v2\/categories?post=12730"},{"taxonomy":"post_tag","embeddable":true,"href":"https:\/\/abrelivros.org.br\/site\/wp-json\/wp\/v2\/tags?post=12730"}],"curies":[{"name":"wp","href":"https:\/\/api.w.org\/{rel}","templated":true}]}}