{"id":12728,"date":"2020-12-08T14:34:24","date_gmt":"2020-12-08T17:34:24","guid":{"rendered":"https:\/\/abrelivros.org.br\/site\/?p=12728"},"modified":"2020-12-08T14:34:24","modified_gmt":"2020-12-08T17:34:24","slug":"cinco-escolas-publicas-disputam-premio-de-gestao-escolar-com-acoes-durante-a-pandemia","status":"publish","type":"post","link":"https:\/\/abrelivros.org.br\/site\/cinco-escolas-publicas-disputam-premio-de-gestao-escolar-com-acoes-durante-a-pandemia\/","title":{"rendered":"Cinco escolas p\u00fablicas disputam Pr\u00eamio de Gest\u00e3o Escolar com a\u00e7\u00f5es durante a pandemia"},"content":{"rendered":"<p>Cinco escolas p\u00fablicas estaduais e municipais disputam o t\u00edtulo de Refer\u00eancia Nacional em Gest\u00e3o Escolar, com a\u00e7\u00f5es para manuten\u00e7\u00e3o do ensino\/aprendizagem durante a pandemia. Elas foram escolhidas entre as mais de 8 mil escolas inscritas na edi\u00e7\u00e3o 2020 do Pr\u00eamio Gest\u00e3o Escolar, promovido pelo Conselho Nacional de Secret\u00e1rios de Educa\u00e7\u00e3o (Consed), pela Uni\u00e3o Nacional dos Dirigentes Municipais de Educa\u00e7\u00e3o (Undime) e pela Organiza\u00e7\u00e3o dos Estados Ibero-americanos para a Educa\u00e7\u00e3o a Ci\u00eancia e a Cultura (OEI).<!--more--><\/p>\n<p><strong>A cerim\u00f4nia virtual de encerramento do pr\u00eamio ser\u00e1 transmitida ao vivo, na pr\u00f3xima quinta-feira (10), a partir das 16h30, pela TV Escola. <\/strong>Os interessados v\u00e3o poder acompanhar pela internet, por meio do canal no Youtube da TV Escola (<a href=\"https:\/\/www.youtube.com\/user\/tvescola\" target=\"_blank\" rel=\"noopener noreferrer\">www.youtube.com\/tvescola<\/a>), na antena parab\u00f3lica ou nos canais de TVs por assinatura.<\/p>\n<p>Para a secret\u00e1ria de Educa\u00e7\u00e3o do Tocantins e coordenadora do pr\u00eamio, Adriana Aguiar, esse ser\u00e1 um momento de coroamento dos esfor\u00e7os n\u00e3o apenas das escolas finalistas, mas de todas as redes, gestores, t\u00e9cnicos, professores, pais e alunos, que tanto se dedicaram para superar os desafios impostos pela crise do Coronav\u00edrus. \u201c2020 \u00e9 um ano que ficar\u00e1 marcado na vida de todos, especialmente para os que fazem a Educa\u00e7\u00e3o. Por isso, mais do que nunca, precisamos valorizar a criatividade e a supera\u00e7\u00e3o dos que est\u00e3o no ch\u00e3o da escola.\u201d<\/p>\n<p>Entre as escolas finalistas est\u00e3o a Escola Classe 15 de Ceil\u00e2ndia, que fica localizada em Bras\u00edlia (DF), representando a Regi\u00e3o Centro-Oeste; a Escola Estadual Professora Maria de Menezes Guimar\u00e3es, do munic\u00edpio de Itacuruba (PE), representando o Nordeste; a Escola Municipal Dr. S\u00e9rgio Alfredo Pessoa Figueiredo, de Manaus (AM), representando a Regi\u00e3o Norte; a Escola Orlando Maur\u00edcio Zambotto, do munic\u00edpio de Jarinu (SP), representando o Sudeste; e o Col\u00e9gio Estadual do Patrim\u00f4nio Regina, de Londrina (PR), representando a Regi\u00e3o Sul.<\/p>\n<p>Em 2020, gestores de escolas p\u00fablicas puderam inscrever experi\u00eancias inovadoras de gest\u00e3o durante o per\u00edodo da pandemia. Em fun\u00e7\u00e3o do momento, a coordena\u00e7\u00e3o do PGE decidiu reconhecer pr\u00e1ticas exitosas das escolas que, durante o per\u00edodo de afastamento social, conseguiram encontrar solu\u00e7\u00f5es para o enfrentamento das dificuldades impostas pela crise sanit\u00e1ria.<\/p>\n<p>Al\u00e9m de reconhecer experi\u00eancias que deram continuidade \u00e0 aprendizagem dos estudantes, o PGE 2020 buscou identificar e disseminar pr\u00e1ticas inovadoras na gest\u00e3o escolar, reconhecer e valorizar escolas p\u00fablicas que se destacam pela gest\u00e3o competente, participativa e colaborativa, assim como valorizar a escola que trabalha como equipe, com corresponsabilidade na gest\u00e3o, no ensino, na aprendizagem e na solu\u00e7\u00e3o de problemas.<\/p>\n<p>Outra novidade dessa edi\u00e7\u00e3o partiu da OEI, contemplar os esfor\u00e7os de toda equipe escolar, representada na inscri\u00e7\u00e3o por seis integrantes: o gestor, um coordenador e quatro professores, de prefer\u00eancia, um por \u00e1rea do conhecimento. Para participar, a equipe teve que preencher o cadastro da escola no site <a href=\"https:\/\/www.premiogestaoescolar.com.br\/\" target=\"_blank\" rel=\"noopener noreferrer\">www.premiogestaoescolar.com.br<\/a> e escrever o relato da experi\u00eancia. Puderam participar escolas p\u00fablicas estaduais e municipais de qualquer etapa da Educa\u00e7\u00e3o B\u00e1sica: educa\u00e7\u00e3o infantil, ensinos fundamental e m\u00e9dio.<\/p>\n<p>Na primeira etapa do PGE, foram selecionadas as 27 escolas de Refer\u00eancia Estadual, que disputaram a vaga da etapa regional. Cada uma vai receber a premia\u00e7\u00e3o de R$ 5 mil + bolsas em cursos de especializa\u00e7\u00e3o \u00e0 dist\u00e2ncia para a equipe escolar, da Universidade Virtual do Estado de S\u00e3o Paulo (Univesp).<\/p>\n<p>As cinco escolas finalistas, que representam as regi\u00f5es do pa\u00eds, receber\u00e3o o pr\u00eamio de R$ 10 mil, al\u00e9m dos cursos de especializa\u00e7\u00e3o da Univesp para a equipe escolar, e computadores e tablets oferecidos pela Organiza\u00e7\u00e3o das Na\u00e7\u00f5es Unidas para a Educa\u00e7\u00e3o, a Ci\u00eancia e a Cultura (Unesco). Ser\u00e3o 7 notebooks e 10 tablets para cada uma das refer\u00eancias regionais. J\u00e1 a escola Refer\u00eancia Nacional receber\u00e1, al\u00e9m dos equipamentos e das bolsas, o pr\u00eamio em dinheiro de R$ 30 mil.<\/p>\n<p>Realizado desde 1998, o Pr\u00eamio Gest\u00e3o Escolar j\u00e1 recebeu cerca de 50 mil inscri\u00e7\u00f5es ao longo de suas edi\u00e7\u00f5es e mais de oito milh\u00f5es de estudantes foram beneficiados com os projetos implantados pelos diretores das escolas inscritas. A edi\u00e7\u00e3o 2020 tem o patroc\u00ednio da Unesco e da Funda\u00e7\u00e3o Ita\u00fa para Educa\u00e7\u00e3o e Cultura. Conta ainda com a parceria da Bett Educar, British Council, Embaixada Americana, Funda\u00e7\u00e3o Roberto Marinho, Funda\u00e7\u00e3o Santillana, Instituto Natura, Minist\u00e9rio da Educa\u00e7\u00e3o, TV Escola, Unicef e Univesp.<\/p>\n","protected":false},"excerpt":{"rendered":"<p>Cinco escolas p\u00fablicas estaduais e municipais disputam o t\u00edtulo de Refer\u00eancia Nacional em Gest\u00e3o Escolar, com a\u00e7\u00f5es para manuten\u00e7\u00e3o do ensino\/aprendizagem durante a pandemia. Elas foram escolhidas entre as mais de 8 mil escolas inscritas na edi\u00e7\u00e3o 2020 do Pr\u00eamio Gest\u00e3o Escolar, promovido pelo Conselho Nacional de Secret\u00e1rios de Educa\u00e7\u00e3o (Consed), pela Uni\u00e3o Nacional dos [&hellip;]<\/p>\n","protected":false},"author":4,"featured_media":0,"comment_status":"closed","ping_status":"closed","sticky":false,"template":"","format":"standard","meta":{"footnotes":"","_links_to":"","_links_to_target":""},"categories":[9],"tags":[],"class_list":["post-12728","post","type-post","status-publish","format-standard","hentry","category-noticias-da-imprensa"],"yoast_head":"<!-- This site is optimized with the Yoast SEO plugin v15.1 - https:\/\/yoast.com\/wordpress\/plugins\/seo\/ -->\n<title>Cinco escolas p\u00fablicas disputam Pr\u00eamio de Gest\u00e3o Escolar com a\u00e7\u00f5es durante a pandemia &raquo; Abrelivros<\/title>\n<meta name=\"robots\" content=\"index, follow, max-snippet:-1, max-image-preview:large, max-video-preview:-1\" \/>\n<link rel=\"canonical\" href=\"https:\/\/abrelivros.org.br\/site\/cinco-escolas-publicas-disputam-premio-de-gestao-escolar-com-acoes-durante-a-pandemia\/\" \/>\n<meta property=\"og:locale\" content=\"pt_BR\" \/>\n<meta property=\"og:type\" content=\"article\" \/>\n<meta property=\"og:title\" content=\"Cinco escolas p\u00fablicas disputam Pr\u00eamio de Gest\u00e3o Escolar com a\u00e7\u00f5es durante a pandemia &raquo; Abrelivros\" \/>\n<meta property=\"og:description\" content=\"Cinco escolas p\u00fablicas estaduais e municipais disputam o t\u00edtulo de Refer\u00eancia Nacional em Gest\u00e3o Escolar, com a\u00e7\u00f5es para manuten\u00e7\u00e3o do ensino\/aprendizagem durante a pandemia. Elas foram escolhidas entre as mais de 8 mil escolas inscritas na edi\u00e7\u00e3o 2020 do Pr\u00eamio Gest\u00e3o Escolar, promovido pelo Conselho Nacional de Secret\u00e1rios de Educa\u00e7\u00e3o (Consed), pela Uni\u00e3o Nacional dos [&hellip;]\" \/>\n<meta property=\"og:url\" content=\"https:\/\/abrelivros.org.br\/site\/cinco-escolas-publicas-disputam-premio-de-gestao-escolar-com-acoes-durante-a-pandemia\/\" \/>\n<meta property=\"og:site_name\" content=\"Abrelivros\" \/>\n<meta property=\"article:published_time\" content=\"2020-12-08T17:34:24+00:00\" \/>\n<meta name=\"twitter:card\" content=\"summary_large_image\" \/>\n<script type=\"application\/ld+json\" class=\"yoast-schema-graph\">{\"@context\":\"https:\/\/schema.org\",\"@graph\":[{\"@type\":\"WebSite\",\"@id\":\"https:\/\/abrelivros.org.br\/site\/#website\",\"url\":\"https:\/\/abrelivros.org.br\/site\/\",\"name\":\"Abrelivros\",\"description\":\"\",\"potentialAction\":[{\"@type\":\"SearchAction\",\"target\":\"https:\/\/abrelivros.org.br\/site\/?s={search_term_string}\",\"query-input\":\"required name=search_term_string\"}],\"inLanguage\":\"pt-BR\"},{\"@type\":\"WebPage\",\"@id\":\"https:\/\/abrelivros.org.br\/site\/cinco-escolas-publicas-disputam-premio-de-gestao-escolar-com-acoes-durante-a-pandemia\/#webpage\",\"url\":\"https:\/\/abrelivros.org.br\/site\/cinco-escolas-publicas-disputam-premio-de-gestao-escolar-com-acoes-durante-a-pandemia\/\",\"name\":\"Cinco escolas p\\u00fablicas disputam Pr\\u00eamio de Gest\\u00e3o Escolar com a\\u00e7\\u00f5es durante a pandemia &raquo; Abrelivros\",\"isPartOf\":{\"@id\":\"https:\/\/abrelivros.org.br\/site\/#website\"},\"datePublished\":\"2020-12-08T17:34:24+00:00\",\"dateModified\":\"2020-12-08T17:34:24+00:00\",\"author\":{\"@id\":\"https:\/\/abrelivros.org.br\/site\/#\/schema\/person\/65db80e26409802ce15ac5feec6a15fd\"},\"breadcrumb\":{\"@id\":\"https:\/\/abrelivros.org.br\/site\/cinco-escolas-publicas-disputam-premio-de-gestao-escolar-com-acoes-durante-a-pandemia\/#breadcrumb\"},\"inLanguage\":\"pt-BR\",\"potentialAction\":[{\"@type\":\"ReadAction\",\"target\":[\"https:\/\/abrelivros.org.br\/site\/cinco-escolas-publicas-disputam-premio-de-gestao-escolar-com-acoes-durante-a-pandemia\/\"]}]},{\"@type\":\"BreadcrumbList\",\"@id\":\"https:\/\/abrelivros.org.br\/site\/cinco-escolas-publicas-disputam-premio-de-gestao-escolar-com-acoes-durante-a-pandemia\/#breadcrumb\",\"itemListElement\":[{\"@type\":\"ListItem\",\"position\":1,\"item\":{\"@type\":\"WebPage\",\"@id\":\"https:\/\/abrelivros.org.br\/site\/\",\"url\":\"https:\/\/abrelivros.org.br\/site\/\",\"name\":\"In\\u00edcio\"}},{\"@type\":\"ListItem\",\"position\":2,\"item\":{\"@type\":\"WebPage\",\"@id\":\"https:\/\/abrelivros.org.br\/site\/category\/noticias\/\",\"url\":\"https:\/\/abrelivros.org.br\/site\/category\/noticias\/\",\"name\":\"Not\\u00edcias\"}},{\"@type\":\"ListItem\",\"position\":3,\"item\":{\"@type\":\"WebPage\",\"@id\":\"https:\/\/abrelivros.org.br\/site\/category\/noticias\/noticias-da-imprensa\/\",\"url\":\"https:\/\/abrelivros.org.br\/site\/category\/noticias\/noticias-da-imprensa\/\",\"name\":\"Not\\u00edcias da imprensa\"}},{\"@type\":\"ListItem\",\"position\":4,\"item\":{\"@type\":\"WebPage\",\"@id\":\"https:\/\/abrelivros.org.br\/site\/cinco-escolas-publicas-disputam-premio-de-gestao-escolar-com-acoes-durante-a-pandemia\/\",\"url\":\"https:\/\/abrelivros.org.br\/site\/cinco-escolas-publicas-disputam-premio-de-gestao-escolar-com-acoes-durante-a-pandemia\/\",\"name\":\"Cinco escolas p\\u00fablicas disputam Pr\\u00eamio de Gest\\u00e3o Escolar com a\\u00e7\\u00f5es durante a pandemia\"}}]},{\"@type\":\"Person\",\"@id\":\"https:\/\/abrelivros.org.br\/site\/#\/schema\/person\/65db80e26409802ce15ac5feec6a15fd\",\"name\":\"Reda\\u00e7\\u00e3o Abrelivros\",\"image\":{\"@type\":\"ImageObject\",\"@id\":\"https:\/\/abrelivros.org.br\/site\/#personlogo\",\"inLanguage\":\"pt-BR\",\"url\":\"https:\/\/secure.gravatar.com\/avatar\/c4e57f9c7e3482965bd428192061218520756c39080b1d1820b679fa5e9af192?s=96&d=mm&r=g\",\"caption\":\"Reda\\u00e7\\u00e3o Abrelivros\"}}]}<\/script>\n<!-- \/ Yoast SEO plugin. -->","_links":{"self":[{"href":"https:\/\/abrelivros.org.br\/site\/wp-json\/wp\/v2\/posts\/12728","targetHints":{"allow":["GET"]}}],"collection":[{"href":"https:\/\/abrelivros.org.br\/site\/wp-json\/wp\/v2\/posts"}],"about":[{"href":"https:\/\/abrelivros.org.br\/site\/wp-json\/wp\/v2\/types\/post"}],"author":[{"embeddable":true,"href":"https:\/\/abrelivros.org.br\/site\/wp-json\/wp\/v2\/users\/4"}],"replies":[{"embeddable":true,"href":"https:\/\/abrelivros.org.br\/site\/wp-json\/wp\/v2\/comments?post=12728"}],"version-history":[{"count":1,"href":"https:\/\/abrelivros.org.br\/site\/wp-json\/wp\/v2\/posts\/12728\/revisions"}],"predecessor-version":[{"id":12729,"href":"https:\/\/abrelivros.org.br\/site\/wp-json\/wp\/v2\/posts\/12728\/revisions\/12729"}],"wp:attachment":[{"href":"https:\/\/abrelivros.org.br\/site\/wp-json\/wp\/v2\/media?parent=12728"}],"wp:term":[{"taxonomy":"category","embeddable":true,"href":"https:\/\/abrelivros.org.br\/site\/wp-json\/wp\/v2\/categories?post=12728"},{"taxonomy":"post_tag","embeddable":true,"href":"https:\/\/abrelivros.org.br\/site\/wp-json\/wp\/v2\/tags?post=12728"}],"curies":[{"name":"wp","href":"https:\/\/api.w.org\/{rel}","templated":true}]}}