{"id":12718,"date":"2020-12-07T14:34:22","date_gmt":"2020-12-07T17:34:22","guid":{"rendered":"https:\/\/abrelivros.org.br\/site\/?p=12718"},"modified":"2020-12-07T14:34:22","modified_gmt":"2020-12-07T17:34:22","slug":"audiencia-publica-on-line-aborda-especificacoes-do-pnld-2023","status":"publish","type":"post","link":"https:\/\/abrelivros.org.br\/site\/audiencia-publica-on-line-aborda-especificacoes-do-pnld-2023\/","title":{"rendered":"Audi\u00eancia p\u00fablica on-line aborda especifica\u00e7\u00f5es do PNLD 2023"},"content":{"rendered":"<p>O Fundo Nacional de Desenvolvimento da Educa\u00e7\u00e3o (FNDE), autarquia vinculada ao Minist\u00e9rio da Educa\u00e7\u00e3o (MEC), promoveu nessa \u00faltima sexta-feira, dia 4, uma audi\u00eancia p\u00fablica para discutir as especifica\u00e7\u00f5es t\u00e9cnicas do edital do Programa Nacional do Livro e do Material Did\u00e1tico \u2013 PNLD 2023. O edital determinar\u00e1 as regras do processo de aquisi\u00e7\u00e3o das obras did\u00e1ticas e liter\u00e1rias destinadas aos estudantes e professores dos anos iniciais do ensino fundamental a partir de 2023.O Fundo Nacional de Desenvolvimento da Educa\u00e7\u00e3o (FNDE), autarquia vinculada ao Minist\u00e9rio da Educa\u00e7\u00e3o (MEC), promoveu nessa \u00faltima sexta-feira, dia 4, uma audi\u00eancia p\u00fablica para discutir as especifica\u00e7\u00f5es t\u00e9cnicas do edital do Programa Nacional do Livro e do Material Did\u00e1tico \u2013 PNLD 2023. O edital determinar\u00e1 as regras do processo de aquisi\u00e7\u00e3o das obras did\u00e1ticas e liter\u00e1rias destinadas aos estudantes e professores dos anos iniciais do ensino fundamental a partir de 2023.<!--more--><\/p>\n<p>Os principais aspectos tratados no evento foram a composi\u00e7\u00e3o das novas obras a serem destinadas aos estudantes do 1\u00ba ao 5\u00ba ano, a introdu\u00e7\u00e3o dos livros digitais no programa, os procedimentos para aquisi\u00e7\u00e3o dos materiais, al\u00e9m dos prazos para produ\u00e7\u00e3o das obras.<\/p>\n<p>Na oportunidade, foi discutido tamb\u00e9m o modelo a ser adotado para a aquisi\u00e7\u00e3o de materiais digitais a partir da forte demanda da sociedade por esse tipo de conte\u00fado, intensificada em raz\u00e3o do isolamento social decorrente da pandemia de Covid-19.<\/p>\n<p>\u201cAbrir um espa\u00e7o de discuss\u00e3o antes da publica\u00e7\u00e3o do edital assegura que a sociedade colabore com a defini\u00e7\u00e3o dos materiais did\u00e1ticos, especialmente diante da inova\u00e7\u00e3o trazida com os livros digitais a serem disponibilizados para toda a educa\u00e7\u00e3o b\u00e1sica. Essa inova\u00e7\u00e3o digital \u00e9 um passo muito relevante para a hist\u00f3ria do PNLD\u201d, destacou a coordenadora-geral dos Programas do Livro do FNDE, Nadja C\u00e9zar.<\/p>\n<p>A audi\u00eancia foi aberta ao p\u00fablico e contou com cerca de 540 participantes, entre eles a secret\u00e1ria de Educa\u00e7\u00e3o B\u00e1sica, Izabel Pessoa, e o secret\u00e1rio de Alfabetiza\u00e7\u00e3o, Carlos Nadalin, al\u00e9m das equipes t\u00e9cnicas do FNDE e do MEC.<\/p>\n","protected":false},"excerpt":{"rendered":"<p>O Fundo Nacional de Desenvolvimento da Educa\u00e7\u00e3o (FNDE), autarquia vinculada ao Minist\u00e9rio da Educa\u00e7\u00e3o (MEC), promoveu nessa \u00faltima sexta-feira, dia 4, uma audi\u00eancia p\u00fablica para discutir as especifica\u00e7\u00f5es t\u00e9cnicas do edital do Programa Nacional do Livro e do Material Did\u00e1tico \u2013 PNLD 2023. O edital determinar\u00e1 as regras do processo de aquisi\u00e7\u00e3o das obras did\u00e1ticas [&hellip;]<\/p>\n","protected":false},"author":4,"featured_media":0,"comment_status":"closed","ping_status":"closed","sticky":false,"template":"","format":"standard","meta":{"footnotes":"","_links_to":"","_links_to_target":""},"categories":[9,10],"tags":[],"class_list":["post-12718","post","type-post","status-publish","format-standard","hentry","category-noticias-da-imprensa","category-pnld-programa-nacional-do-livro-e-do-material-didatico"],"yoast_head":"<!-- This site is optimized with the Yoast SEO plugin v15.1 - https:\/\/yoast.com\/wordpress\/plugins\/seo\/ -->\n<title>Audi\u00eancia p\u00fablica on-line aborda especifica\u00e7\u00f5es do PNLD 2023 &raquo; Abrelivros<\/title>\n<meta name=\"robots\" content=\"index, follow, max-snippet:-1, max-image-preview:large, max-video-preview:-1\" \/>\n<link rel=\"canonical\" href=\"https:\/\/abrelivros.org.br\/site\/audiencia-publica-on-line-aborda-especificacoes-do-pnld-2023\/\" \/>\n<meta property=\"og:locale\" content=\"pt_BR\" \/>\n<meta property=\"og:type\" content=\"article\" \/>\n<meta property=\"og:title\" content=\"Audi\u00eancia p\u00fablica on-line aborda especifica\u00e7\u00f5es do PNLD 2023 &raquo; Abrelivros\" \/>\n<meta property=\"og:description\" content=\"O Fundo Nacional de Desenvolvimento da Educa\u00e7\u00e3o (FNDE), autarquia vinculada ao Minist\u00e9rio da Educa\u00e7\u00e3o (MEC), promoveu nessa \u00faltima sexta-feira, dia 4, uma audi\u00eancia p\u00fablica para discutir as especifica\u00e7\u00f5es t\u00e9cnicas do edital do Programa Nacional do Livro e do Material Did\u00e1tico \u2013 PNLD 2023. O edital determinar\u00e1 as regras do processo de aquisi\u00e7\u00e3o das obras did\u00e1ticas [&hellip;]\" \/>\n<meta property=\"og:url\" content=\"https:\/\/abrelivros.org.br\/site\/audiencia-publica-on-line-aborda-especificacoes-do-pnld-2023\/\" \/>\n<meta property=\"og:site_name\" content=\"Abrelivros\" \/>\n<meta property=\"article:published_time\" content=\"2020-12-07T17:34:22+00:00\" \/>\n<meta name=\"twitter:card\" content=\"summary_large_image\" \/>\n<script type=\"application\/ld+json\" class=\"yoast-schema-graph\">{\"@context\":\"https:\/\/schema.org\",\"@graph\":[{\"@type\":\"WebSite\",\"@id\":\"https:\/\/abrelivros.org.br\/site\/#website\",\"url\":\"https:\/\/abrelivros.org.br\/site\/\",\"name\":\"Abrelivros\",\"description\":\"\",\"potentialAction\":[{\"@type\":\"SearchAction\",\"target\":\"https:\/\/abrelivros.org.br\/site\/?s={search_term_string}\",\"query-input\":\"required name=search_term_string\"}],\"inLanguage\":\"pt-BR\"},{\"@type\":\"WebPage\",\"@id\":\"https:\/\/abrelivros.org.br\/site\/audiencia-publica-on-line-aborda-especificacoes-do-pnld-2023\/#webpage\",\"url\":\"https:\/\/abrelivros.org.br\/site\/audiencia-publica-on-line-aborda-especificacoes-do-pnld-2023\/\",\"name\":\"Audi\\u00eancia p\\u00fablica on-line aborda especifica\\u00e7\\u00f5es do PNLD 2023 &raquo; Abrelivros\",\"isPartOf\":{\"@id\":\"https:\/\/abrelivros.org.br\/site\/#website\"},\"datePublished\":\"2020-12-07T17:34:22+00:00\",\"dateModified\":\"2020-12-07T17:34:22+00:00\",\"author\":{\"@id\":\"https:\/\/abrelivros.org.br\/site\/#\/schema\/person\/65db80e26409802ce15ac5feec6a15fd\"},\"breadcrumb\":{\"@id\":\"https:\/\/abrelivros.org.br\/site\/audiencia-publica-on-line-aborda-especificacoes-do-pnld-2023\/#breadcrumb\"},\"inLanguage\":\"pt-BR\",\"potentialAction\":[{\"@type\":\"ReadAction\",\"target\":[\"https:\/\/abrelivros.org.br\/site\/audiencia-publica-on-line-aborda-especificacoes-do-pnld-2023\/\"]}]},{\"@type\":\"BreadcrumbList\",\"@id\":\"https:\/\/abrelivros.org.br\/site\/audiencia-publica-on-line-aborda-especificacoes-do-pnld-2023\/#breadcrumb\",\"itemListElement\":[{\"@type\":\"ListItem\",\"position\":1,\"item\":{\"@type\":\"WebPage\",\"@id\":\"https:\/\/abrelivros.org.br\/site\/\",\"url\":\"https:\/\/abrelivros.org.br\/site\/\",\"name\":\"In\\u00edcio\"}},{\"@type\":\"ListItem\",\"position\":2,\"item\":{\"@type\":\"WebPage\",\"@id\":\"https:\/\/abrelivros.org.br\/site\/category\/noticias\/\",\"url\":\"https:\/\/abrelivros.org.br\/site\/category\/noticias\/\",\"name\":\"Not\\u00edcias\"}},{\"@type\":\"ListItem\",\"position\":3,\"item\":{\"@type\":\"WebPage\",\"@id\":\"https:\/\/abrelivros.org.br\/site\/category\/noticias\/noticias-da-imprensa\/\",\"url\":\"https:\/\/abrelivros.org.br\/site\/category\/noticias\/noticias-da-imprensa\/\",\"name\":\"Not\\u00edcias da imprensa\"}},{\"@type\":\"ListItem\",\"position\":4,\"item\":{\"@type\":\"WebPage\",\"@id\":\"https:\/\/abrelivros.org.br\/site\/audiencia-publica-on-line-aborda-especificacoes-do-pnld-2023\/\",\"url\":\"https:\/\/abrelivros.org.br\/site\/audiencia-publica-on-line-aborda-especificacoes-do-pnld-2023\/\",\"name\":\"Audi\\u00eancia p\\u00fablica on-line aborda especifica\\u00e7\\u00f5es do PNLD 2023\"}}]},{\"@type\":\"Person\",\"@id\":\"https:\/\/abrelivros.org.br\/site\/#\/schema\/person\/65db80e26409802ce15ac5feec6a15fd\",\"name\":\"Reda\\u00e7\\u00e3o Abrelivros\",\"image\":{\"@type\":\"ImageObject\",\"@id\":\"https:\/\/abrelivros.org.br\/site\/#personlogo\",\"inLanguage\":\"pt-BR\",\"url\":\"https:\/\/secure.gravatar.com\/avatar\/c4e57f9c7e3482965bd428192061218520756c39080b1d1820b679fa5e9af192?s=96&d=mm&r=g\",\"caption\":\"Reda\\u00e7\\u00e3o Abrelivros\"}}]}<\/script>\n<!-- \/ Yoast SEO plugin. -->","_links":{"self":[{"href":"https:\/\/abrelivros.org.br\/site\/wp-json\/wp\/v2\/posts\/12718","targetHints":{"allow":["GET"]}}],"collection":[{"href":"https:\/\/abrelivros.org.br\/site\/wp-json\/wp\/v2\/posts"}],"about":[{"href":"https:\/\/abrelivros.org.br\/site\/wp-json\/wp\/v2\/types\/post"}],"author":[{"embeddable":true,"href":"https:\/\/abrelivros.org.br\/site\/wp-json\/wp\/v2\/users\/4"}],"replies":[{"embeddable":true,"href":"https:\/\/abrelivros.org.br\/site\/wp-json\/wp\/v2\/comments?post=12718"}],"version-history":[{"count":1,"href":"https:\/\/abrelivros.org.br\/site\/wp-json\/wp\/v2\/posts\/12718\/revisions"}],"predecessor-version":[{"id":12719,"href":"https:\/\/abrelivros.org.br\/site\/wp-json\/wp\/v2\/posts\/12718\/revisions\/12719"}],"wp:attachment":[{"href":"https:\/\/abrelivros.org.br\/site\/wp-json\/wp\/v2\/media?parent=12718"}],"wp:term":[{"taxonomy":"category","embeddable":true,"href":"https:\/\/abrelivros.org.br\/site\/wp-json\/wp\/v2\/categories?post=12718"},{"taxonomy":"post_tag","embeddable":true,"href":"https:\/\/abrelivros.org.br\/site\/wp-json\/wp\/v2\/tags?post=12718"}],"curies":[{"name":"wp","href":"https:\/\/api.w.org\/{rel}","templated":true}]}}