{"id":12716,"date":"2020-12-07T14:32:36","date_gmt":"2020-12-07T17:32:36","guid":{"rendered":"https:\/\/abrelivros.org.br\/site\/?p=12716"},"modified":"2020-12-07T14:32:36","modified_gmt":"2020-12-07T17:32:36","slug":"fechar-escola-contra-a-covid-19-faz-do-brasil-excecao-global","status":"publish","type":"post","link":"https:\/\/abrelivros.org.br\/site\/fechar-escola-contra-a-covid-19-faz-do-brasil-excecao-global\/","title":{"rendered":"Fechar escola contra a Covid-19 faz do Brasil exce\u00e7\u00e3o global"},"content":{"rendered":"<p>Enquanto grande parte do mundo mant\u00e9m as escolas abertas mesmo durante a alta recente dos casos de Covid-19, o Brasil pode se tornar a exce\u00e7\u00e3o.<!--more--><\/p>\n<p>Em v\u00e1rios pa\u00edses da Europa, foi decretado \u201c<a href=\"https:\/\/www1.folha.uol.com.br\/mundo\/2020\/10\/europa-reage-a-novas-altas-de-casos-de-covid-com-toques-de-recolher-e-estados-de-calamidade.shtml\" target=\"_blank\" rel=\"noopener noreferrer\">lockdown<\/a>\u201d nas \u00faltimas semanas por causa da escalada no n\u00famero de infectados. Bares e academias de gin\u00e1stica foram fechados \u2014mas os col\u00e9gios se mantiveram abertos e os alunos continuam a ter aulas presenciais.<\/p>\n<p>Na \u00c1sia, a maioria dos pa\u00edses reabriu as escolas h\u00e1 mais de seis meses e n\u00e3o voltou a fech\u00e1-las. Nos Estados Unidos, que registraram 2.706 mortes em 3 de dezembro, recorde em um \u00fanico dia, em apenas 9 de 50 estados os governos locais determinaram algum grau de fechamento das escolas. Desses, s\u00f3 3 estados estabeleceram fechamento total. Na maior parte dos casos, por\u00e9m, a decis\u00e3o fica a cargo dos distritos.<\/p>\n<p>Apenas o Brasil e alguns pa\u00edses da Am\u00e9rica Latina e da \u00c1frica ainda n\u00e3o reabriram ou est\u00e3o revertendo a abertura parcial das escolas. Relat\u00f3rio da OCDE (organiza\u00e7\u00e3o dos pa\u00edses desenvolvidos) do come\u00e7o de setembro mostrava que o Brasil estava entre os pa\u00edses com <a href=\"https:\/\/www1.folha.uol.com.br\/educacao\/2020\/09\/brasil-e-dos-paises-com-mais-tempo-sem-aula-escolas-fechadas-podem-afetar-economia-mundial.shtml\" target=\"_blank\" rel=\"noopener noreferrer\">mais tempo sem aula<\/a>. Naquele momento, apenas 8 de 46 na\u00e7\u00f5es avaliadas ainda mantinham seus col\u00e9gios fechados.<\/p>\n<p>No Rio de Janeiro, o prefeito Marcelo Crivella (Republicanos) e o governador em exerc\u00edcio Cl\u00e1udio Castro (PSC) anunciaram na sexta-feira (4) que as escolas municipais voltar\u00e3o a fechar as portas por causa da explos\u00e3o de casos da doen\u00e7a, <a href=\"https:\/\/www1.folha.uol.com.br\/equilibrioesaude\/2020\/12\/rj-anuncia-shoppings-24-horas-como-medida-para-conter-coronavirus.shtml\" target=\"_blank\" rel=\"noopener noreferrer\">enquanto shoppings poder\u00e3o funcionar 24 horas por dia<\/a>.<\/p>\n<p>Em S\u00e3o Paulo, a capital e outras regi\u00f5es regrediram para a fase amarela, o que restringiu hor\u00e1rios de com\u00e9rcios e servi\u00e7os. Mas o governo estadual n\u00e3o mudou a orienta\u00e7\u00e3o para as escolas: continuam autorizadas a abrir parcialmente.<\/p>\n<p>No entanto, a decis\u00e3o final cabe aos munic\u00edpios \u2014e somente 219 de 645 seguiram a orienta\u00e7\u00e3o. Na capital, por exemplo, est\u00e3o liberadas <a href=\"https:\/\/abrelivros.org.br\/site\/editoras-se-unem-para-criar-projeto-da-escola-antirracista\/\" target=\"_blank\" rel=\"noopener noreferrer\">aulas regulares para o ensino m\u00e9dio<\/a> e apenas <a href=\"https:\/\/www1.folha.uol.com.br\/educacao\/2020\/09\/covas-autoriza-atividades-extracurriculares-nas-escolas-e-aulas-regulares-nas-universidades.shtml\" target=\"_blank\" rel=\"noopener noreferrer\">atividades extracurriculares<\/a> para educa\u00e7\u00e3o infantil e ensino fundamental.<\/p>\n<p>Indagada <a href=\"https:\/\/www1.folha.uol.com.br\/poder\/2020\/11\/aulas-pandemia-financas-e-plano-diretor-estao-entre-desafios-de-covas-para-2021.shtml\" target=\"_blank\" rel=\"noopener noreferrer\">sobre a previs\u00e3o de volta presencial<\/a> para todos os alunos, a Secretaria Municipal de Educa\u00e7\u00e3o afirmou: \u201cA prefeitura n\u00e3o trata a educa\u00e7\u00e3o como um setor econ\u00f4mico e qualquer decis\u00e3o sobre o retorno \u00e0s aulas se dar\u00e1 a partir dos dados t\u00e9cnicos e sanit\u00e1rios sobre a doen\u00e7a na cidade.\u201d<\/p>\n<p>A Secretaria Municipal de Sa\u00fade, por sua vez, apontou para estudos sorol\u00f3gicos que mostram uma preval\u00eancia do v\u00edrus, em m\u00e9dia, em 16% das crian\u00e7as, sendo que 65% desses casos s\u00e3o assintom\u00e1ticos.<\/p>\n<p>Al\u00e9m disso, 25% dos alunos residem com pessoas maiores de 60 anos, que s\u00e3o grupo de risco. Afirma ainda que a contamina\u00e7\u00e3o dos professores aumentaria com o conv\u00edvio com as crian\u00e7as.<\/p>\n<p>Rio Grande do Sul e Esp\u00edrito Santo tamb\u00e9m anunciaram que <a href=\"https:\/\/www1.folha.uol.com.br\/educacao\/2020\/11\/estados-querem-escolas-abertas-mesmo-em-fases-mais-restritivas-da-pandemia.shtml\" target=\"_blank\" rel=\"noopener noreferrer\">manter\u00e3o as escolas abertas<\/a> mesmo em fases mais restritivas. Cear\u00e1, Pernambuco e Sergipe estudavam medidas semelhantes.<\/p>\n<p>O Minist\u00e9rio da Educa\u00e7\u00e3o, que tem sido criticado por sua aus\u00eancia no enfrentamento dos reflexos da pandemia na educa\u00e7\u00e3o p\u00fablica, reluta em homologar uma resolu\u00e7\u00e3o do Conselho Nacional de Educa\u00e7\u00e3o (CNE) que recomenda que o ensino remoto seja mantido ao longo de 2021.<\/p>\n<p>Pressionado pelo Planalto, o ministro Milton Ribeiro publicou portaria na \u00faltima semana determinando a <a href=\"https:\/\/www1.folha.uol.com.br\/educacao\/2020\/12\/mec-determina-retorno-das-aulas-presenciais-nas-universidades-federais-a-partir-de-janeiro.shtml\" target=\"_blank\" rel=\"noopener noreferrer\">volta presencial em universidades federais<\/a> e particulares j\u00e1 em 4 de janeiro. Criticado, <a href=\"https:\/\/www1.folha.uol.com.br\/educacao\/2020\/12\/depois-de-publicar-portaria-mec-decide-ouvir-reitores-sobre-a-volta-das-aulas-presenciais.shtml\" target=\"_blank\" rel=\"noopener noreferrer\">Ribeiro se reuniu com reitores<\/a> e agora <a href=\"https:\/\/www1.folha.uol.com.br\/educacao\/2020\/12\/apos-anuncio-alvo-de-criticas-ministro-da-educacao-nao-define-retorno-das-aulas-presenciais.shtml\" target=\"_blank\" rel=\"noopener noreferrer\">indica que ir\u00e1 homologar<\/a> a resolu\u00e7\u00e3o do CNE, mas permitindo o ensino a dist\u00e2ncia at\u00e9 julho do ano que vem.<\/p>\n<p>Estudos mostram que as crian\u00e7as t\u00eam <a href=\"https:\/\/www1.folha.uol.com.br\/equilibrioesaude\/2020\/08\/carga-viral-maior-de-coronavirus-em-criancas-nao-significa-contagio-maior-dizem-especialistas.shtml\" target=\"_blank\" rel=\"noopener noreferrer\">casos bem mais leves de Covid-19<\/a> e transmitem menos a doen\u00e7a. Quanto mais velha a crian\u00e7a, maior a probabilidade de contaminar algu\u00e9m \u2014por isso, pediatras questionam a decis\u00e3o de retomar aulas presenciais para o ensino m\u00e9dio, em vez de privilegiar o fundamental.<\/p>\n<p>\u201cN\u00e3o faz sentido bar ficar aberto e escola, fechada\u201d, diz o secret\u00e1rio estadual de Educa\u00e7\u00e3o, Rossieli Soares, que defende a volta do ensino presencial em 2021. Segundo ele, em mar\u00e7o, quando as escolas foram fechadas, n\u00e3o se sabia muito sobre a doen\u00e7a. Agora, a ci\u00eancia mostra que as crian\u00e7as n\u00e3o s\u00e3o grandes disseminadoras do v\u00edrus.<\/p>\n<p>Ele ressalta que a ideia n\u00e3o \u00e9 voltar com 35 alunos por classe, mas com 8, e defende que os professores sejam vacinados logo depois dos profissionais de sa\u00fade e os grupos de risco \u2014<a href=\"https:\/\/www1.folha.uol.com.br\/equilibrioesaude\/2020\/12\/vacinacao-contra-a-covid-19-vai-comecar-com-profissionais-de-saude-idosos-e-indigenas.shtml\" target=\"_blank\" rel=\"noopener noreferrer\">o plano federal traz os docentes na quarta fase<\/a>, com agentes de seguran\u00e7a. \u201cMas um dos obst\u00e1culos \u00e9 que a sociedade n\u00e3o est\u00e1 cobrando a <a href=\"https:\/\/www1.folha.uol.com.br\/educacao\/2020\/11\/4-em-cada-5-pais-em-sp-e-rj-dizem-que-aproveitamento-escolar-dos-filhos-piorou-na-pandemia.shtml\" target=\"_blank\" rel=\"noopener noreferrer\">volta \u00e0s aulas<\/a> e os sindicatos s\u00e3o contr\u00e1rios\u201d, diz.<\/p>\n<p>Um grupo de pediatras circulou uma carta com 400 assinaturas pedindo a <a href=\"https:\/\/www1.folha.uol.com.br\/equilibrioesaude\/2020\/11\/mais-de-400-pediatras-assinam-carta-de-apoio-ao-retorno-das-aulas-presenciais.shtml\" target=\"_blank\" rel=\"noopener noreferrer\">volta do ensino presencial<\/a>. Os autores apresentam artigos cient\u00edficos que mostram que o retorno \u00e0s atividades escolares presenciais \u00e9 seguro para crian\u00e7as e adolescentes, desde que medidas de prote\u00e7\u00e3o individual sejam implementadas.<\/p>\n<p>\u201cCrian\u00e7as abaixo de 10 anos apresentam o menor \u00edndice de transmiss\u00e3o da doen\u00e7a e, quando contaminadas, t\u00eam os sintomas mais leves\u201d, diz o pediatra Paulo Telles, da Sociedade Brasileira de Pediatria e um dos signat\u00e1rios da carta.<\/p>\n<p>Al\u00e9m disso, ele aponta para os danos psicol\u00f3gicos causados pela aus\u00eancia de aulas presenciais \u2014estudos mostram alta de casos de ansiedade, depress\u00e3o e automutila\u00e7\u00e3o entre crian\u00e7as. \u201cNas camadas mais pobres, \u00e9 dram\u00e1tico: as m\u00e3es precisam trabalhar e precisam deixar crian\u00e7as com m\u00e3es crecheiras, com in\u00fameras outras crian\u00e7as\u201d, diz.<\/p>\n<p>Grupos de <a href=\"https:\/\/www1.folha.uol.com.br\/educacao\/2020\/09\/pais-pressionam-covas-para-volta-as-aulas-em-outubro-nas-escolas-particulares.shtml\" target=\"_blank\" rel=\"noopener noreferrer\">pais de alunos da rede particular<\/a> tamb\u00e9m t\u00eam recorrido \u00e0s redes sociais para pedir a reabertura. Um deles fez um v\u00eddeo falando sobre as defici\u00eancias do ensino online, preju\u00edzo pela falta de aulas, e evid\u00eancias cient\u00edficas sobre a seguran\u00e7a das escolas.<\/p>\n<p>O <a href=\"https:\/\/www1.folha.uol.com.br\/educacao\/2020\/09\/pressao-de-sindicatos-de-professores-nao-adia-reabertura-de-escolas-no-pais.shtml\" target=\"_blank\" rel=\"noopener noreferrer\">sindicato<\/a> dos col\u00e9gios particulares tamb\u00e9m quer a volta. \u201cA l\u00f3gica no resto do mundo \u00e9 essa: educa\u00e7\u00e3o \u00e9 atividade essencial, por isso, precisa retornar\u201d, diz Arthur Fonseca Filho, presidente da Associa\u00e7\u00e3o Brasileira de Escolas Particulares (Abepar).<\/p>\n<p>Mas a Apeoesp, o sindicato que re\u00fane 186 mil professores da rede p\u00fablica, se nega. \u201cFalar em volta \u00e0s aulas agora \u00e9 s\u00f3 pra agradar aos empres\u00e1rios da educa\u00e7\u00e3o\u201d, diz Maria Izabel (Bebel) Noronha, presidente da associa\u00e7\u00e3o.<\/p>\n<p>Ela afirma que s\u00f3 se pode pensar em volta presencial na rede p\u00fablica no in\u00edcio do ano letivo, em fevereiro, se houver <a href=\"https:\/\/www1.folha.uol.com.br\/educacao\/2020\/10\/conselhos-que-representam-37-das-escolas-municipais-de-sao-paulo-rejeitam-reabrir-em-outubro.shtml\" target=\"_blank\" rel=\"noopener noreferrer\">reforma nas escolas<\/a> para garantir a seguran\u00e7a e a vacina\u00e7\u00e3o dos professores. \u201cEles tinham desde o dia 23 de mar\u00e7o e n\u00e3o fizeram reforma nas escolas, muitas n\u00e3o t\u00eam como funcionar em seguran\u00e7a, com distanciamento de alunos. Nessas condi\u00e7\u00f5es, professores e alunos v\u00e3o morrer\u201d, diz.<\/p>\n<p>Um coletivo de professores da rede privada afirma que<a href=\"https:\/\/www1.folha.uol.com.br\/educacao\/2020\/06\/maioria-dos-diretores-afirma-que-professores-nao-estao-preparados-para-volta-as-aulas.shtml\" target=\"_blank\" rel=\"noopener noreferrer\"> h\u00e1 preocupa\u00e7\u00f5es sobre a seguran\u00e7a do retorno,<\/a> porque muitas escolas particulares n\u00e3o oferecem condi\u00e7\u00f5es sanit\u00e1rias.<\/p>\n<p>Vale refor\u00e7ar as condi\u00e7\u00f5es de trabalho na Europa e nos EUA e aqui, com escolas sem \u00e1gua e sem papel higi\u00eanico, diz um dos professores.<\/p>\n<p>No entanto, eles n\u00e3o t\u00eam questionado o retorno das aulas presenciais no ensino m\u00e9dio em S\u00e3o Paulo, por exemplo, onde algumas escolas particulares suspenderam atividades ap\u00f3s um surto de casos de Covid ligado a festas de alunos.<\/p>\n<p>BENEF\u00cdCIOS SUPERAM CUSTOS DA REABERTURA, AFIRMA O UNICEF<\/p>\n<p>Estudo do Unicef (bra\u00e7o das Na\u00e7\u00f5es Unidas para direitos das crian\u00e7as e dos adolescentes) publicado em novembro mostra que \u201ccom medidas b\u00e1sicas de seguran\u00e7a, os benef\u00edcios l\u00edquidos de manter as escolas abertas superam os custos de mant\u00ea-las fechadas\u201d.<\/p>\n<p>A Europa \u00e9 uma boa amostra de como isso pode ser feito. A maior parte dos pa\u00edses reabriu escolas h\u00e1 meses ou nem as fechou \u2014e n\u00e3o teve uma incid\u00eancia maior de contamina\u00e7\u00e3o na compara\u00e7\u00e3o com o que ocorreria com o fechamento. Alemanha, Fran\u00e7a e Inglaterra anunciaram \u201clockdown\u201d nas \u00faltimas semanas, diante do salto nos casos. In\u00fameros locais p\u00fablicos foram fechados \u2014menos as escolas.<\/p>\n<p>Na Fran\u00e7a, mesmo com resultado positivo em 11% dos testes de Covid, em m\u00e9dia, o governo n\u00e3o fechou col\u00e9gios. Na It\u00e1lia, as escolas reabriram em setembro, in\u00edcio do ano letivo no hemisf\u00e9rio norte. Quando a segunda onda veio, em novembro, alunos do ensino m\u00e9dio e parte do ensino fundamental 2 passaram para as aulas online, enquanto se manteve o presencial para as crian\u00e7as menores.<\/p>\n<p>\u201cO certo \u00e9 fazer como a Europa, fecha bar, teatro e academia, reduz a circula\u00e7\u00e3o do v\u00edrus, e mant\u00e9m escola aberta\u201d, diz Priscila Cruz, presidente-executiva da Todos pela Educa\u00e7\u00e3o. \u201cMas as pessoas realmentea cham que educa\u00e7\u00e3o \u00e9 prioridade? Est\u00e3o dispostas a abrir m\u00e3o do shopping para que os filhos possam ir para a escola?\u201d<\/p>\n<p>No Jap\u00e3o, col\u00e9gios come\u00e7aram a reabrir no meio de abril e, agora, alunos t\u00eam aulas normais, com limita\u00e7\u00e3o de pessoas por classe, distanciamento social e monitoramento de contaminados.<\/p>\n<p>Na China, onde o v\u00edrus se originou, quase 200 milh\u00f5es de alunos voltaram a ter aulas presenciais todos os dias. Todos passam por monitoramento de hist\u00f3rico de viagens e de testes de Covid-19, seguem regras de higiene e devem manter \u201cesp\u00edrito antiepid\u00eamico\u201d. Os universit\u00e1rios ficam proibidos de sair do campus para comer ou encontrar amigos.<\/p>\n<p>Na \u00cdndia, o governo federal autorizou a reabertura gradual a partir de 15 de outubro, mas a decis\u00e3o final cabe aos estados. O pa\u00eds, como v\u00e1rios estados brasileiros, privilegiou a volta das crian\u00e7as mais velhas, que t\u00eam exames finais. A volta \u00e9 volunt\u00e1ria.<\/p>\n<p>Nos EUA, as autoridades sanit\u00e1rias se baseiam em porcentagens de testes positivos para decidir se abrem ou n\u00e3o as escolas. No entanto, faltam testes e sindicatos de professores amea\u00e7aram fazer greve.<\/p>\n<p>Depois de meses, o prefeito Bill de Blasio, de Nova York, anunciou, em outubro, a reabertura. Mas, em novembro, a m\u00e9dia m\u00f3vel de sete dias de testes positivos chegou a 3%, e o prefeito determinou que fechassem novamente. A decis\u00e3o foi duramente criticada, e De Blasio voltou atr\u00e1s. Agora, h\u00e1 aulas presenciais para alunos de at\u00e9 dez anos, os mais velhos ficam com aulas online.<\/p>\n<p>Boston e Detroit suspenderam praticamente todo o ensino presencial com a recente alta de casos e, em Seattle, as escolas est\u00e3o fechadas desde mar\u00e7o. Mas estados como Delaware e Vermont as mant\u00eam abertas.<\/p>\n<p>Em Rhode Island, por exemplo, bares e academias ficaram fechados durante a pandemia \u2014col\u00e9gios, n\u00e3o. O estado mant\u00e9m um centro de testes exclusivo para alunos, professores e funcion\u00e1rios de escolas. Michigan, com o aumento de casos em novembro, fechou para alunos do ensino m\u00e9dio, mas manteve as unidades abertas para ensino fundamental 1 e 2.<\/p>\n<p>Na \u00c1frica, segundo levantamento do Banco Mundial, 29 dos 54 pa\u00edses do continente, incluindo na\u00e7\u00f5es pobres como Benin, Burkina Faso, N\u00edger e Serra Leoa, reabriram escolas.J\u00e1 na Am\u00e9rica Latina, crian\u00e7as e adolescentes est\u00e3o tendo aulas presenciais em apenas tr\u00eas pa\u00edses: Cuba, Nicar\u00e1gua e Uruguai.<\/p>\n<p>Enquanto os dois primeiros nunca pararam a atividade, o Uruguai teve duas semanas com as escolas de portas fechadas, para que se preparassem para as novas regras sanit\u00e1rias. Logo, os col\u00e9gios retomaram suas atividades.<\/p>\n<p>Na Argentina, as aulas ainda n\u00e3o voltaram. Por\u00e9m, desde o in\u00edcio de novembro, os col\u00e9gios est\u00e3o autorizados a realizar \u201catividades de revincula\u00e7\u00e3o\u201d \u2014permitir que os estudantes, em grupos pequenos, voltem a conviver com colegas e professores. Mas a presen\u00e7a \u00e9 optativa e o conte\u00fado n\u00e3o \u00e9 o do curr\u00edculo oficial.<\/p>\n<p>No Chile, na Col\u00f4mbia, no Equador e no Paraguai, algumas escolas est\u00e3o reabrindo regionalmente, de acordo com a situa\u00e7\u00e3o epidemiol\u00f3gica, mas ainda com assist\u00eancia optativa e rod\u00edzio de alunos.<\/p>\n<p>No Peru, s\u00f3 est\u00e3o funcionando as escolas da zona rural, onde a situa\u00e7\u00e3o epidemiol\u00f3gica est\u00e1 um pouco melhor do que nas cidades.Na Bol\u00edvia, na Venezuela e no M\u00e9xico n\u00e3o h\u00e1 nenhuma modalidade presencial, e tudo est\u00e1 sendo realizado por meio de home school.<\/p>\n<p>Para Priscila Cruz, a discuss\u00e3o sobre a reabertura das escolas no Brasil perdeu a racionalidade e foi contaminada por quest\u00f5es ideol\u00f3gicas. \u201cAs pessoas acham que, se voc\u00ea defende abrir as escolas, \u00e9 bolsonarista e negacionista da Covid, e, se quer mant\u00ea-las fechadas, quer preservar vidas\u201d, diz.<\/p>\n<p>Priscila afirma que as crian\u00e7as com menos de dez anos precisam ter prioridade \u2014s\u00e3o as que menos transmitem e as que menos conseguem aprender com ensino remoto.<\/p>\n<p>Mas, em muitos munic\u00edpios, prefeitos resistem a autorizar a abertura, com medo de rea\u00e7\u00f5es dos sindicatos e da opini\u00e3o p\u00fablica \u2014se determinarem que as crian\u00e7as voltem \u00e0s escolas e houver um surto de casos, o \u00f4nus pol\u00edtico ser\u00e1 deles.<\/p>\n","protected":false},"excerpt":{"rendered":"<p>Enquanto grande parte do mundo mant\u00e9m as escolas abertas mesmo durante a alta recente dos casos de Covid-19, o Brasil pode se tornar a exce\u00e7\u00e3o.<\/p>\n","protected":false},"author":4,"featured_media":0,"comment_status":"closed","ping_status":"closed","sticky":false,"template":"","format":"standard","meta":{"footnotes":"","_links_to":"","_links_to_target":""},"categories":[9],"tags":[],"class_list":["post-12716","post","type-post","status-publish","format-standard","hentry","category-noticias-da-imprensa"],"yoast_head":"<!-- This site is optimized with the Yoast SEO plugin v15.1 - https:\/\/yoast.com\/wordpress\/plugins\/seo\/ -->\n<title>Fechar escola contra a Covid-19 faz do Brasil exce\u00e7\u00e3o global &raquo; Abrelivros<\/title>\n<meta name=\"robots\" content=\"index, follow, max-snippet:-1, max-image-preview:large, max-video-preview:-1\" \/>\n<link rel=\"canonical\" href=\"https:\/\/abrelivros.org.br\/site\/fechar-escola-contra-a-covid-19-faz-do-brasil-excecao-global\/\" \/>\n<meta property=\"og:locale\" content=\"pt_BR\" \/>\n<meta property=\"og:type\" content=\"article\" \/>\n<meta property=\"og:title\" content=\"Fechar escola contra a Covid-19 faz do Brasil exce\u00e7\u00e3o global &raquo; Abrelivros\" \/>\n<meta property=\"og:description\" content=\"Enquanto grande parte do mundo mant\u00e9m as escolas abertas mesmo durante a alta recente dos casos de Covid-19, o Brasil pode se tornar a exce\u00e7\u00e3o.\" \/>\n<meta property=\"og:url\" content=\"https:\/\/abrelivros.org.br\/site\/fechar-escola-contra-a-covid-19-faz-do-brasil-excecao-global\/\" \/>\n<meta property=\"og:site_name\" content=\"Abrelivros\" \/>\n<meta property=\"article:published_time\" content=\"2020-12-07T17:32:36+00:00\" \/>\n<meta name=\"twitter:card\" content=\"summary_large_image\" \/>\n<script type=\"application\/ld+json\" class=\"yoast-schema-graph\">{\"@context\":\"https:\/\/schema.org\",\"@graph\":[{\"@type\":\"WebSite\",\"@id\":\"https:\/\/abrelivros.org.br\/site\/#website\",\"url\":\"https:\/\/abrelivros.org.br\/site\/\",\"name\":\"Abrelivros\",\"description\":\"\",\"potentialAction\":[{\"@type\":\"SearchAction\",\"target\":\"https:\/\/abrelivros.org.br\/site\/?s={search_term_string}\",\"query-input\":\"required name=search_term_string\"}],\"inLanguage\":\"pt-BR\"},{\"@type\":\"WebPage\",\"@id\":\"https:\/\/abrelivros.org.br\/site\/fechar-escola-contra-a-covid-19-faz-do-brasil-excecao-global\/#webpage\",\"url\":\"https:\/\/abrelivros.org.br\/site\/fechar-escola-contra-a-covid-19-faz-do-brasil-excecao-global\/\",\"name\":\"Fechar escola contra a Covid-19 faz do Brasil exce\\u00e7\\u00e3o global &raquo; Abrelivros\",\"isPartOf\":{\"@id\":\"https:\/\/abrelivros.org.br\/site\/#website\"},\"datePublished\":\"2020-12-07T17:32:36+00:00\",\"dateModified\":\"2020-12-07T17:32:36+00:00\",\"author\":{\"@id\":\"https:\/\/abrelivros.org.br\/site\/#\/schema\/person\/65db80e26409802ce15ac5feec6a15fd\"},\"breadcrumb\":{\"@id\":\"https:\/\/abrelivros.org.br\/site\/fechar-escola-contra-a-covid-19-faz-do-brasil-excecao-global\/#breadcrumb\"},\"inLanguage\":\"pt-BR\",\"potentialAction\":[{\"@type\":\"ReadAction\",\"target\":[\"https:\/\/abrelivros.org.br\/site\/fechar-escola-contra-a-covid-19-faz-do-brasil-excecao-global\/\"]}]},{\"@type\":\"BreadcrumbList\",\"@id\":\"https:\/\/abrelivros.org.br\/site\/fechar-escola-contra-a-covid-19-faz-do-brasil-excecao-global\/#breadcrumb\",\"itemListElement\":[{\"@type\":\"ListItem\",\"position\":1,\"item\":{\"@type\":\"WebPage\",\"@id\":\"https:\/\/abrelivros.org.br\/site\/\",\"url\":\"https:\/\/abrelivros.org.br\/site\/\",\"name\":\"In\\u00edcio\"}},{\"@type\":\"ListItem\",\"position\":2,\"item\":{\"@type\":\"WebPage\",\"@id\":\"https:\/\/abrelivros.org.br\/site\/category\/noticias\/\",\"url\":\"https:\/\/abrelivros.org.br\/site\/category\/noticias\/\",\"name\":\"Not\\u00edcias\"}},{\"@type\":\"ListItem\",\"position\":3,\"item\":{\"@type\":\"WebPage\",\"@id\":\"https:\/\/abrelivros.org.br\/site\/category\/noticias\/noticias-da-imprensa\/\",\"url\":\"https:\/\/abrelivros.org.br\/site\/category\/noticias\/noticias-da-imprensa\/\",\"name\":\"Not\\u00edcias da imprensa\"}},{\"@type\":\"ListItem\",\"position\":4,\"item\":{\"@type\":\"WebPage\",\"@id\":\"https:\/\/abrelivros.org.br\/site\/fechar-escola-contra-a-covid-19-faz-do-brasil-excecao-global\/\",\"url\":\"https:\/\/abrelivros.org.br\/site\/fechar-escola-contra-a-covid-19-faz-do-brasil-excecao-global\/\",\"name\":\"Fechar escola contra a Covid-19 faz do Brasil exce\\u00e7\\u00e3o global\"}}]},{\"@type\":\"Person\",\"@id\":\"https:\/\/abrelivros.org.br\/site\/#\/schema\/person\/65db80e26409802ce15ac5feec6a15fd\",\"name\":\"Reda\\u00e7\\u00e3o Abrelivros\",\"image\":{\"@type\":\"ImageObject\",\"@id\":\"https:\/\/abrelivros.org.br\/site\/#personlogo\",\"inLanguage\":\"pt-BR\",\"url\":\"https:\/\/secure.gravatar.com\/avatar\/c4e57f9c7e3482965bd428192061218520756c39080b1d1820b679fa5e9af192?s=96&d=mm&r=g\",\"caption\":\"Reda\\u00e7\\u00e3o Abrelivros\"}}]}<\/script>\n<!-- \/ Yoast SEO plugin. -->","_links":{"self":[{"href":"https:\/\/abrelivros.org.br\/site\/wp-json\/wp\/v2\/posts\/12716","targetHints":{"allow":["GET"]}}],"collection":[{"href":"https:\/\/abrelivros.org.br\/site\/wp-json\/wp\/v2\/posts"}],"about":[{"href":"https:\/\/abrelivros.org.br\/site\/wp-json\/wp\/v2\/types\/post"}],"author":[{"embeddable":true,"href":"https:\/\/abrelivros.org.br\/site\/wp-json\/wp\/v2\/users\/4"}],"replies":[{"embeddable":true,"href":"https:\/\/abrelivros.org.br\/site\/wp-json\/wp\/v2\/comments?post=12716"}],"version-history":[{"count":1,"href":"https:\/\/abrelivros.org.br\/site\/wp-json\/wp\/v2\/posts\/12716\/revisions"}],"predecessor-version":[{"id":12717,"href":"https:\/\/abrelivros.org.br\/site\/wp-json\/wp\/v2\/posts\/12716\/revisions\/12717"}],"wp:attachment":[{"href":"https:\/\/abrelivros.org.br\/site\/wp-json\/wp\/v2\/media?parent=12716"}],"wp:term":[{"taxonomy":"category","embeddable":true,"href":"https:\/\/abrelivros.org.br\/site\/wp-json\/wp\/v2\/categories?post=12716"},{"taxonomy":"post_tag","embeddable":true,"href":"https:\/\/abrelivros.org.br\/site\/wp-json\/wp\/v2\/tags?post=12716"}],"curies":[{"name":"wp","href":"https:\/\/api.w.org\/{rel}","templated":true}]}}