{"id":12712,"date":"2020-12-07T14:11:09","date_gmt":"2020-12-07T17:11:09","guid":{"rendered":"https:\/\/abrelivros.org.br\/site\/?p=12712"},"modified":"2020-12-07T16:09:37","modified_gmt":"2020-12-07T19:09:37","slug":"nota-tecnica-lei-de-regulamentacao-do-novo-fundeb-2","status":"publish","type":"post","link":"https:\/\/abrelivros.org.br\/site\/nota-tecnica-lei-de-regulamentacao-do-novo-fundeb-2\/","title":{"rendered":"Nota T\u00e9cnica: Lei de Regulamenta\u00e7\u00e3o do Novo Fundeb"},"content":{"rendered":"<p>Em agosto, promulgou-se a <a href=\"http:\/\/www.planalto.gov.br\/ccivil_03\/constituicao\/emendas\/emc\/emc108.htm\" target=\"_blank\" rel=\"noopener noreferrer\">Emenda Constitucional n\u00ba 08\/2020<\/a>, que garantiu a consolida\u00e7\u00e3o do Fundeb (Fundo Nacional de Desenvolvimento da Educa\u00e7\u00e3o B\u00e1sica e de Valoriza\u00e7\u00e3o dos Profissionais da Educa\u00e7\u00e3o) como pol\u00edtica permanente, inscrita na Constitui\u00e7\u00e3o Federal com um desenho aprimorado. Contudo, a operacionaliza\u00e7\u00e3o do novo Fundeb ainda depende de um passo crucial: a aprova\u00e7\u00e3o de uma lei de regulamenta\u00e7\u00e3o com detalhamentos infraconstitucionais de todos os mecanismos respons\u00e1veis por fazer este sistema redistributivo funcionar. A apresenta\u00e7\u00e3o do projeto de lei que regulamenta o novo fundo est\u00e1 prevista para o pr\u00f3ximo dia 16\/11 (segunda) no Congresso Nacional.<!--more--><\/p>\n<p>Na<a href=\"https:\/\/todospelaeducacao.org.br\/noticias\/regulamentacao-do-fundeb-nota-tecnica-todos-pela-educacao\/\" target=\"_blank\" rel=\"noopener noreferrer\"> Nota T\u00e9cnica \u201cDesafios da regulamenta\u00e7\u00e3o do Novo Fundeb\u201d<\/a>, publicada em setembro pelo Todos Pela Educa\u00e7\u00e3o, j\u00e1 apont\u00e1vamos o tamanho do desafio, indicando 20 tem\u00e1ticas, que dever\u00e3o ser respondidas t\u00e9cnica e politicamente nos pr\u00f3ximos meses para garantir uma lei de regulamenta\u00e7\u00e3o equilibrada, eficaz e funcional. Para complementar o material anterior e evidenciar os pontos essenciais para a edifica\u00e7\u00e3o e operacionaliza\u00e7\u00e3o do novo Fundeb e an\u00e1lise dos projetos de lei sobre o tema em tramita\u00e7\u00e3o no Congresso Nacional, o Todos lan\u00e7a a Nota T\u00e9cnica \u201cLei de Regulamenta\u00e7\u00e3o do novo Fundeb\u201d (Leia e baixe o material no final do texto).<\/p>\n<p><strong>Por que debater a regulamenta\u00e7\u00e3o do Fundeb \u00e9 t\u00e3o importante?<\/strong><\/p>\n<p>Como o novo Fundo come\u00e7a a vigorar em 1\u00ba de janeiro de 2021, \u00e9 imprescind\u00edvel concluir a etapa de regulamenta\u00e7\u00e3o nos pr\u00f3ximos meses. Diante das mudan\u00e7as, novos procedimentos de gest\u00e3o em todos os n\u00edveis federativos precisar\u00e3o ser criados entre a aprova\u00e7\u00e3o da lei de regulamenta\u00e7\u00e3o e o m\u00eas de janeiro de 2021, de modo que \u00e9 imperativo avan\u00e7ar com a tramita\u00e7\u00e3o legislativa com a maior urg\u00eancia poss\u00edvel. A indefini\u00e7\u00e3o operacional dos novos mecanismos do Fundeb pode levar, segundo estimativas do Todos, 1.499 munic\u00edpios de alta vulnerabilidade e seus 7 milh\u00f5es de alunos a deixarem de receber cerca de R$ 3 bilh\u00f5es adicionais advindos da nova modelagem do Fundeb, considerando apenas o ano de 2021. Esses recursos s\u00e3o essenciais para equilibrar as vultosas perdas de arrecada\u00e7\u00e3o tribut\u00e1ria registradas por conta da pandemia e para apoiar os investimentos necess\u00e1rios para assegurar que, quando chegar o momento adequado em cada cidade, o retorno \u00e0s aulas presenciais n\u00e3o coloque em risco os professores, os estudantes e suas fam\u00edlias. Em caso mais extremo, aus\u00eancia total de regulamenta\u00e7\u00e3o poderia levar tamb\u00e9m \u00e0 paralisa\u00e7\u00e3o dos fundos estaduais do Fundeb, gerando uma crise sem precedentes no financiamento da Educa\u00e7\u00e3o brasileira.<\/p>\n<p><a href=\"https:\/\/todospelaeducacao.org.br\/wordpress\/wp-content\/uploads\/securepdfs\/2020\/11\/Posicionamento-TPE_Lei-Fundeb_07_11-1.pdf\" target=\"_blank\" rel=\"noopener noreferrer\">LEIA A NOTA T\u00c9CNICA NA \u00cdNTEGRA<\/a><\/p>\n","protected":false},"excerpt":{"rendered":"<p>Em agosto, promulgou-se a Emenda Constitucional n\u00ba 08\/2020, que garantiu a consolida\u00e7\u00e3o do Fundeb (Fundo Nacional de Desenvolvimento da Educa\u00e7\u00e3o B\u00e1sica e de Valoriza\u00e7\u00e3o dos Profissionais da Educa\u00e7\u00e3o) como pol\u00edtica permanente, inscrita na Constitui\u00e7\u00e3o Federal com um desenho aprimorado. Contudo, a operacionaliza\u00e7\u00e3o do novo Fundeb ainda depende de um passo crucial: a aprova\u00e7\u00e3o de uma [&hellip;]<\/p>\n","protected":false},"author":4,"featured_media":0,"comment_status":"closed","ping_status":"closed","sticky":false,"template":"","format":"standard","meta":{"footnotes":"","_links_to":"","_links_to_target":""},"categories":[9],"tags":[],"class_list":["post-12712","post","type-post","status-publish","format-standard","hentry","category-noticias-da-imprensa"],"yoast_head":"<!-- This site is optimized with the Yoast SEO plugin v15.1 - https:\/\/yoast.com\/wordpress\/plugins\/seo\/ -->\n<title>Nota T\u00e9cnica: Lei de Regulamenta\u00e7\u00e3o do Novo Fundeb &raquo; Abrelivros<\/title>\n<meta name=\"robots\" content=\"index, follow, max-snippet:-1, max-image-preview:large, max-video-preview:-1\" \/>\n<link rel=\"canonical\" href=\"https:\/\/abrelivros.org.br\/site\/nota-tecnica-lei-de-regulamentacao-do-novo-fundeb-2\/\" \/>\n<meta property=\"og:locale\" content=\"pt_BR\" \/>\n<meta property=\"og:type\" content=\"article\" \/>\n<meta property=\"og:title\" content=\"Nota T\u00e9cnica: Lei de Regulamenta\u00e7\u00e3o do Novo Fundeb &raquo; Abrelivros\" \/>\n<meta property=\"og:description\" content=\"Em agosto, promulgou-se a Emenda Constitucional n\u00ba 08\/2020, que garantiu a consolida\u00e7\u00e3o do Fundeb (Fundo Nacional de Desenvolvimento da Educa\u00e7\u00e3o B\u00e1sica e de Valoriza\u00e7\u00e3o dos Profissionais da Educa\u00e7\u00e3o) como pol\u00edtica permanente, inscrita na Constitui\u00e7\u00e3o Federal com um desenho aprimorado. Contudo, a operacionaliza\u00e7\u00e3o do novo Fundeb ainda depende de um passo crucial: a aprova\u00e7\u00e3o de uma [&hellip;]\" \/>\n<meta property=\"og:url\" content=\"https:\/\/abrelivros.org.br\/site\/nota-tecnica-lei-de-regulamentacao-do-novo-fundeb-2\/\" \/>\n<meta property=\"og:site_name\" content=\"Abrelivros\" \/>\n<meta property=\"article:published_time\" content=\"2020-12-07T17:11:09+00:00\" \/>\n<meta property=\"article:modified_time\" content=\"2020-12-07T19:09:37+00:00\" \/>\n<meta name=\"twitter:card\" content=\"summary_large_image\" \/>\n<script type=\"application\/ld+json\" class=\"yoast-schema-graph\">{\"@context\":\"https:\/\/schema.org\",\"@graph\":[{\"@type\":\"WebSite\",\"@id\":\"https:\/\/abrelivros.org.br\/site\/#website\",\"url\":\"https:\/\/abrelivros.org.br\/site\/\",\"name\":\"Abrelivros\",\"description\":\"\",\"potentialAction\":[{\"@type\":\"SearchAction\",\"target\":\"https:\/\/abrelivros.org.br\/site\/?s={search_term_string}\",\"query-input\":\"required name=search_term_string\"}],\"inLanguage\":\"pt-BR\"},{\"@type\":\"WebPage\",\"@id\":\"https:\/\/abrelivros.org.br\/site\/nota-tecnica-lei-de-regulamentacao-do-novo-fundeb-2\/#webpage\",\"url\":\"https:\/\/abrelivros.org.br\/site\/nota-tecnica-lei-de-regulamentacao-do-novo-fundeb-2\/\",\"name\":\"Nota T\\u00e9cnica: Lei de Regulamenta\\u00e7\\u00e3o do Novo Fundeb &raquo; Abrelivros\",\"isPartOf\":{\"@id\":\"https:\/\/abrelivros.org.br\/site\/#website\"},\"datePublished\":\"2020-12-07T17:11:09+00:00\",\"dateModified\":\"2020-12-07T19:09:37+00:00\",\"author\":{\"@id\":\"https:\/\/abrelivros.org.br\/site\/#\/schema\/person\/65db80e26409802ce15ac5feec6a15fd\"},\"breadcrumb\":{\"@id\":\"https:\/\/abrelivros.org.br\/site\/nota-tecnica-lei-de-regulamentacao-do-novo-fundeb-2\/#breadcrumb\"},\"inLanguage\":\"pt-BR\",\"potentialAction\":[{\"@type\":\"ReadAction\",\"target\":[\"https:\/\/abrelivros.org.br\/site\/nota-tecnica-lei-de-regulamentacao-do-novo-fundeb-2\/\"]}]},{\"@type\":\"BreadcrumbList\",\"@id\":\"https:\/\/abrelivros.org.br\/site\/nota-tecnica-lei-de-regulamentacao-do-novo-fundeb-2\/#breadcrumb\",\"itemListElement\":[{\"@type\":\"ListItem\",\"position\":1,\"item\":{\"@type\":\"WebPage\",\"@id\":\"https:\/\/abrelivros.org.br\/site\/\",\"url\":\"https:\/\/abrelivros.org.br\/site\/\",\"name\":\"In\\u00edcio\"}},{\"@type\":\"ListItem\",\"position\":2,\"item\":{\"@type\":\"WebPage\",\"@id\":\"https:\/\/abrelivros.org.br\/site\/category\/noticias\/\",\"url\":\"https:\/\/abrelivros.org.br\/site\/category\/noticias\/\",\"name\":\"Not\\u00edcias\"}},{\"@type\":\"ListItem\",\"position\":3,\"item\":{\"@type\":\"WebPage\",\"@id\":\"https:\/\/abrelivros.org.br\/site\/category\/noticias\/noticias-da-imprensa\/\",\"url\":\"https:\/\/abrelivros.org.br\/site\/category\/noticias\/noticias-da-imprensa\/\",\"name\":\"Not\\u00edcias da imprensa\"}},{\"@type\":\"ListItem\",\"position\":4,\"item\":{\"@type\":\"WebPage\",\"@id\":\"https:\/\/abrelivros.org.br\/site\/nota-tecnica-lei-de-regulamentacao-do-novo-fundeb-2\/\",\"url\":\"https:\/\/abrelivros.org.br\/site\/nota-tecnica-lei-de-regulamentacao-do-novo-fundeb-2\/\",\"name\":\"Nota T\\u00e9cnica: Lei de Regulamenta\\u00e7\\u00e3o do Novo Fundeb\"}}]},{\"@type\":\"Person\",\"@id\":\"https:\/\/abrelivros.org.br\/site\/#\/schema\/person\/65db80e26409802ce15ac5feec6a15fd\",\"name\":\"Reda\\u00e7\\u00e3o Abrelivros\",\"image\":{\"@type\":\"ImageObject\",\"@id\":\"https:\/\/abrelivros.org.br\/site\/#personlogo\",\"inLanguage\":\"pt-BR\",\"url\":\"https:\/\/secure.gravatar.com\/avatar\/c4e57f9c7e3482965bd428192061218520756c39080b1d1820b679fa5e9af192?s=96&d=mm&r=g\",\"caption\":\"Reda\\u00e7\\u00e3o Abrelivros\"}}]}<\/script>\n<!-- \/ Yoast SEO plugin. -->","_links":{"self":[{"href":"https:\/\/abrelivros.org.br\/site\/wp-json\/wp\/v2\/posts\/12712","targetHints":{"allow":["GET"]}}],"collection":[{"href":"https:\/\/abrelivros.org.br\/site\/wp-json\/wp\/v2\/posts"}],"about":[{"href":"https:\/\/abrelivros.org.br\/site\/wp-json\/wp\/v2\/types\/post"}],"author":[{"embeddable":true,"href":"https:\/\/abrelivros.org.br\/site\/wp-json\/wp\/v2\/users\/4"}],"replies":[{"embeddable":true,"href":"https:\/\/abrelivros.org.br\/site\/wp-json\/wp\/v2\/comments?post=12712"}],"version-history":[{"count":1,"href":"https:\/\/abrelivros.org.br\/site\/wp-json\/wp\/v2\/posts\/12712\/revisions"}],"predecessor-version":[{"id":12713,"href":"https:\/\/abrelivros.org.br\/site\/wp-json\/wp\/v2\/posts\/12712\/revisions\/12713"}],"wp:attachment":[{"href":"https:\/\/abrelivros.org.br\/site\/wp-json\/wp\/v2\/media?parent=12712"}],"wp:term":[{"taxonomy":"category","embeddable":true,"href":"https:\/\/abrelivros.org.br\/site\/wp-json\/wp\/v2\/categories?post=12712"},{"taxonomy":"post_tag","embeddable":true,"href":"https:\/\/abrelivros.org.br\/site\/wp-json\/wp\/v2\/tags?post=12712"}],"curies":[{"name":"wp","href":"https:\/\/api.w.org\/{rel}","templated":true}]}}