{"id":12710,"date":"2020-12-07T14:06:21","date_gmt":"2020-12-07T17:06:21","guid":{"rendered":"https:\/\/abrelivros.org.br\/site\/?p=12710"},"modified":"2020-12-07T14:06:21","modified_gmt":"2020-12-07T17:06:21","slug":"fnde-e-enap-criam-premio-nacional-de-educacao","status":"publish","type":"post","link":"https:\/\/abrelivros.org.br\/site\/fnde-e-enap-criam-premio-nacional-de-educacao\/","title":{"rendered":"FNDE e Enap criam Pr\u00eamio Nacional de Educa\u00e7\u00e3o"},"content":{"rendered":"<p>O Fundo Nacional de Desenvolvimento da Educa\u00e7\u00e3o (FNDE), em parceria com a Escola Nacional de Administra\u00e7\u00e3o P\u00fablica (Enap), criou o 1\u00ba Pr\u00eamio Nacional de Educa\u00e7\u00e3o. O concurso tem como objetivo fomentar a realiza\u00e7\u00e3o de estudos e pesquisas sobre pol\u00edticas p\u00fablicas educacionais, em particular sobre os programas financiados pelo FNDE, de modo a subsidiar a atua\u00e7\u00e3o do \u00f3rg\u00e3o no aperfei\u00e7oamento de sua gest\u00e3o.<!--more--><\/p>\n<p>O especialista em Financiamento e Execu\u00e7\u00e3o de Programas e Projetos Educacionais do FNDE, \u00c2ngelo Nogueira, conta que a autarquia pretende obter novos dados e informa\u00e7\u00f5es de pesquisas inovadoras na \u00e1rea da educa\u00e7\u00e3o. \u201cEsperamos alcan\u00e7ar o aperfei\u00e7oamento dos programas e projetos do FNDE e dos seus modelos de gest\u00e3o, al\u00e9m de estimular cada vez mais pesquisas de temas de interesse da autarquia\u201d, disse Nogueira.<\/p>\n<p>A premia\u00e7\u00e3o se dar\u00e1 a partir da avalia\u00e7\u00e3o de monografias ou artigos relacionados \u00e0s pol\u00edticas p\u00fablicas educacionais. A previs\u00e3o para publica\u00e7\u00e3o do edital do Pr\u00eamio Nacional de Educa\u00e7\u00e3o \u00e9 para fevereiro de 2021.<\/p>\n","protected":false},"excerpt":{"rendered":"<p>O Fundo Nacional de Desenvolvimento da Educa\u00e7\u00e3o (FNDE), em parceria com a Escola Nacional de Administra\u00e7\u00e3o P\u00fablica (Enap), criou o 1\u00ba Pr\u00eamio Nacional de Educa\u00e7\u00e3o. O concurso tem como objetivo fomentar a realiza\u00e7\u00e3o de estudos e pesquisas sobre pol\u00edticas p\u00fablicas educacionais, em particular sobre os programas financiados pelo FNDE, de modo a subsidiar a atua\u00e7\u00e3o [&hellip;]<\/p>\n","protected":false},"author":4,"featured_media":0,"comment_status":"closed","ping_status":"closed","sticky":false,"template":"","format":"standard","meta":{"footnotes":"","_links_to":"","_links_to_target":""},"categories":[9],"tags":[],"class_list":["post-12710","post","type-post","status-publish","format-standard","hentry","category-noticias-da-imprensa"],"yoast_head":"<!-- This site is optimized with the Yoast SEO plugin v15.1 - https:\/\/yoast.com\/wordpress\/plugins\/seo\/ -->\n<title>FNDE e Enap criam Pr\u00eamio Nacional de Educa\u00e7\u00e3o &raquo; Abrelivros<\/title>\n<meta name=\"robots\" content=\"index, follow, max-snippet:-1, max-image-preview:large, max-video-preview:-1\" \/>\n<link rel=\"canonical\" href=\"https:\/\/abrelivros.org.br\/site\/fnde-e-enap-criam-premio-nacional-de-educacao\/\" \/>\n<meta property=\"og:locale\" content=\"pt_BR\" \/>\n<meta property=\"og:type\" content=\"article\" \/>\n<meta property=\"og:title\" content=\"FNDE e Enap criam Pr\u00eamio Nacional de Educa\u00e7\u00e3o &raquo; Abrelivros\" \/>\n<meta property=\"og:description\" content=\"O Fundo Nacional de Desenvolvimento da Educa\u00e7\u00e3o (FNDE), em parceria com a Escola Nacional de Administra\u00e7\u00e3o P\u00fablica (Enap), criou o 1\u00ba Pr\u00eamio Nacional de Educa\u00e7\u00e3o. O concurso tem como objetivo fomentar a realiza\u00e7\u00e3o de estudos e pesquisas sobre pol\u00edticas p\u00fablicas educacionais, em particular sobre os programas financiados pelo FNDE, de modo a subsidiar a atua\u00e7\u00e3o [&hellip;]\" \/>\n<meta property=\"og:url\" content=\"https:\/\/abrelivros.org.br\/site\/fnde-e-enap-criam-premio-nacional-de-educacao\/\" \/>\n<meta property=\"og:site_name\" content=\"Abrelivros\" \/>\n<meta property=\"article:published_time\" content=\"2020-12-07T17:06:21+00:00\" \/>\n<meta name=\"twitter:card\" content=\"summary_large_image\" \/>\n<script type=\"application\/ld+json\" class=\"yoast-schema-graph\">{\"@context\":\"https:\/\/schema.org\",\"@graph\":[{\"@type\":\"WebSite\",\"@id\":\"https:\/\/abrelivros.org.br\/site\/#website\",\"url\":\"https:\/\/abrelivros.org.br\/site\/\",\"name\":\"Abrelivros\",\"description\":\"\",\"potentialAction\":[{\"@type\":\"SearchAction\",\"target\":\"https:\/\/abrelivros.org.br\/site\/?s={search_term_string}\",\"query-input\":\"required name=search_term_string\"}],\"inLanguage\":\"pt-BR\"},{\"@type\":\"WebPage\",\"@id\":\"https:\/\/abrelivros.org.br\/site\/fnde-e-enap-criam-premio-nacional-de-educacao\/#webpage\",\"url\":\"https:\/\/abrelivros.org.br\/site\/fnde-e-enap-criam-premio-nacional-de-educacao\/\",\"name\":\"FNDE e Enap criam Pr\\u00eamio Nacional de Educa\\u00e7\\u00e3o &raquo; Abrelivros\",\"isPartOf\":{\"@id\":\"https:\/\/abrelivros.org.br\/site\/#website\"},\"datePublished\":\"2020-12-07T17:06:21+00:00\",\"dateModified\":\"2020-12-07T17:06:21+00:00\",\"author\":{\"@id\":\"https:\/\/abrelivros.org.br\/site\/#\/schema\/person\/65db80e26409802ce15ac5feec6a15fd\"},\"breadcrumb\":{\"@id\":\"https:\/\/abrelivros.org.br\/site\/fnde-e-enap-criam-premio-nacional-de-educacao\/#breadcrumb\"},\"inLanguage\":\"pt-BR\",\"potentialAction\":[{\"@type\":\"ReadAction\",\"target\":[\"https:\/\/abrelivros.org.br\/site\/fnde-e-enap-criam-premio-nacional-de-educacao\/\"]}]},{\"@type\":\"BreadcrumbList\",\"@id\":\"https:\/\/abrelivros.org.br\/site\/fnde-e-enap-criam-premio-nacional-de-educacao\/#breadcrumb\",\"itemListElement\":[{\"@type\":\"ListItem\",\"position\":1,\"item\":{\"@type\":\"WebPage\",\"@id\":\"https:\/\/abrelivros.org.br\/site\/\",\"url\":\"https:\/\/abrelivros.org.br\/site\/\",\"name\":\"In\\u00edcio\"}},{\"@type\":\"ListItem\",\"position\":2,\"item\":{\"@type\":\"WebPage\",\"@id\":\"https:\/\/abrelivros.org.br\/site\/category\/noticias\/\",\"url\":\"https:\/\/abrelivros.org.br\/site\/category\/noticias\/\",\"name\":\"Not\\u00edcias\"}},{\"@type\":\"ListItem\",\"position\":3,\"item\":{\"@type\":\"WebPage\",\"@id\":\"https:\/\/abrelivros.org.br\/site\/category\/noticias\/noticias-da-imprensa\/\",\"url\":\"https:\/\/abrelivros.org.br\/site\/category\/noticias\/noticias-da-imprensa\/\",\"name\":\"Not\\u00edcias da imprensa\"}},{\"@type\":\"ListItem\",\"position\":4,\"item\":{\"@type\":\"WebPage\",\"@id\":\"https:\/\/abrelivros.org.br\/site\/fnde-e-enap-criam-premio-nacional-de-educacao\/\",\"url\":\"https:\/\/abrelivros.org.br\/site\/fnde-e-enap-criam-premio-nacional-de-educacao\/\",\"name\":\"FNDE e Enap criam Pr\\u00eamio Nacional de Educa\\u00e7\\u00e3o\"}}]},{\"@type\":\"Person\",\"@id\":\"https:\/\/abrelivros.org.br\/site\/#\/schema\/person\/65db80e26409802ce15ac5feec6a15fd\",\"name\":\"Reda\\u00e7\\u00e3o Abrelivros\",\"image\":{\"@type\":\"ImageObject\",\"@id\":\"https:\/\/abrelivros.org.br\/site\/#personlogo\",\"inLanguage\":\"pt-BR\",\"url\":\"https:\/\/secure.gravatar.com\/avatar\/c4e57f9c7e3482965bd428192061218520756c39080b1d1820b679fa5e9af192?s=96&d=mm&r=g\",\"caption\":\"Reda\\u00e7\\u00e3o Abrelivros\"}}]}<\/script>\n<!-- \/ Yoast SEO plugin. -->","_links":{"self":[{"href":"https:\/\/abrelivros.org.br\/site\/wp-json\/wp\/v2\/posts\/12710","targetHints":{"allow":["GET"]}}],"collection":[{"href":"https:\/\/abrelivros.org.br\/site\/wp-json\/wp\/v2\/posts"}],"about":[{"href":"https:\/\/abrelivros.org.br\/site\/wp-json\/wp\/v2\/types\/post"}],"author":[{"embeddable":true,"href":"https:\/\/abrelivros.org.br\/site\/wp-json\/wp\/v2\/users\/4"}],"replies":[{"embeddable":true,"href":"https:\/\/abrelivros.org.br\/site\/wp-json\/wp\/v2\/comments?post=12710"}],"version-history":[{"count":1,"href":"https:\/\/abrelivros.org.br\/site\/wp-json\/wp\/v2\/posts\/12710\/revisions"}],"predecessor-version":[{"id":12711,"href":"https:\/\/abrelivros.org.br\/site\/wp-json\/wp\/v2\/posts\/12710\/revisions\/12711"}],"wp:attachment":[{"href":"https:\/\/abrelivros.org.br\/site\/wp-json\/wp\/v2\/media?parent=12710"}],"wp:term":[{"taxonomy":"category","embeddable":true,"href":"https:\/\/abrelivros.org.br\/site\/wp-json\/wp\/v2\/categories?post=12710"},{"taxonomy":"post_tag","embeddable":true,"href":"https:\/\/abrelivros.org.br\/site\/wp-json\/wp\/v2\/tags?post=12710"}],"curies":[{"name":"wp","href":"https:\/\/api.w.org\/{rel}","templated":true}]}}