{"id":12689,"date":"2020-12-04T15:16:49","date_gmt":"2020-12-04T18:16:49","guid":{"rendered":"https:\/\/abrelivros.org.br\/site\/?p=12689"},"modified":"2020-12-04T15:16:49","modified_gmt":"2020-12-04T18:16:49","slug":"editoras-se-unem-para-criar-projeto-da-escola-antirracista","status":"publish","type":"post","link":"https:\/\/abrelivros.org.br\/site\/editoras-se-unem-para-criar-projeto-da-escola-antirracista\/","title":{"rendered":"Editoras se unem para criar projeto da &#8216;Escola antirracista&#8217;"},"content":{"rendered":"<p>Um grupo de onze editoras inicia nesta sexta (4) o projeto Escola antirracista: construindo comunidades afirmativas, que prev\u00ea diversas a\u00e7\u00f5es &#8211; que ser\u00e3o desenvolvidas at\u00e9 dezembro de 2021 &#8211; dedicadas ao tema do racismo e do antirracismo. O grupo \u00e9 liderado pela Companhia das Letras e re\u00fane ainda as editoras Aziza, Boitempo, Oralituras, Perspectiva, Aut\u00eantica, Mal\u00ea, Mazza, Nandyala, Pallas e Quilombhoje. A primeira a\u00e7\u00e3o do projeto consiste em uma s\u00e9rie de encontros virtuais, que se inicia logo mais, \u00e0s 16h, com a participa\u00e7\u00e3o do patrono do evento, o antrop\u00f3logo brasileiro-congol\u00eas Kabenguel\u00ea Munanga, em uma mesa sobre Antirracismo, educa\u00e7\u00e3o e literatura. Os encontros ter\u00e3o ainda a participa\u00e7\u00e3o do escritor Jeferson Ten\u00f3rio, da historiadora Lilia Schwarcz, do fil\u00f3sofo Renato Nogueira, do editor Fernando Baldraia, dentre outros. A transmiss\u00e3o ser\u00e1 feita pelo<a href=\"https:\/\/www.youtube.com\/c\/CanalLetrinhaZ\/featured\" target=\"_blank\" rel=\"noopener noreferrer\"> canal LetrinhaZ<\/a> no YouTube. Al\u00e9m do ciclo de palestras, o projeto &#8211; idealizada pelo Departamento de Educa\u00e7\u00e3o da Companhia, em parceria com editoras negras e com editoras especializadas em tem\u00e1ticas negras ou com publica\u00e7\u00f5es relevantes &#8211; contribui com a implementa\u00e7\u00e3o das Leis 10.639\/2003 e 11.645\/2008, especialmente na Educa\u00e7\u00e3o B\u00e1sica. Clique no Leia Mais para saber outras informa\u00e7\u00f5es sobre o projeto.<!--more--><\/p>\n","protected":false},"excerpt":{"rendered":"<p>Um grupo de onze editoras inicia nesta sexta (4) o projeto Escola antirracista: construindo comunidades afirmativas, que prev\u00ea diversas a\u00e7\u00f5es &#8211; que ser\u00e3o desenvolvidas at\u00e9 dezembro de 2021 &#8211; dedicadas ao tema do racismo e do antirracismo. O grupo \u00e9 liderado pela Companhia das Letras e re\u00fane ainda as editoras Aziza, Boitempo, Oralituras, Perspectiva, Aut\u00eantica, [&hellip;]<\/p>\n","protected":false},"author":4,"featured_media":0,"comment_status":"closed","ping_status":"closed","sticky":false,"template":"","format":"standard","meta":{"footnotes":"","_links_to":"","_links_to_target":""},"categories":[9],"tags":[],"class_list":["post-12689","post","type-post","status-publish","format-standard","hentry","category-noticias-da-imprensa"],"yoast_head":"<!-- This site is optimized with the Yoast SEO plugin v15.1 - https:\/\/yoast.com\/wordpress\/plugins\/seo\/ -->\n<title>Editoras se unem para criar projeto da &#039;Escola antirracista&#039; &raquo; Abrelivros<\/title>\n<meta name=\"robots\" content=\"index, follow, max-snippet:-1, max-image-preview:large, max-video-preview:-1\" \/>\n<link rel=\"canonical\" href=\"https:\/\/abrelivros.org.br\/site\/editoras-se-unem-para-criar-projeto-da-escola-antirracista\/\" \/>\n<meta property=\"og:locale\" content=\"pt_BR\" \/>\n<meta property=\"og:type\" content=\"article\" \/>\n<meta property=\"og:title\" content=\"Editoras se unem para criar projeto da &#039;Escola antirracista&#039; &raquo; Abrelivros\" \/>\n<meta property=\"og:description\" content=\"Um grupo de onze editoras inicia nesta sexta (4) o projeto Escola antirracista: construindo comunidades afirmativas, que prev\u00ea diversas a\u00e7\u00f5es &#8211; que ser\u00e3o desenvolvidas at\u00e9 dezembro de 2021 &#8211; dedicadas ao tema do racismo e do antirracismo. O grupo \u00e9 liderado pela Companhia das Letras e re\u00fane ainda as editoras Aziza, Boitempo, Oralituras, Perspectiva, Aut\u00eantica, [&hellip;]\" \/>\n<meta property=\"og:url\" content=\"https:\/\/abrelivros.org.br\/site\/editoras-se-unem-para-criar-projeto-da-escola-antirracista\/\" \/>\n<meta property=\"og:site_name\" content=\"Abrelivros\" \/>\n<meta property=\"article:published_time\" content=\"2020-12-04T18:16:49+00:00\" \/>\n<meta name=\"twitter:card\" content=\"summary_large_image\" \/>\n<script type=\"application\/ld+json\" class=\"yoast-schema-graph\">{\"@context\":\"https:\/\/schema.org\",\"@graph\":[{\"@type\":\"WebSite\",\"@id\":\"https:\/\/abrelivros.org.br\/site\/#website\",\"url\":\"https:\/\/abrelivros.org.br\/site\/\",\"name\":\"Abrelivros\",\"description\":\"\",\"potentialAction\":[{\"@type\":\"SearchAction\",\"target\":\"https:\/\/abrelivros.org.br\/site\/?s={search_term_string}\",\"query-input\":\"required name=search_term_string\"}],\"inLanguage\":\"pt-BR\"},{\"@type\":\"WebPage\",\"@id\":\"https:\/\/abrelivros.org.br\/site\/editoras-se-unem-para-criar-projeto-da-escola-antirracista\/#webpage\",\"url\":\"https:\/\/abrelivros.org.br\/site\/editoras-se-unem-para-criar-projeto-da-escola-antirracista\/\",\"name\":\"Editoras se unem para criar projeto da 'Escola antirracista' &raquo; Abrelivros\",\"isPartOf\":{\"@id\":\"https:\/\/abrelivros.org.br\/site\/#website\"},\"datePublished\":\"2020-12-04T18:16:49+00:00\",\"dateModified\":\"2020-12-04T18:16:49+00:00\",\"author\":{\"@id\":\"https:\/\/abrelivros.org.br\/site\/#\/schema\/person\/65db80e26409802ce15ac5feec6a15fd\"},\"breadcrumb\":{\"@id\":\"https:\/\/abrelivros.org.br\/site\/editoras-se-unem-para-criar-projeto-da-escola-antirracista\/#breadcrumb\"},\"inLanguage\":\"pt-BR\",\"potentialAction\":[{\"@type\":\"ReadAction\",\"target\":[\"https:\/\/abrelivros.org.br\/site\/editoras-se-unem-para-criar-projeto-da-escola-antirracista\/\"]}]},{\"@type\":\"BreadcrumbList\",\"@id\":\"https:\/\/abrelivros.org.br\/site\/editoras-se-unem-para-criar-projeto-da-escola-antirracista\/#breadcrumb\",\"itemListElement\":[{\"@type\":\"ListItem\",\"position\":1,\"item\":{\"@type\":\"WebPage\",\"@id\":\"https:\/\/abrelivros.org.br\/site\/\",\"url\":\"https:\/\/abrelivros.org.br\/site\/\",\"name\":\"In\\u00edcio\"}},{\"@type\":\"ListItem\",\"position\":2,\"item\":{\"@type\":\"WebPage\",\"@id\":\"https:\/\/abrelivros.org.br\/site\/category\/noticias\/\",\"url\":\"https:\/\/abrelivros.org.br\/site\/category\/noticias\/\",\"name\":\"Not\\u00edcias\"}},{\"@type\":\"ListItem\",\"position\":3,\"item\":{\"@type\":\"WebPage\",\"@id\":\"https:\/\/abrelivros.org.br\/site\/category\/noticias\/noticias-da-imprensa\/\",\"url\":\"https:\/\/abrelivros.org.br\/site\/category\/noticias\/noticias-da-imprensa\/\",\"name\":\"Not\\u00edcias da imprensa\"}},{\"@type\":\"ListItem\",\"position\":4,\"item\":{\"@type\":\"WebPage\",\"@id\":\"https:\/\/abrelivros.org.br\/site\/editoras-se-unem-para-criar-projeto-da-escola-antirracista\/\",\"url\":\"https:\/\/abrelivros.org.br\/site\/editoras-se-unem-para-criar-projeto-da-escola-antirracista\/\",\"name\":\"Editoras se unem para criar projeto da &#8216;Escola antirracista&#8217;\"}}]},{\"@type\":\"Person\",\"@id\":\"https:\/\/abrelivros.org.br\/site\/#\/schema\/person\/65db80e26409802ce15ac5feec6a15fd\",\"name\":\"Reda\\u00e7\\u00e3o Abrelivros\",\"image\":{\"@type\":\"ImageObject\",\"@id\":\"https:\/\/abrelivros.org.br\/site\/#personlogo\",\"inLanguage\":\"pt-BR\",\"url\":\"https:\/\/secure.gravatar.com\/avatar\/c4e57f9c7e3482965bd428192061218520756c39080b1d1820b679fa5e9af192?s=96&d=mm&r=g\",\"caption\":\"Reda\\u00e7\\u00e3o Abrelivros\"}}]}<\/script>\n<!-- \/ Yoast SEO plugin. -->","_links":{"self":[{"href":"https:\/\/abrelivros.org.br\/site\/wp-json\/wp\/v2\/posts\/12689","targetHints":{"allow":["GET"]}}],"collection":[{"href":"https:\/\/abrelivros.org.br\/site\/wp-json\/wp\/v2\/posts"}],"about":[{"href":"https:\/\/abrelivros.org.br\/site\/wp-json\/wp\/v2\/types\/post"}],"author":[{"embeddable":true,"href":"https:\/\/abrelivros.org.br\/site\/wp-json\/wp\/v2\/users\/4"}],"replies":[{"embeddable":true,"href":"https:\/\/abrelivros.org.br\/site\/wp-json\/wp\/v2\/comments?post=12689"}],"version-history":[{"count":1,"href":"https:\/\/abrelivros.org.br\/site\/wp-json\/wp\/v2\/posts\/12689\/revisions"}],"predecessor-version":[{"id":12690,"href":"https:\/\/abrelivros.org.br\/site\/wp-json\/wp\/v2\/posts\/12689\/revisions\/12690"}],"wp:attachment":[{"href":"https:\/\/abrelivros.org.br\/site\/wp-json\/wp\/v2\/media?parent=12689"}],"wp:term":[{"taxonomy":"category","embeddable":true,"href":"https:\/\/abrelivros.org.br\/site\/wp-json\/wp\/v2\/categories?post=12689"},{"taxonomy":"post_tag","embeddable":true,"href":"https:\/\/abrelivros.org.br\/site\/wp-json\/wp\/v2\/tags?post=12689"}],"curies":[{"name":"wp","href":"https:\/\/api.w.org\/{rel}","templated":true}]}}