{"id":12687,"date":"2020-12-04T15:08:45","date_gmt":"2020-12-04T18:08:45","guid":{"rendered":"https:\/\/abrelivros.org.br\/site\/?p=12687"},"modified":"2020-12-04T15:08:45","modified_gmt":"2020-12-04T18:08:45","slug":"mec-diz-que-ainda-nao-finalizou-contrato-para-fazer-o-enem-digital","status":"publish","type":"post","link":"https:\/\/abrelivros.org.br\/site\/mec-diz-que-ainda-nao-finalizou-contrato-para-fazer-o-enem-digital\/","title":{"rendered":"MEC diz que ainda n\u00e3o finalizou contrato para fazer o Enem digital"},"content":{"rendered":"<p>O Minist\u00e9rio da Educa\u00e7\u00e3o (<a href=\"https:\/\/g1.globo.com\/tudo-sobre\/ministerio-da-educacao\/\" target=\"_blank\" rel=\"noopener noreferrer\">MEC<\/a>) <strong>ainda n\u00e3o fechou o contrato para fazer a <a href=\"https:\/\/g1.globo.com\/educacao\/enem\/2020\/noticia\/2020\/12\/04\/enem-digital-como-impedir-a-cola-e-se-o-computador-quebrar-veja-10-perguntas-e-respostas.ghtml\" target=\"_blank\" rel=\"noopener noreferrer\">vers\u00e3o digital<\/a><\/strong> do Exame Nacional do Ensino M\u00e9dio (<a href=\"https:\/\/g1.globo.com\/educacao\/enem\/2020\/\" target=\"_blank\" rel=\"noopener noreferrer\">Enem<\/a>) 2020. Os custos tamb\u00e9m n\u00e3o est\u00e3o definidos.<!--more--><\/p>\n<p>A pouco menos de 60 dias da prova, <strong>o contrato ainda est\u00e1 em fase de finaliza\u00e7\u00e3o<\/strong>, segundo o Instituto Nacional de Estudos e Pesquisas Educacionais An\u00edsio Teixeira (<a href=\"https:\/\/g1.globo.com\/tudo-sobre\/inep\/\" target=\"_blank\" rel=\"noopener noreferrer\">Inep<\/a>), autarquia do MEC respons\u00e1vel pela realiza\u00e7\u00e3o do Enem.<\/p>\n<p>As provas est\u00e3o marcadas para <strong>31 de janeiro e 7 de fevereiro<\/strong>, ap\u00f3s a realiza\u00e7\u00e3o da vers\u00e3o impressa, que ser\u00e1 em 17 e 24 de janeiro.<\/p>\n<p>Mais de 96 mil pessoas (1,7% do total de 5,8 milh\u00f5es de candidatos) est\u00e3o inscritos no Enem digital, que ser\u00e1 feito pela primeira vez, em um projeto-piloto, nesta edi\u00e7\u00e3o. A ideia do MEC \u00e9 tornar a prova<a href=\"https:\/\/g1.globo.com\/educacao\/noticia\/2019\/07\/03\/enem-vai-ser-100percent-digital-ate-2026-diz-inep.ghtml\" target=\"_blank\" rel=\"noopener noreferrer\"> totalmente digital at\u00e9 2026<\/a>.<\/p>\n<p>Mas, para que o projeto-piloto seja realizado, ainda \u00e9 preciso alterar o contrato do exame impresso, fechado com a Funda\u00e7\u00e3o Cesgranrio, e incluir os detalhes sobre a vers\u00e3o digital.<\/p>\n<p>Quando o projeto-piloto do Enem digital foi anunciado, o Inep informou que estimava investir cerca de R$ 20 milh\u00f5es, e que n\u00e3o pretendia comprar novos computadores, mas sim usar equipamentos de institui\u00e7\u00f5es de ensino localizadas nas cidades participantes.<\/p>\n<p>Para o doutor em educa\u00e7\u00e3o Ocimar Alavarse, do Grupo de Estudos e Pesquisas em Avalia\u00e7\u00e3o Educacional (Gepave), da Universidade de S\u00e3o Paulo (USP), o atraso pode colocar em risco a seguran\u00e7a da prova.<\/p>\n<p>&#8220;O problema envolve toda a log\u00edstica da prova: prepara\u00e7\u00e3o do local, dos dispositivos, a transmiss\u00e3o dos dados, o processamento das informa\u00e7\u00f5es. Para isso, precisam ser feitos testes, e em dois meses, isso pode ficar comprometido. Em tese, a empresa s\u00f3 poder\u00e1 fazer tudo isso quando tiver assinado o aditamento&#8221;, afirma.<\/p>\n<p><strong>O que se sabe e o que ainda \u00e9 d\u00favida sobre o Enem digital:<\/strong><\/p>\n<p>Em entrevista ao <strong>G1<\/strong>, o presidente substituto do Instituto Nacional de Estudos e Pesquisas Educacionais An\u00edsio Teixeira (Inep), Camilo Mussi, deu mais detalhes sobre a din\u00e2mica de aplica\u00e7\u00e3o da prova. Como garantir que ningu\u00e9m \u201ccole\u201d? A reda\u00e7\u00e3o vai ser manuscrita? E se o computador quebrar?<\/p>\n<p><a href=\"https:\/\/g1.globo.com\/educacao\/enem\/2020\/noticia\/2020\/12\/04\/enem-digital-como-impedir-a-cola-e-se-o-computador-quebrar-veja-10-perguntas-e-respostas.ghtml\" target=\"_blank\" rel=\"noopener noreferrer\"><strong>Leia as respostas aqui<\/strong><\/a>.<\/p>\n<p><strong>Seguran\u00e7a digital<\/strong><\/p>\n<p>\u2022 <strong>Como a prova digital chegar\u00e1 aos computadores?<\/strong><\/p>\n<p>A prova do Enem digital ser\u00e1 &#8220;carregada&#8221; no computador pela internet. Depois, diz o Inep, essa conex\u00e3o ser\u00e1 cortada.<\/p>\n<p>O Inep afirma que o Enem digital ser\u00e1 criptografado, o que impedir\u00e1 que os dados sejam decodificados a tempo de afetar a aplica\u00e7\u00e3o das provas.<\/p>\n<p>O instituto n\u00e3o informou como ser\u00e1 feito o transporte e armazenamento do sistema. Segundo o Inep, o sigilo \u00e9 para preservar a seguran\u00e7a do processo.<\/p>\n<p>\u2022 <strong>Como ser\u00e1 feita a transmiss\u00e3o dos dados da prova?<\/strong><\/p>\n<p>Ainda n\u00e3o se sabe se, ap\u00f3s o aluno concluir a prova, o exame ser\u00e1 transmitido via internet e como ocorrer\u00e1 o processo para garantir que todos os resultados cheguem ao Inep.<\/p>\n<p>Alavarse alerta sobre o risco de <a href=\"https:\/\/g1.globo.com\/politica\/noticia\/2020\/11\/19\/policia-federal-aponta-que-hackers-acessaram-dados-de-2020-de-funcionarios-do-tse.ghtml\" target=\"_blank\" rel=\"noopener noreferrer\">ataques hackers, como o registrado no sistema do Tribunal Superior Eleitoral (TSE)<\/a> durante as elei\u00e7\u00f5es deste ano.<\/p>\n<p>\u2022 <strong>Como ser\u00e1 o treinamento dos aplicadores da vers\u00e3o digital?<\/strong><\/p>\n<p>O Inep n\u00e3o esclareceu como ser\u00e1 o treinamento, mas afirmou que ele come\u00e7ar\u00e1 neste s\u00e1bado (5).<\/p>\n<p>Ao todo, 30 mil aplicadores est\u00e3o sendo treinados para as provas do Enem. N\u00e3o h\u00e1 detalhamento sobre quantos ser\u00e3o para o Enem impresso e quantos ser\u00e3o para o Enem digital.<\/p>\n<p><strong>Cronograma do Enem 2020<\/strong><\/p>\n<p>\u2022 <strong>Provas impressas:<\/strong> 17 e 24 de janeiro<\/p>\n<p>\u2022 <strong>Prova digital:<\/strong> 31 de janeiro e 7 de fevereiro<\/p>\n<p>\u2022 <strong>Reaplica\u00e7\u00e3o da prova:<\/strong> 24 e 25 de fevereiro<\/p>\n<p>\u2022 <strong>Resultados:<\/strong> a partir de 29 de mar\u00e7o<\/p>\n","protected":false},"excerpt":{"rendered":"<p>O Minist\u00e9rio da Educa\u00e7\u00e3o (MEC) ainda n\u00e3o fechou o contrato para fazer a vers\u00e3o digital do Exame Nacional do Ensino M\u00e9dio (Enem) 2020. Os custos tamb\u00e9m n\u00e3o est\u00e3o definidos.<\/p>\n","protected":false},"author":4,"featured_media":0,"comment_status":"closed","ping_status":"closed","sticky":false,"template":"","format":"standard","meta":{"footnotes":"","_links_to":"","_links_to_target":""},"categories":[9],"tags":[],"class_list":["post-12687","post","type-post","status-publish","format-standard","hentry","category-noticias-da-imprensa"],"yoast_head":"<!-- This site is optimized with the Yoast SEO plugin v15.1 - https:\/\/yoast.com\/wordpress\/plugins\/seo\/ -->\n<title>MEC diz que ainda n\u00e3o finalizou contrato para fazer o Enem digital &raquo; Abrelivros<\/title>\n<meta name=\"robots\" content=\"index, follow, max-snippet:-1, max-image-preview:large, max-video-preview:-1\" \/>\n<link rel=\"canonical\" href=\"https:\/\/abrelivros.org.br\/site\/mec-diz-que-ainda-nao-finalizou-contrato-para-fazer-o-enem-digital\/\" \/>\n<meta property=\"og:locale\" content=\"pt_BR\" \/>\n<meta property=\"og:type\" content=\"article\" \/>\n<meta property=\"og:title\" content=\"MEC diz que ainda n\u00e3o finalizou contrato para fazer o Enem digital &raquo; Abrelivros\" \/>\n<meta property=\"og:description\" content=\"O Minist\u00e9rio da Educa\u00e7\u00e3o (MEC) ainda n\u00e3o fechou o contrato para fazer a vers\u00e3o digital do Exame Nacional do Ensino M\u00e9dio (Enem) 2020. Os custos tamb\u00e9m n\u00e3o est\u00e3o definidos.\" \/>\n<meta property=\"og:url\" content=\"https:\/\/abrelivros.org.br\/site\/mec-diz-que-ainda-nao-finalizou-contrato-para-fazer-o-enem-digital\/\" \/>\n<meta property=\"og:site_name\" content=\"Abrelivros\" \/>\n<meta property=\"article:published_time\" content=\"2020-12-04T18:08:45+00:00\" \/>\n<meta name=\"twitter:card\" content=\"summary_large_image\" \/>\n<script type=\"application\/ld+json\" class=\"yoast-schema-graph\">{\"@context\":\"https:\/\/schema.org\",\"@graph\":[{\"@type\":\"WebSite\",\"@id\":\"https:\/\/abrelivros.org.br\/site\/#website\",\"url\":\"https:\/\/abrelivros.org.br\/site\/\",\"name\":\"Abrelivros\",\"description\":\"\",\"potentialAction\":[{\"@type\":\"SearchAction\",\"target\":\"https:\/\/abrelivros.org.br\/site\/?s={search_term_string}\",\"query-input\":\"required name=search_term_string\"}],\"inLanguage\":\"pt-BR\"},{\"@type\":\"WebPage\",\"@id\":\"https:\/\/abrelivros.org.br\/site\/mec-diz-que-ainda-nao-finalizou-contrato-para-fazer-o-enem-digital\/#webpage\",\"url\":\"https:\/\/abrelivros.org.br\/site\/mec-diz-que-ainda-nao-finalizou-contrato-para-fazer-o-enem-digital\/\",\"name\":\"MEC diz que ainda n\\u00e3o finalizou contrato para fazer o Enem digital &raquo; Abrelivros\",\"isPartOf\":{\"@id\":\"https:\/\/abrelivros.org.br\/site\/#website\"},\"datePublished\":\"2020-12-04T18:08:45+00:00\",\"dateModified\":\"2020-12-04T18:08:45+00:00\",\"author\":{\"@id\":\"https:\/\/abrelivros.org.br\/site\/#\/schema\/person\/65db80e26409802ce15ac5feec6a15fd\"},\"breadcrumb\":{\"@id\":\"https:\/\/abrelivros.org.br\/site\/mec-diz-que-ainda-nao-finalizou-contrato-para-fazer-o-enem-digital\/#breadcrumb\"},\"inLanguage\":\"pt-BR\",\"potentialAction\":[{\"@type\":\"ReadAction\",\"target\":[\"https:\/\/abrelivros.org.br\/site\/mec-diz-que-ainda-nao-finalizou-contrato-para-fazer-o-enem-digital\/\"]}]},{\"@type\":\"BreadcrumbList\",\"@id\":\"https:\/\/abrelivros.org.br\/site\/mec-diz-que-ainda-nao-finalizou-contrato-para-fazer-o-enem-digital\/#breadcrumb\",\"itemListElement\":[{\"@type\":\"ListItem\",\"position\":1,\"item\":{\"@type\":\"WebPage\",\"@id\":\"https:\/\/abrelivros.org.br\/site\/\",\"url\":\"https:\/\/abrelivros.org.br\/site\/\",\"name\":\"In\\u00edcio\"}},{\"@type\":\"ListItem\",\"position\":2,\"item\":{\"@type\":\"WebPage\",\"@id\":\"https:\/\/abrelivros.org.br\/site\/category\/noticias\/\",\"url\":\"https:\/\/abrelivros.org.br\/site\/category\/noticias\/\",\"name\":\"Not\\u00edcias\"}},{\"@type\":\"ListItem\",\"position\":3,\"item\":{\"@type\":\"WebPage\",\"@id\":\"https:\/\/abrelivros.org.br\/site\/category\/noticias\/noticias-da-imprensa\/\",\"url\":\"https:\/\/abrelivros.org.br\/site\/category\/noticias\/noticias-da-imprensa\/\",\"name\":\"Not\\u00edcias da imprensa\"}},{\"@type\":\"ListItem\",\"position\":4,\"item\":{\"@type\":\"WebPage\",\"@id\":\"https:\/\/abrelivros.org.br\/site\/mec-diz-que-ainda-nao-finalizou-contrato-para-fazer-o-enem-digital\/\",\"url\":\"https:\/\/abrelivros.org.br\/site\/mec-diz-que-ainda-nao-finalizou-contrato-para-fazer-o-enem-digital\/\",\"name\":\"MEC diz que ainda n\\u00e3o finalizou contrato para fazer o Enem digital\"}}]},{\"@type\":\"Person\",\"@id\":\"https:\/\/abrelivros.org.br\/site\/#\/schema\/person\/65db80e26409802ce15ac5feec6a15fd\",\"name\":\"Reda\\u00e7\\u00e3o Abrelivros\",\"image\":{\"@type\":\"ImageObject\",\"@id\":\"https:\/\/abrelivros.org.br\/site\/#personlogo\",\"inLanguage\":\"pt-BR\",\"url\":\"https:\/\/secure.gravatar.com\/avatar\/c4e57f9c7e3482965bd428192061218520756c39080b1d1820b679fa5e9af192?s=96&d=mm&r=g\",\"caption\":\"Reda\\u00e7\\u00e3o Abrelivros\"}}]}<\/script>\n<!-- \/ Yoast SEO plugin. -->","_links":{"self":[{"href":"https:\/\/abrelivros.org.br\/site\/wp-json\/wp\/v2\/posts\/12687","targetHints":{"allow":["GET"]}}],"collection":[{"href":"https:\/\/abrelivros.org.br\/site\/wp-json\/wp\/v2\/posts"}],"about":[{"href":"https:\/\/abrelivros.org.br\/site\/wp-json\/wp\/v2\/types\/post"}],"author":[{"embeddable":true,"href":"https:\/\/abrelivros.org.br\/site\/wp-json\/wp\/v2\/users\/4"}],"replies":[{"embeddable":true,"href":"https:\/\/abrelivros.org.br\/site\/wp-json\/wp\/v2\/comments?post=12687"}],"version-history":[{"count":1,"href":"https:\/\/abrelivros.org.br\/site\/wp-json\/wp\/v2\/posts\/12687\/revisions"}],"predecessor-version":[{"id":12688,"href":"https:\/\/abrelivros.org.br\/site\/wp-json\/wp\/v2\/posts\/12687\/revisions\/12688"}],"wp:attachment":[{"href":"https:\/\/abrelivros.org.br\/site\/wp-json\/wp\/v2\/media?parent=12687"}],"wp:term":[{"taxonomy":"category","embeddable":true,"href":"https:\/\/abrelivros.org.br\/site\/wp-json\/wp\/v2\/categories?post=12687"},{"taxonomy":"post_tag","embeddable":true,"href":"https:\/\/abrelivros.org.br\/site\/wp-json\/wp\/v2\/tags?post=12687"}],"curies":[{"name":"wp","href":"https:\/\/api.w.org\/{rel}","templated":true}]}}