{"id":12685,"date":"2020-12-04T14:22:45","date_gmt":"2020-12-04T17:22:45","guid":{"rendered":"https:\/\/abrelivros.org.br\/site\/?p=12685"},"modified":"2020-12-04T14:22:45","modified_gmt":"2020-12-04T17:22:45","slug":"governo-nao-pode-forcar-volta-de-aulas-presenciais-nos-estados-diz-presidente-do-consed","status":"publish","type":"post","link":"https:\/\/abrelivros.org.br\/site\/governo-nao-pode-forcar-volta-de-aulas-presenciais-nos-estados-diz-presidente-do-consed\/","title":{"rendered":"&#8216;Governo n\u00e3o pode for\u00e7ar volta de aulas presenciais nos estados&#8217;, diz presidente do Consed"},"content":{"rendered":"<p>A presidente do Conselho Nacional de Secret\u00e1rios de Educa\u00e7\u00e3o (Consed), Cec\u00edlia Mota, afrima que o governo federal n\u00e3o pode for\u00e7ar o retorno presencial das aulas nos estados. Isso porque cada unidade da federa\u00e7\u00e3o tem autonomia para decidir pela prorroga\u00e7\u00e3o do ensino remoto.<!--more--><\/p>\n<p>\u2014 Na verdade, n\u00f3s (tamb\u00e9m) queremos que voltem as aulas presenciais. Fecha-se o com\u00e9rcio, mas n\u00e3o a escola. Mas ainda vamos precisar do ensino remoto para as aulas h\u00edbridas ou refor\u00e7o escolar \u2014 diz.<\/p>\n<p>Na \u00faltima semana, o <a href=\"https:\/\/oglobo.globo.com\/sociedade\/educacao\/2275-mec-vai-vetar-artigo-que-libera-ensino-remoto-ate-fim-de-2021-24770783\" target=\"_blank\" rel=\"noopener noreferrer\">Minist\u00e9rio da Educa\u00e7\u00e3o (MEC) avisou a membros do Conselho Nacional de Educa\u00e7\u00e3o (CNE) que vetar\u00e1 a prorroga\u00e7\u00e3o do ensino remoto at\u00e9 dezembro de 2021<\/a>. A comunica\u00e7\u00e3o ainda n\u00e3o foi feita oficialmente, mas j\u00e1 houve conversas entre membros do conselho e do minist\u00e9rio. A informa\u00e7\u00e3o foi confirmada ao GLOBO por duas fontes envolvidas com as negocia\u00e7\u00f5es. O objetivo do governo federal seria o de tentar for\u00e7ar a volta presencial \u00e0s aulas em todo o pa\u00eds.<\/p>\n<p>Ao GLOBO, Cec\u00edlia Mota, que \u00e9 secret\u00e1ria de educa\u00e7\u00e3o do Mato Grosso do Sul, afirma que se preocupa mais com outro aspecto da extens\u00e3o das aulas remotas: a eleva\u00e7\u00e3o da evas\u00e3o escolar e que os estados j\u00e1 est\u00e3o preparados para o retorno seguro \u00e0s salas de aula com turmas divididas.<\/p>\n<p><strong>O governo federal pode, de alguma forma, for\u00e7ar o retorno presencial \u00e0s aulas nos estados?<\/strong><\/p>\n<p>N\u00e3o. O que estamos entendendo \u00e9 que o governo federal passou para os estados decidirem. E os sistemas de ensino tamb\u00e9m t\u00eam sua autonomia para legislar. Os conselhos estaduais e municipais podem legislar sobre isso. Na verdade, n\u00f3s queremos que voltem as aulas presenciais. Est\u00e1 tudo aberto: boate, circo, mercado, parque de divers\u00f5es e o preju\u00edzo pedag\u00f3gico est\u00e1 sendo enorme. Por isso estamos lan\u00e7ando os protocolos de retorno seguro junto de \u00f3rg\u00e3os de controle. Mesmo que de forma h\u00edbrida, de alguma maneira a gente pretende voltar.<\/p>\n","protected":false},"excerpt":{"rendered":"<p>A presidente do Conselho Nacional de Secret\u00e1rios de Educa\u00e7\u00e3o (Consed), Cec\u00edlia Mota, afrima que o governo federal n\u00e3o pode for\u00e7ar o retorno presencial das aulas nos estados. Isso porque cada unidade da federa\u00e7\u00e3o tem autonomia para decidir pela prorroga\u00e7\u00e3o do ensino remoto.<\/p>\n","protected":false},"author":4,"featured_media":0,"comment_status":"closed","ping_status":"closed","sticky":false,"template":"","format":"standard","meta":{"footnotes":"","_links_to":"","_links_to_target":""},"categories":[9],"tags":[],"class_list":["post-12685","post","type-post","status-publish","format-standard","hentry","category-noticias-da-imprensa"],"yoast_head":"<!-- This site is optimized with the Yoast SEO plugin v15.1 - https:\/\/yoast.com\/wordpress\/plugins\/seo\/ -->\n<title>&#039;Governo n\u00e3o pode for\u00e7ar volta de aulas presenciais nos estados&#039;, diz presidente do Consed &raquo; Abrelivros<\/title>\n<meta name=\"robots\" content=\"index, follow, max-snippet:-1, max-image-preview:large, max-video-preview:-1\" \/>\n<link rel=\"canonical\" href=\"https:\/\/abrelivros.org.br\/site\/governo-nao-pode-forcar-volta-de-aulas-presenciais-nos-estados-diz-presidente-do-consed\/\" \/>\n<meta property=\"og:locale\" content=\"pt_BR\" \/>\n<meta property=\"og:type\" content=\"article\" \/>\n<meta property=\"og:title\" content=\"&#039;Governo n\u00e3o pode for\u00e7ar volta de aulas presenciais nos estados&#039;, diz presidente do Consed &raquo; Abrelivros\" \/>\n<meta property=\"og:description\" content=\"A presidente do Conselho Nacional de Secret\u00e1rios de Educa\u00e7\u00e3o (Consed), Cec\u00edlia Mota, afrima que o governo federal n\u00e3o pode for\u00e7ar o retorno presencial das aulas nos estados. Isso porque cada unidade da federa\u00e7\u00e3o tem autonomia para decidir pela prorroga\u00e7\u00e3o do ensino remoto.\" \/>\n<meta property=\"og:url\" content=\"https:\/\/abrelivros.org.br\/site\/governo-nao-pode-forcar-volta-de-aulas-presenciais-nos-estados-diz-presidente-do-consed\/\" \/>\n<meta property=\"og:site_name\" content=\"Abrelivros\" \/>\n<meta property=\"article:published_time\" content=\"2020-12-04T17:22:45+00:00\" \/>\n<meta name=\"twitter:card\" content=\"summary_large_image\" \/>\n<script type=\"application\/ld+json\" class=\"yoast-schema-graph\">{\"@context\":\"https:\/\/schema.org\",\"@graph\":[{\"@type\":\"WebSite\",\"@id\":\"https:\/\/abrelivros.org.br\/site\/#website\",\"url\":\"https:\/\/abrelivros.org.br\/site\/\",\"name\":\"Abrelivros\",\"description\":\"\",\"potentialAction\":[{\"@type\":\"SearchAction\",\"target\":\"https:\/\/abrelivros.org.br\/site\/?s={search_term_string}\",\"query-input\":\"required name=search_term_string\"}],\"inLanguage\":\"pt-BR\"},{\"@type\":\"WebPage\",\"@id\":\"https:\/\/abrelivros.org.br\/site\/governo-nao-pode-forcar-volta-de-aulas-presenciais-nos-estados-diz-presidente-do-consed\/#webpage\",\"url\":\"https:\/\/abrelivros.org.br\/site\/governo-nao-pode-forcar-volta-de-aulas-presenciais-nos-estados-diz-presidente-do-consed\/\",\"name\":\"'Governo n\\u00e3o pode for\\u00e7ar volta de aulas presenciais nos estados', diz presidente do Consed &raquo; Abrelivros\",\"isPartOf\":{\"@id\":\"https:\/\/abrelivros.org.br\/site\/#website\"},\"datePublished\":\"2020-12-04T17:22:45+00:00\",\"dateModified\":\"2020-12-04T17:22:45+00:00\",\"author\":{\"@id\":\"https:\/\/abrelivros.org.br\/site\/#\/schema\/person\/65db80e26409802ce15ac5feec6a15fd\"},\"breadcrumb\":{\"@id\":\"https:\/\/abrelivros.org.br\/site\/governo-nao-pode-forcar-volta-de-aulas-presenciais-nos-estados-diz-presidente-do-consed\/#breadcrumb\"},\"inLanguage\":\"pt-BR\",\"potentialAction\":[{\"@type\":\"ReadAction\",\"target\":[\"https:\/\/abrelivros.org.br\/site\/governo-nao-pode-forcar-volta-de-aulas-presenciais-nos-estados-diz-presidente-do-consed\/\"]}]},{\"@type\":\"BreadcrumbList\",\"@id\":\"https:\/\/abrelivros.org.br\/site\/governo-nao-pode-forcar-volta-de-aulas-presenciais-nos-estados-diz-presidente-do-consed\/#breadcrumb\",\"itemListElement\":[{\"@type\":\"ListItem\",\"position\":1,\"item\":{\"@type\":\"WebPage\",\"@id\":\"https:\/\/abrelivros.org.br\/site\/\",\"url\":\"https:\/\/abrelivros.org.br\/site\/\",\"name\":\"In\\u00edcio\"}},{\"@type\":\"ListItem\",\"position\":2,\"item\":{\"@type\":\"WebPage\",\"@id\":\"https:\/\/abrelivros.org.br\/site\/category\/noticias\/\",\"url\":\"https:\/\/abrelivros.org.br\/site\/category\/noticias\/\",\"name\":\"Not\\u00edcias\"}},{\"@type\":\"ListItem\",\"position\":3,\"item\":{\"@type\":\"WebPage\",\"@id\":\"https:\/\/abrelivros.org.br\/site\/category\/noticias\/noticias-da-imprensa\/\",\"url\":\"https:\/\/abrelivros.org.br\/site\/category\/noticias\/noticias-da-imprensa\/\",\"name\":\"Not\\u00edcias da imprensa\"}},{\"@type\":\"ListItem\",\"position\":4,\"item\":{\"@type\":\"WebPage\",\"@id\":\"https:\/\/abrelivros.org.br\/site\/governo-nao-pode-forcar-volta-de-aulas-presenciais-nos-estados-diz-presidente-do-consed\/\",\"url\":\"https:\/\/abrelivros.org.br\/site\/governo-nao-pode-forcar-volta-de-aulas-presenciais-nos-estados-diz-presidente-do-consed\/\",\"name\":\"&#8216;Governo n\\u00e3o pode for\\u00e7ar volta de aulas presenciais nos estados&#8217;, diz presidente do Consed\"}}]},{\"@type\":\"Person\",\"@id\":\"https:\/\/abrelivros.org.br\/site\/#\/schema\/person\/65db80e26409802ce15ac5feec6a15fd\",\"name\":\"Reda\\u00e7\\u00e3o Abrelivros\",\"image\":{\"@type\":\"ImageObject\",\"@id\":\"https:\/\/abrelivros.org.br\/site\/#personlogo\",\"inLanguage\":\"pt-BR\",\"url\":\"https:\/\/secure.gravatar.com\/avatar\/c4e57f9c7e3482965bd428192061218520756c39080b1d1820b679fa5e9af192?s=96&d=mm&r=g\",\"caption\":\"Reda\\u00e7\\u00e3o Abrelivros\"}}]}<\/script>\n<!-- \/ Yoast SEO plugin. -->","_links":{"self":[{"href":"https:\/\/abrelivros.org.br\/site\/wp-json\/wp\/v2\/posts\/12685","targetHints":{"allow":["GET"]}}],"collection":[{"href":"https:\/\/abrelivros.org.br\/site\/wp-json\/wp\/v2\/posts"}],"about":[{"href":"https:\/\/abrelivros.org.br\/site\/wp-json\/wp\/v2\/types\/post"}],"author":[{"embeddable":true,"href":"https:\/\/abrelivros.org.br\/site\/wp-json\/wp\/v2\/users\/4"}],"replies":[{"embeddable":true,"href":"https:\/\/abrelivros.org.br\/site\/wp-json\/wp\/v2\/comments?post=12685"}],"version-history":[{"count":1,"href":"https:\/\/abrelivros.org.br\/site\/wp-json\/wp\/v2\/posts\/12685\/revisions"}],"predecessor-version":[{"id":12686,"href":"https:\/\/abrelivros.org.br\/site\/wp-json\/wp\/v2\/posts\/12685\/revisions\/12686"}],"wp:attachment":[{"href":"https:\/\/abrelivros.org.br\/site\/wp-json\/wp\/v2\/media?parent=12685"}],"wp:term":[{"taxonomy":"category","embeddable":true,"href":"https:\/\/abrelivros.org.br\/site\/wp-json\/wp\/v2\/categories?post=12685"},{"taxonomy":"post_tag","embeddable":true,"href":"https:\/\/abrelivros.org.br\/site\/wp-json\/wp\/v2\/tags?post=12685"}],"curies":[{"name":"wp","href":"https:\/\/api.w.org\/{rel}","templated":true}]}}