{"id":12683,"date":"2020-12-04T14:19:34","date_gmt":"2020-12-04T17:19:34","guid":{"rendered":"https:\/\/abrelivros.org.br\/site\/?p=12683"},"modified":"2020-12-04T14:19:34","modified_gmt":"2020-12-04T17:19:34","slug":"enem-2020-e-marco-da-acessibilidade-na-educacao","status":"publish","type":"post","link":"https:\/\/abrelivros.org.br\/site\/enem-2020-e-marco-da-acessibilidade-na-educacao\/","title":{"rendered":"Enem 2020 \u00e9 marco da acessibilidade na educa\u00e7\u00e3o"},"content":{"rendered":"<p>O Exame Nacional do Ensino M\u00e9dio (Enem) 2020 ser\u00e1 um marco na luta pela acessibilidade e a inclus\u00e3o no Brasil. H\u00e1 20 anos, o Instituto Nacional de Estudos e Pesquisas Educacionais An\u00edsio Teixeira (Inep) implementava, pela primeira vez, medidas para atender pessoas com defici\u00eancia. Desde ent\u00e3o, o Enem conta com recursos, como provas em braile e ampliada, aux\u00edlio para leitura e transcri\u00e7\u00e3o, al\u00e9m de oferecer, entre outros suportes, tradutor-int\u00e9rprete em L\u00edngua Brasileira de Sinais (Libras). As a\u00e7\u00f5es fazem parte da Pol\u00edtica de Acessibilidade e Inclus\u00e3o do Inep e se somam aos princ\u00edpios do Dia Internacional da Pessoa com Defici\u00eancia, celebrado nesta quinta-feira, 3 de dezembro.<!--more--><\/p>\n<p>A data foi criada pela Organiza\u00e7\u00e3o das Na\u00e7\u00f5es Unidas (ONU) para dar visibilidade \u00e0 luta contra estere\u00f3tipos e preconceitos, al\u00e9m de ressaltar a import\u00e2ncia da inclus\u00e3o e promover o combate ao capacitismo \u2014 discrimina\u00e7\u00e3o e preconceito social contra pessoas com alguma defici\u00eancia. H\u00e1 duas d\u00e9cadas, o Enem \u00e9 um dos instrumentos da educa\u00e7\u00e3o brasileira para a promo\u00e7\u00e3o desses valores, em conformidade tamb\u00e9m com o Estatuto da Pessoa com Defici\u00eancia (Lei n.\u00ba 13.146\/2015).<\/p>\n<p>Em 2017, participantes surdos e deficientes auditivos do exame passaram a contar com novos aux\u00edlios de acessibilidade, como a videoprova em Libras. Desde ent\u00e3o, a oferta dessa modalidade de prova \u00e9 direcionada \u00e0 comunidade surda que tem Libras como primeira l\u00edngua. Vale ressaltar que 52.598 inscritos no Enem 2020 solicitaram, em geral, algum tipo de atendimento especializado. Ao todo, 1.353 declararam ser surdos e 2.487 informaram possuir defici\u00eancia auditiva.<\/p>\n<p><strong>Plataforma<\/strong> \u2013 Em 2018, o Inep disponibilizou a Plataforma Videoprova em Libras, na qual a modalidade de prova pode ser acessada em interface similar \u00e0 adotada na aplica\u00e7\u00e3o. Os v\u00eddeos ainda cont\u00eam os enunciados e as op\u00e7\u00f5es de respostas, permitindo que surdos e deficientes auditivos estudem no mesmo formato acess\u00edvel em que eles s\u00e3o aplicados. Dessa forma, os participantes podem se preparar melhor, inclusive com a possibilidade de assistir aos v\u00eddeos das quest\u00f5es e conferir o gabarito.<\/p>\n<p><strong>Enem em Libras<\/strong> \u2013 Ao longo da hist\u00f3ria do Enem, o atendimento \u00e0s diferentes necessidades dos participantes tem sido uma preocupa\u00e7\u00e3o do Inep. A iniciativa do Enem em Libras marca o esfor\u00e7o da autarquia para garantir que editais, provas, cartilhas, campanhas e demais materiais de seus exames e avalia\u00e7\u00f5es sejam acess\u00edveis.<\/p>\n<p><strong>Novidades<\/strong> \u2013 Reafirmando o compromisso do Inep com a acessibilidade, entre as novidades que ser\u00e3o implementadas no Enem 2020 est\u00e1 a disponibiliza\u00e7\u00e3o de leitor de tela para participantes com cegueira, surdocegueira, baixa vis\u00e3o ou vis\u00e3o monocular, al\u00e9m de tr\u00eas guias-int\u00e9rpretes para atendimento ao participante surdocego. Autistas e surdocegos ter\u00e3o banca especial para corre\u00e7\u00e3o de suas provas. Al\u00e9m disso, o participante que escrever sua reda\u00e7\u00e3o em braile ter\u00e1 suas provas corrigidas no Sistema Braile.<\/p>\n<p><strong>Acessibilidade e inclus\u00e3o<\/strong> \u2013 O Inep oferece atendimento e recursos de acessibilidade em todos os exames e avalia\u00e7\u00f5es aplicados pela autarquia. Os suportes oferecidos fazem parte da Pol\u00edtica de Acessibilidade e Inclus\u00e3o do instituto, que visa a abranger o maior n\u00famero poss\u00edvel de interessados na execu\u00e7\u00e3o dos exames elaborados pela institui\u00e7\u00e3o. O objetivo \u00e9 proporcionar acesso aos programas educacionais brasileiros, promovendo equidade.<\/p>\n<p><strong>Enem<\/strong> \u2013 Realizado anualmente pelo Inep desde 1998, o Exame Nacional do Ensino M\u00e9dio avalia o desempenho escolar ao final da educa\u00e7\u00e3o b\u00e1sica. A estrutura do exame conta com uma reda\u00e7\u00e3o e 45 quest\u00f5es em cada prova das quatro \u00e1reas de conhecimento: linguagens, c\u00f3digos e suas tecnologias; ci\u00eancias humanas e suas tecnologias; ci\u00eancias da natureza e suas tecnologias; e matem\u00e1tica e suas tecnologias. O Enem 2020 est\u00e1 marcado para os dias 17 e 24 de janeiro de 2021 (vers\u00e3o impressa) e 31 de janeiro e 7 de fevereiro de 2021 (vers\u00e3o digital).<\/p>\n","protected":false},"excerpt":{"rendered":"<p>O Exame Nacional do Ensino M\u00e9dio (Enem) 2020 ser\u00e1 um marco na luta pela acessibilidade e a inclus\u00e3o no Brasil. H\u00e1 20 anos, o Instituto Nacional de Estudos e Pesquisas Educacionais An\u00edsio Teixeira (Inep) implementava, pela primeira vez, medidas para atender pessoas com defici\u00eancia. Desde ent\u00e3o, o Enem conta com recursos, como provas em braile [&hellip;]<\/p>\n","protected":false},"author":4,"featured_media":0,"comment_status":"closed","ping_status":"closed","sticky":false,"template":"","format":"standard","meta":{"footnotes":"","_links_to":"","_links_to_target":""},"categories":[9],"tags":[],"class_list":["post-12683","post","type-post","status-publish","format-standard","hentry","category-noticias-da-imprensa"],"yoast_head":"<!-- This site is optimized with the Yoast SEO plugin v15.1 - https:\/\/yoast.com\/wordpress\/plugins\/seo\/ -->\n<title>Enem 2020 \u00e9 marco da acessibilidade na educa\u00e7\u00e3o &raquo; Abrelivros<\/title>\n<meta name=\"robots\" content=\"index, follow, max-snippet:-1, max-image-preview:large, max-video-preview:-1\" \/>\n<link rel=\"canonical\" href=\"https:\/\/abrelivros.org.br\/site\/enem-2020-e-marco-da-acessibilidade-na-educacao\/\" \/>\n<meta property=\"og:locale\" content=\"pt_BR\" \/>\n<meta property=\"og:type\" content=\"article\" \/>\n<meta property=\"og:title\" content=\"Enem 2020 \u00e9 marco da acessibilidade na educa\u00e7\u00e3o &raquo; Abrelivros\" \/>\n<meta property=\"og:description\" content=\"O Exame Nacional do Ensino M\u00e9dio (Enem) 2020 ser\u00e1 um marco na luta pela acessibilidade e a inclus\u00e3o no Brasil. H\u00e1 20 anos, o Instituto Nacional de Estudos e Pesquisas Educacionais An\u00edsio Teixeira (Inep) implementava, pela primeira vez, medidas para atender pessoas com defici\u00eancia. Desde ent\u00e3o, o Enem conta com recursos, como provas em braile [&hellip;]\" \/>\n<meta property=\"og:url\" content=\"https:\/\/abrelivros.org.br\/site\/enem-2020-e-marco-da-acessibilidade-na-educacao\/\" \/>\n<meta property=\"og:site_name\" content=\"Abrelivros\" \/>\n<meta property=\"article:published_time\" content=\"2020-12-04T17:19:34+00:00\" \/>\n<meta name=\"twitter:card\" content=\"summary_large_image\" \/>\n<script type=\"application\/ld+json\" class=\"yoast-schema-graph\">{\"@context\":\"https:\/\/schema.org\",\"@graph\":[{\"@type\":\"WebSite\",\"@id\":\"https:\/\/abrelivros.org.br\/site\/#website\",\"url\":\"https:\/\/abrelivros.org.br\/site\/\",\"name\":\"Abrelivros\",\"description\":\"\",\"potentialAction\":[{\"@type\":\"SearchAction\",\"target\":\"https:\/\/abrelivros.org.br\/site\/?s={search_term_string}\",\"query-input\":\"required name=search_term_string\"}],\"inLanguage\":\"pt-BR\"},{\"@type\":\"WebPage\",\"@id\":\"https:\/\/abrelivros.org.br\/site\/enem-2020-e-marco-da-acessibilidade-na-educacao\/#webpage\",\"url\":\"https:\/\/abrelivros.org.br\/site\/enem-2020-e-marco-da-acessibilidade-na-educacao\/\",\"name\":\"Enem 2020 \\u00e9 marco da acessibilidade na educa\\u00e7\\u00e3o &raquo; Abrelivros\",\"isPartOf\":{\"@id\":\"https:\/\/abrelivros.org.br\/site\/#website\"},\"datePublished\":\"2020-12-04T17:19:34+00:00\",\"dateModified\":\"2020-12-04T17:19:34+00:00\",\"author\":{\"@id\":\"https:\/\/abrelivros.org.br\/site\/#\/schema\/person\/65db80e26409802ce15ac5feec6a15fd\"},\"breadcrumb\":{\"@id\":\"https:\/\/abrelivros.org.br\/site\/enem-2020-e-marco-da-acessibilidade-na-educacao\/#breadcrumb\"},\"inLanguage\":\"pt-BR\",\"potentialAction\":[{\"@type\":\"ReadAction\",\"target\":[\"https:\/\/abrelivros.org.br\/site\/enem-2020-e-marco-da-acessibilidade-na-educacao\/\"]}]},{\"@type\":\"BreadcrumbList\",\"@id\":\"https:\/\/abrelivros.org.br\/site\/enem-2020-e-marco-da-acessibilidade-na-educacao\/#breadcrumb\",\"itemListElement\":[{\"@type\":\"ListItem\",\"position\":1,\"item\":{\"@type\":\"WebPage\",\"@id\":\"https:\/\/abrelivros.org.br\/site\/\",\"url\":\"https:\/\/abrelivros.org.br\/site\/\",\"name\":\"In\\u00edcio\"}},{\"@type\":\"ListItem\",\"position\":2,\"item\":{\"@type\":\"WebPage\",\"@id\":\"https:\/\/abrelivros.org.br\/site\/category\/noticias\/\",\"url\":\"https:\/\/abrelivros.org.br\/site\/category\/noticias\/\",\"name\":\"Not\\u00edcias\"}},{\"@type\":\"ListItem\",\"position\":3,\"item\":{\"@type\":\"WebPage\",\"@id\":\"https:\/\/abrelivros.org.br\/site\/category\/noticias\/noticias-da-imprensa\/\",\"url\":\"https:\/\/abrelivros.org.br\/site\/category\/noticias\/noticias-da-imprensa\/\",\"name\":\"Not\\u00edcias da imprensa\"}},{\"@type\":\"ListItem\",\"position\":4,\"item\":{\"@type\":\"WebPage\",\"@id\":\"https:\/\/abrelivros.org.br\/site\/enem-2020-e-marco-da-acessibilidade-na-educacao\/\",\"url\":\"https:\/\/abrelivros.org.br\/site\/enem-2020-e-marco-da-acessibilidade-na-educacao\/\",\"name\":\"Enem 2020 \\u00e9 marco da acessibilidade na educa\\u00e7\\u00e3o\"}}]},{\"@type\":\"Person\",\"@id\":\"https:\/\/abrelivros.org.br\/site\/#\/schema\/person\/65db80e26409802ce15ac5feec6a15fd\",\"name\":\"Reda\\u00e7\\u00e3o Abrelivros\",\"image\":{\"@type\":\"ImageObject\",\"@id\":\"https:\/\/abrelivros.org.br\/site\/#personlogo\",\"inLanguage\":\"pt-BR\",\"url\":\"https:\/\/secure.gravatar.com\/avatar\/c4e57f9c7e3482965bd428192061218520756c39080b1d1820b679fa5e9af192?s=96&d=mm&r=g\",\"caption\":\"Reda\\u00e7\\u00e3o Abrelivros\"}}]}<\/script>\n<!-- \/ Yoast SEO plugin. -->","_links":{"self":[{"href":"https:\/\/abrelivros.org.br\/site\/wp-json\/wp\/v2\/posts\/12683","targetHints":{"allow":["GET"]}}],"collection":[{"href":"https:\/\/abrelivros.org.br\/site\/wp-json\/wp\/v2\/posts"}],"about":[{"href":"https:\/\/abrelivros.org.br\/site\/wp-json\/wp\/v2\/types\/post"}],"author":[{"embeddable":true,"href":"https:\/\/abrelivros.org.br\/site\/wp-json\/wp\/v2\/users\/4"}],"replies":[{"embeddable":true,"href":"https:\/\/abrelivros.org.br\/site\/wp-json\/wp\/v2\/comments?post=12683"}],"version-history":[{"count":1,"href":"https:\/\/abrelivros.org.br\/site\/wp-json\/wp\/v2\/posts\/12683\/revisions"}],"predecessor-version":[{"id":12684,"href":"https:\/\/abrelivros.org.br\/site\/wp-json\/wp\/v2\/posts\/12683\/revisions\/12684"}],"wp:attachment":[{"href":"https:\/\/abrelivros.org.br\/site\/wp-json\/wp\/v2\/media?parent=12683"}],"wp:term":[{"taxonomy":"category","embeddable":true,"href":"https:\/\/abrelivros.org.br\/site\/wp-json\/wp\/v2\/categories?post=12683"},{"taxonomy":"post_tag","embeddable":true,"href":"https:\/\/abrelivros.org.br\/site\/wp-json\/wp\/v2\/tags?post=12683"}],"curies":[{"name":"wp","href":"https:\/\/api.w.org\/{rel}","templated":true}]}}