{"id":12681,"date":"2020-12-04T14:12:49","date_gmt":"2020-12-04T17:12:49","guid":{"rendered":"https:\/\/abrelivros.org.br\/site\/?p=12681"},"modified":"2020-12-04T14:12:49","modified_gmt":"2020-12-04T17:12:49","slug":"tcu-promove-forum-sobre-inovacao-na-educacao","status":"publish","type":"post","link":"https:\/\/abrelivros.org.br\/site\/tcu-promove-forum-sobre-inovacao-na-educacao\/","title":{"rendered":"TCU promove f\u00f3rum sobre inova\u00e7\u00e3o na educa\u00e7\u00e3o"},"content":{"rendered":"<p>O Tribunal de Contas da Uni\u00e3o (TCU) realizou, no dia (3) e realizar\u00e1 hoje (4), o 4\u00ba F\u00f3rum Nacional de Controle que vai tratar sobre inova\u00e7\u00e3o e acesso \u00e0s tecnologias na educa\u00e7\u00e3o no pa\u00eds. O evento \u00e9 virtual e os pain\u00e9is com especialistas ser\u00e3o transmitidos pelo canal do TCU no <a href=\"https:\/\/www.youtube.com\/channel\/UCC6ZtRDGzrqZFElbm_7T4TA\" target=\"_blank\" rel=\"noopener noreferrer\">Youtube<\/a>.<!--more--><\/p>\n<p>Para o presidente<a href=\"https:\/\/www.youtube.com\/watch?v=5LCinAtKMtg\" target=\"_blank\" rel=\"noopener noreferrer\"> Jair Bolsonaro<\/a>, o evento \u00e9 importante espa\u00e7o de discuss\u00e3o para a formula\u00e7\u00e3o de pol\u00edticas p\u00fablicas. \u201cCom f\u00f3runs como esse n\u00f3s decidirmos de fato o futuro do nosso Brasil\u201d, disse durante a abertura do evento.<\/p>\n<p>Coordenado pelo ministro do TCU, Augusto Nardes, o f\u00f3rum tem o objetivo de integrar as institui\u00e7\u00f5es de controle externo e interno da Uni\u00e3o, estados e munic\u00edpios, das tr\u00eas esferas de poder, por meio de a\u00e7\u00f5es de capacita\u00e7\u00e3o e controle, compartilhamento de informa\u00e7\u00f5es e dissemina\u00e7\u00e3o de boas pr\u00e1ticas de governan\u00e7a. Nessa edi\u00e7\u00e3o, o evento visa integrar atores que trabalham com inova\u00e7\u00e3o e educa\u00e7\u00e3o no Brasil e buscar solu\u00e7\u00f5es para a utiliza\u00e7\u00e3o da tecnologia nesse setor.<\/p>\n<p>Para Nardes, a boa governan\u00e7a \u00e9 capaz de criar o lastro adequado para a \u201cconstru\u00e7\u00e3o das diretrizes que a na\u00e7\u00e3o precisa estabelecer\u201d. \u201cTenho me dedicado muito nesses \u00faltimos anos a divulgar a import\u00e2ncia da governan\u00e7a para o desenvolvimento do Brasil, porque tenho convic\u00e7\u00e3o que ela representa um dos pr\u00e9-requisitos para colocar nosso pa\u00eds na rota do crescimento econ\u00f4mico. E eu considero o desenvolvimento fundamental e a base do desenvolvimento \u00e9 a inova\u00e7\u00e3o\u201d, disse.<\/p>\n<p>Tamb\u00e9m participaram da abertura o procurador-geral da Rep\u00fablica, Augusto Aras, o vice-presidente da Rep\u00fablica, Hamilton Mour\u00e3o, o presidente do TCU, Jos\u00e9 M\u00facio, e ministros de Estado.<\/p>\n<p>Para Aras, o tema do evento revela a preocupa\u00e7\u00e3o dos \u00f3rg\u00e3os e pessoas p\u00fablicas com a educa\u00e7\u00e3o, \u201cn\u00e3o apenas no aspecto das inova\u00e7\u00f5es tecnol\u00f3gicas, mas especialmente em tempo de coronav\u00edrus\u201d. S\u00e3o muitos desafios. Um dos maiores \u00e9 a complexa tarefa de capacitar e oferecer inclus\u00e3o digital em todo o ensino p\u00fablico por meio de amplo acesso \u00e0s tecnologias de informa\u00e7\u00e3o e comunica\u00e7\u00e3o. A inclus\u00e3o digital, sobretudo ap\u00f3s o isolamento social pela covid-19, impele o Estado a uma uni\u00e3o de esfor\u00e7os pela educa\u00e7\u00e3o no pa\u00eds\u201d, disse o procurador-geral.<\/p>\n<p>A programa\u00e7\u00e3o do evento est\u00e1 dispon\u00edvel na <a href=\"https:\/\/portal.tcu.gov.br\/eventos\/lista-de-eventos\/4-forum-nacional-de-controle-inovacao-pela-educacao-no-brasil.htm\" target=\"_blank\" rel=\"noopener noreferrer\">p\u00e1gina do TCU<\/a>.<\/p>\n<p><strong>Presid\u00eancia do TCU<\/strong><\/p>\n<p>Durante a abertura do f\u00f3rum, as autoridades agradeceram Jos\u00e9 M\u00facio e lembraram da sua atua\u00e7\u00e3o \u00e0 frente do TCU nos \u00faltimos anos. O magistrado j\u00e1 anunciou que vai se aposentar do tribunal no fim desse ano. Para a vaga, o Senado aprovou o nome do ministro da Secretaria-Geral da Presid\u00eancia, Jorge Oliveira, indicado por Bolsonaro.<\/p>\n<p>M\u00facio e Bolsonaro foram colegas na C\u00e2mara dos Deputados e, hoje, Bolsonaro convidou informalmente o ministro para integrar o governo. Para o presidente, a sa\u00edda de M\u00facio do TCU \u00e9 \u201cmuito precoce\u201d e ele \u201cainda tem algumas d\u00e9cadas pela frente para bem ajudar a nossa na\u00e7\u00e3o\u201d. \u201cSe a saudade lhe bater, venha para c\u00e1, estar\u00e1 entre n\u00f3s, pode ter certeza, no nosso primeiro time, para do outro lado aqui, no Executivo, tra\u00e7armos e bem fazemos pol\u00edtica para o futuro da nossa na\u00e7\u00e3o&#8221;, disse o presidente.<\/p>\n<p>Ontem (2), a ministra Ana Arraes foi eleita para comandar o TCU a partir de 2021, com mandato de um ano, renov\u00e1vel por mais um. O ministro Bruno Dantas foi eleito vice-presidente e corregedor do tribunal.<\/p>\n","protected":false},"excerpt":{"rendered":"<p>O Tribunal de Contas da Uni\u00e3o (TCU) realizou, no dia (3) e realizar\u00e1 hoje (4), o 4\u00ba F\u00f3rum Nacional de Controle que vai tratar sobre inova\u00e7\u00e3o e acesso \u00e0s tecnologias na educa\u00e7\u00e3o no pa\u00eds. O evento \u00e9 virtual e os pain\u00e9is com especialistas ser\u00e3o transmitidos pelo canal do TCU no Youtube.<\/p>\n","protected":false},"author":4,"featured_media":0,"comment_status":"closed","ping_status":"closed","sticky":false,"template":"","format":"standard","meta":{"footnotes":"","_links_to":"","_links_to_target":""},"categories":[9],"tags":[],"class_list":["post-12681","post","type-post","status-publish","format-standard","hentry","category-noticias-da-imprensa"],"yoast_head":"<!-- This site is optimized with the Yoast SEO plugin v15.1 - https:\/\/yoast.com\/wordpress\/plugins\/seo\/ -->\n<title>TCU promove f\u00f3rum sobre inova\u00e7\u00e3o na educa\u00e7\u00e3o &raquo; Abrelivros<\/title>\n<meta name=\"robots\" content=\"index, follow, max-snippet:-1, max-image-preview:large, max-video-preview:-1\" \/>\n<link rel=\"canonical\" href=\"https:\/\/abrelivros.org.br\/site\/tcu-promove-forum-sobre-inovacao-na-educacao\/\" \/>\n<meta property=\"og:locale\" content=\"pt_BR\" \/>\n<meta property=\"og:type\" content=\"article\" \/>\n<meta property=\"og:title\" content=\"TCU promove f\u00f3rum sobre inova\u00e7\u00e3o na educa\u00e7\u00e3o &raquo; Abrelivros\" \/>\n<meta property=\"og:description\" content=\"O Tribunal de Contas da Uni\u00e3o (TCU) realizou, no dia (3) e realizar\u00e1 hoje (4), o 4\u00ba F\u00f3rum Nacional de Controle que vai tratar sobre inova\u00e7\u00e3o e acesso \u00e0s tecnologias na educa\u00e7\u00e3o no pa\u00eds. O evento \u00e9 virtual e os pain\u00e9is com especialistas ser\u00e3o transmitidos pelo canal do TCU no Youtube.\" \/>\n<meta property=\"og:url\" content=\"https:\/\/abrelivros.org.br\/site\/tcu-promove-forum-sobre-inovacao-na-educacao\/\" \/>\n<meta property=\"og:site_name\" content=\"Abrelivros\" \/>\n<meta property=\"article:published_time\" content=\"2020-12-04T17:12:49+00:00\" \/>\n<meta name=\"twitter:card\" content=\"summary_large_image\" \/>\n<script type=\"application\/ld+json\" class=\"yoast-schema-graph\">{\"@context\":\"https:\/\/schema.org\",\"@graph\":[{\"@type\":\"WebSite\",\"@id\":\"https:\/\/abrelivros.org.br\/site\/#website\",\"url\":\"https:\/\/abrelivros.org.br\/site\/\",\"name\":\"Abrelivros\",\"description\":\"\",\"potentialAction\":[{\"@type\":\"SearchAction\",\"target\":\"https:\/\/abrelivros.org.br\/site\/?s={search_term_string}\",\"query-input\":\"required name=search_term_string\"}],\"inLanguage\":\"pt-BR\"},{\"@type\":\"WebPage\",\"@id\":\"https:\/\/abrelivros.org.br\/site\/tcu-promove-forum-sobre-inovacao-na-educacao\/#webpage\",\"url\":\"https:\/\/abrelivros.org.br\/site\/tcu-promove-forum-sobre-inovacao-na-educacao\/\",\"name\":\"TCU promove f\\u00f3rum sobre inova\\u00e7\\u00e3o na educa\\u00e7\\u00e3o &raquo; Abrelivros\",\"isPartOf\":{\"@id\":\"https:\/\/abrelivros.org.br\/site\/#website\"},\"datePublished\":\"2020-12-04T17:12:49+00:00\",\"dateModified\":\"2020-12-04T17:12:49+00:00\",\"author\":{\"@id\":\"https:\/\/abrelivros.org.br\/site\/#\/schema\/person\/65db80e26409802ce15ac5feec6a15fd\"},\"breadcrumb\":{\"@id\":\"https:\/\/abrelivros.org.br\/site\/tcu-promove-forum-sobre-inovacao-na-educacao\/#breadcrumb\"},\"inLanguage\":\"pt-BR\",\"potentialAction\":[{\"@type\":\"ReadAction\",\"target\":[\"https:\/\/abrelivros.org.br\/site\/tcu-promove-forum-sobre-inovacao-na-educacao\/\"]}]},{\"@type\":\"BreadcrumbList\",\"@id\":\"https:\/\/abrelivros.org.br\/site\/tcu-promove-forum-sobre-inovacao-na-educacao\/#breadcrumb\",\"itemListElement\":[{\"@type\":\"ListItem\",\"position\":1,\"item\":{\"@type\":\"WebPage\",\"@id\":\"https:\/\/abrelivros.org.br\/site\/\",\"url\":\"https:\/\/abrelivros.org.br\/site\/\",\"name\":\"In\\u00edcio\"}},{\"@type\":\"ListItem\",\"position\":2,\"item\":{\"@type\":\"WebPage\",\"@id\":\"https:\/\/abrelivros.org.br\/site\/category\/noticias\/\",\"url\":\"https:\/\/abrelivros.org.br\/site\/category\/noticias\/\",\"name\":\"Not\\u00edcias\"}},{\"@type\":\"ListItem\",\"position\":3,\"item\":{\"@type\":\"WebPage\",\"@id\":\"https:\/\/abrelivros.org.br\/site\/category\/noticias\/noticias-da-imprensa\/\",\"url\":\"https:\/\/abrelivros.org.br\/site\/category\/noticias\/noticias-da-imprensa\/\",\"name\":\"Not\\u00edcias da imprensa\"}},{\"@type\":\"ListItem\",\"position\":4,\"item\":{\"@type\":\"WebPage\",\"@id\":\"https:\/\/abrelivros.org.br\/site\/tcu-promove-forum-sobre-inovacao-na-educacao\/\",\"url\":\"https:\/\/abrelivros.org.br\/site\/tcu-promove-forum-sobre-inovacao-na-educacao\/\",\"name\":\"TCU promove f\\u00f3rum sobre inova\\u00e7\\u00e3o na educa\\u00e7\\u00e3o\"}}]},{\"@type\":\"Person\",\"@id\":\"https:\/\/abrelivros.org.br\/site\/#\/schema\/person\/65db80e26409802ce15ac5feec6a15fd\",\"name\":\"Reda\\u00e7\\u00e3o Abrelivros\",\"image\":{\"@type\":\"ImageObject\",\"@id\":\"https:\/\/abrelivros.org.br\/site\/#personlogo\",\"inLanguage\":\"pt-BR\",\"url\":\"https:\/\/secure.gravatar.com\/avatar\/c4e57f9c7e3482965bd428192061218520756c39080b1d1820b679fa5e9af192?s=96&d=mm&r=g\",\"caption\":\"Reda\\u00e7\\u00e3o Abrelivros\"}}]}<\/script>\n<!-- \/ Yoast SEO plugin. -->","_links":{"self":[{"href":"https:\/\/abrelivros.org.br\/site\/wp-json\/wp\/v2\/posts\/12681","targetHints":{"allow":["GET"]}}],"collection":[{"href":"https:\/\/abrelivros.org.br\/site\/wp-json\/wp\/v2\/posts"}],"about":[{"href":"https:\/\/abrelivros.org.br\/site\/wp-json\/wp\/v2\/types\/post"}],"author":[{"embeddable":true,"href":"https:\/\/abrelivros.org.br\/site\/wp-json\/wp\/v2\/users\/4"}],"replies":[{"embeddable":true,"href":"https:\/\/abrelivros.org.br\/site\/wp-json\/wp\/v2\/comments?post=12681"}],"version-history":[{"count":1,"href":"https:\/\/abrelivros.org.br\/site\/wp-json\/wp\/v2\/posts\/12681\/revisions"}],"predecessor-version":[{"id":12682,"href":"https:\/\/abrelivros.org.br\/site\/wp-json\/wp\/v2\/posts\/12681\/revisions\/12682"}],"wp:attachment":[{"href":"https:\/\/abrelivros.org.br\/site\/wp-json\/wp\/v2\/media?parent=12681"}],"wp:term":[{"taxonomy":"category","embeddable":true,"href":"https:\/\/abrelivros.org.br\/site\/wp-json\/wp\/v2\/categories?post=12681"},{"taxonomy":"post_tag","embeddable":true,"href":"https:\/\/abrelivros.org.br\/site\/wp-json\/wp\/v2\/tags?post=12681"}],"curies":[{"name":"wp","href":"https:\/\/api.w.org\/{rel}","templated":true}]}}