{"id":12679,"date":"2020-12-04T14:04:39","date_gmt":"2020-12-04T17:04:39","guid":{"rendered":"https:\/\/abrelivros.org.br\/site\/?p=12679"},"modified":"2020-12-04T14:04:39","modified_gmt":"2020-12-04T17:04:39","slug":"brasileiro-conquista-ouro-em-olimpiada-de-astronomia","status":"publish","type":"post","link":"https:\/\/abrelivros.org.br\/site\/brasileiro-conquista-ouro-em-olimpiada-de-astronomia\/","title":{"rendered":"Brasileiro conquista ouro em Olimp\u00edada de Astronomia"},"content":{"rendered":"<p>Morador do interior de S\u00e3o Paulo e estudante do segundo ano do ensino m\u00e9dio, Eduardo Henrique Camargo de Toledo conquistou o ouro na edi\u00e7\u00e3o deste ano da<a href=\"https:\/\/noticias.r7.com\/educacao\/estudantes-participam-da-olimpiada-brasileira-de-astronomia-12112020\" target=\"_blank\" rel=\"noopener noreferrer\"> OLAA (Olimp\u00edada Latino-Americana de Astronomia e Astron\u00e1utica)<\/a>. As provas deveriam ser realizadas no Equador, mas por conta da pandemia de <a href=\"https:\/\/noticias.r7.com\/saude\/coronavirus\" target=\"_blank\" rel=\"noopener noreferrer\">coronav\u00edrus<\/a> a edi\u00e7\u00e3o foi virtual.<!--more--><\/p>\n<p>O estudante de 16 anos deve ir na pr\u00f3xima ter\u00e7a-feira (8) participar de um evento o ministro da Ci\u00eancia, Tecnologia e Inova\u00e7\u00f5es, Marcos Pontes, em Bras\u00edlia.<\/p>\n<p>Apesar da pouca idade, Eduardo coleciona medalhas e participa\u00e7\u00f5es em olimp\u00edadas. Participou pela primeira vez no s\u00e9timo ano do ensino fundamental, quando levou um bronze em matem\u00e1tica e n\u00e3o parou mais.<\/p>\n<p>O interesse pela astronomia surgiu na escola, em aulas focadas no assunto. &#8220;Meu pai me deu um telesc\u00f3pio e poder observar as estrelas \u00e9 algo realmente incr\u00edvel&#8221;, diz. &#8220;Mas realmente acho muito inspirador estudar o universo, os mist\u00e9rios e as descobertas sobre ele, que revelam muito sobre n\u00f3s, a nossa exist\u00eancia.&#8221;<\/p>\n<p>Na OLAA podem competir estudantes de at\u00e9 20 anos que n\u00e3o estejam matriculados no ensino superior. Os pa\u00edses latino-americanos podem participar com uma equipe de at\u00e9 cinco integrantes, sendo sempre necess\u00e1rio pelo menos um representante de cada g\u00eanero.<\/p>\n<p>Eduardo foi um dos convocados para integrar a sele\u00e7\u00e3o brasileira. Mesmo com toda a afinidade pela \u00e1rea, ele precisou se dedicar muito neste ano e o resultado foi mais que merecido. Al\u00e9m das aulas espec\u00edficas para as Olimp\u00edadas oferecidas pela escola, ele encarou um r\u00edgido treinamento para a sele\u00e7\u00e3o no Observat\u00f3rio Nacional.<\/p>\n<p>&#8220;Foi algo muito custoso, tive de me dedicar muito, mas sem d\u00favida foi uma experi\u00eancia muito importante&#8221;, avalia.<\/p>\n<p>No pr\u00f3ximo ano, Eduardo pretende concorrer a uma vaga no ITA (Instituto Tecnol\u00f3gico de Aeron\u00e1utica) ou na UFRJ (Universidade Federal do Rio de Janeiro), pretende seguir a \u00e1rea acad\u00eamica e de pesquisa. &#8220;Quem sabe ser um professor universit\u00e1rio?&#8221;.<\/p>\n<p>&nbsp;<\/p>\n","protected":false},"excerpt":{"rendered":"<p>Morador do interior de S\u00e3o Paulo e estudante do segundo ano do ensino m\u00e9dio, Eduardo Henrique Camargo de Toledo conquistou o ouro na edi\u00e7\u00e3o deste ano da OLAA (Olimp\u00edada Latino-Americana de Astronomia e Astron\u00e1utica). As provas deveriam ser realizadas no Equador, mas por conta da pandemia de coronav\u00edrus a edi\u00e7\u00e3o foi virtual.<\/p>\n","protected":false},"author":4,"featured_media":0,"comment_status":"closed","ping_status":"closed","sticky":false,"template":"","format":"standard","meta":{"footnotes":"","_links_to":"","_links_to_target":""},"categories":[9],"tags":[],"class_list":["post-12679","post","type-post","status-publish","format-standard","hentry","category-noticias-da-imprensa"],"yoast_head":"<!-- This site is optimized with the Yoast SEO plugin v15.1 - https:\/\/yoast.com\/wordpress\/plugins\/seo\/ -->\n<title>Brasileiro conquista ouro em Olimp\u00edada de Astronomia &raquo; Abrelivros<\/title>\n<meta name=\"robots\" content=\"index, follow, max-snippet:-1, max-image-preview:large, max-video-preview:-1\" \/>\n<link rel=\"canonical\" href=\"https:\/\/abrelivros.org.br\/site\/brasileiro-conquista-ouro-em-olimpiada-de-astronomia\/\" \/>\n<meta property=\"og:locale\" content=\"pt_BR\" \/>\n<meta property=\"og:type\" content=\"article\" \/>\n<meta property=\"og:title\" content=\"Brasileiro conquista ouro em Olimp\u00edada de Astronomia &raquo; Abrelivros\" \/>\n<meta property=\"og:description\" content=\"Morador do interior de S\u00e3o Paulo e estudante do segundo ano do ensino m\u00e9dio, Eduardo Henrique Camargo de Toledo conquistou o ouro na edi\u00e7\u00e3o deste ano da OLAA (Olimp\u00edada Latino-Americana de Astronomia e Astron\u00e1utica). As provas deveriam ser realizadas no Equador, mas por conta da pandemia de coronav\u00edrus a edi\u00e7\u00e3o foi virtual.\" \/>\n<meta property=\"og:url\" content=\"https:\/\/abrelivros.org.br\/site\/brasileiro-conquista-ouro-em-olimpiada-de-astronomia\/\" \/>\n<meta property=\"og:site_name\" content=\"Abrelivros\" \/>\n<meta property=\"article:published_time\" content=\"2020-12-04T17:04:39+00:00\" \/>\n<meta name=\"twitter:card\" content=\"summary_large_image\" \/>\n<script type=\"application\/ld+json\" class=\"yoast-schema-graph\">{\"@context\":\"https:\/\/schema.org\",\"@graph\":[{\"@type\":\"WebSite\",\"@id\":\"https:\/\/abrelivros.org.br\/site\/#website\",\"url\":\"https:\/\/abrelivros.org.br\/site\/\",\"name\":\"Abrelivros\",\"description\":\"\",\"potentialAction\":[{\"@type\":\"SearchAction\",\"target\":\"https:\/\/abrelivros.org.br\/site\/?s={search_term_string}\",\"query-input\":\"required name=search_term_string\"}],\"inLanguage\":\"pt-BR\"},{\"@type\":\"WebPage\",\"@id\":\"https:\/\/abrelivros.org.br\/site\/brasileiro-conquista-ouro-em-olimpiada-de-astronomia\/#webpage\",\"url\":\"https:\/\/abrelivros.org.br\/site\/brasileiro-conquista-ouro-em-olimpiada-de-astronomia\/\",\"name\":\"Brasileiro conquista ouro em Olimp\\u00edada de Astronomia &raquo; Abrelivros\",\"isPartOf\":{\"@id\":\"https:\/\/abrelivros.org.br\/site\/#website\"},\"datePublished\":\"2020-12-04T17:04:39+00:00\",\"dateModified\":\"2020-12-04T17:04:39+00:00\",\"author\":{\"@id\":\"https:\/\/abrelivros.org.br\/site\/#\/schema\/person\/65db80e26409802ce15ac5feec6a15fd\"},\"breadcrumb\":{\"@id\":\"https:\/\/abrelivros.org.br\/site\/brasileiro-conquista-ouro-em-olimpiada-de-astronomia\/#breadcrumb\"},\"inLanguage\":\"pt-BR\",\"potentialAction\":[{\"@type\":\"ReadAction\",\"target\":[\"https:\/\/abrelivros.org.br\/site\/brasileiro-conquista-ouro-em-olimpiada-de-astronomia\/\"]}]},{\"@type\":\"BreadcrumbList\",\"@id\":\"https:\/\/abrelivros.org.br\/site\/brasileiro-conquista-ouro-em-olimpiada-de-astronomia\/#breadcrumb\",\"itemListElement\":[{\"@type\":\"ListItem\",\"position\":1,\"item\":{\"@type\":\"WebPage\",\"@id\":\"https:\/\/abrelivros.org.br\/site\/\",\"url\":\"https:\/\/abrelivros.org.br\/site\/\",\"name\":\"In\\u00edcio\"}},{\"@type\":\"ListItem\",\"position\":2,\"item\":{\"@type\":\"WebPage\",\"@id\":\"https:\/\/abrelivros.org.br\/site\/category\/noticias\/\",\"url\":\"https:\/\/abrelivros.org.br\/site\/category\/noticias\/\",\"name\":\"Not\\u00edcias\"}},{\"@type\":\"ListItem\",\"position\":3,\"item\":{\"@type\":\"WebPage\",\"@id\":\"https:\/\/abrelivros.org.br\/site\/category\/noticias\/noticias-da-imprensa\/\",\"url\":\"https:\/\/abrelivros.org.br\/site\/category\/noticias\/noticias-da-imprensa\/\",\"name\":\"Not\\u00edcias da imprensa\"}},{\"@type\":\"ListItem\",\"position\":4,\"item\":{\"@type\":\"WebPage\",\"@id\":\"https:\/\/abrelivros.org.br\/site\/brasileiro-conquista-ouro-em-olimpiada-de-astronomia\/\",\"url\":\"https:\/\/abrelivros.org.br\/site\/brasileiro-conquista-ouro-em-olimpiada-de-astronomia\/\",\"name\":\"Brasileiro conquista ouro em Olimp\\u00edada de Astronomia\"}}]},{\"@type\":\"Person\",\"@id\":\"https:\/\/abrelivros.org.br\/site\/#\/schema\/person\/65db80e26409802ce15ac5feec6a15fd\",\"name\":\"Reda\\u00e7\\u00e3o Abrelivros\",\"image\":{\"@type\":\"ImageObject\",\"@id\":\"https:\/\/abrelivros.org.br\/site\/#personlogo\",\"inLanguage\":\"pt-BR\",\"url\":\"https:\/\/secure.gravatar.com\/avatar\/c4e57f9c7e3482965bd428192061218520756c39080b1d1820b679fa5e9af192?s=96&d=mm&r=g\",\"caption\":\"Reda\\u00e7\\u00e3o Abrelivros\"}}]}<\/script>\n<!-- \/ Yoast SEO plugin. -->","_links":{"self":[{"href":"https:\/\/abrelivros.org.br\/site\/wp-json\/wp\/v2\/posts\/12679","targetHints":{"allow":["GET"]}}],"collection":[{"href":"https:\/\/abrelivros.org.br\/site\/wp-json\/wp\/v2\/posts"}],"about":[{"href":"https:\/\/abrelivros.org.br\/site\/wp-json\/wp\/v2\/types\/post"}],"author":[{"embeddable":true,"href":"https:\/\/abrelivros.org.br\/site\/wp-json\/wp\/v2\/users\/4"}],"replies":[{"embeddable":true,"href":"https:\/\/abrelivros.org.br\/site\/wp-json\/wp\/v2\/comments?post=12679"}],"version-history":[{"count":1,"href":"https:\/\/abrelivros.org.br\/site\/wp-json\/wp\/v2\/posts\/12679\/revisions"}],"predecessor-version":[{"id":12680,"href":"https:\/\/abrelivros.org.br\/site\/wp-json\/wp\/v2\/posts\/12679\/revisions\/12680"}],"wp:attachment":[{"href":"https:\/\/abrelivros.org.br\/site\/wp-json\/wp\/v2\/media?parent=12679"}],"wp:term":[{"taxonomy":"category","embeddable":true,"href":"https:\/\/abrelivros.org.br\/site\/wp-json\/wp\/v2\/categories?post=12679"},{"taxonomy":"post_tag","embeddable":true,"href":"https:\/\/abrelivros.org.br\/site\/wp-json\/wp\/v2\/tags?post=12679"}],"curies":[{"name":"wp","href":"https:\/\/api.w.org\/{rel}","templated":true}]}}