{"id":12677,"date":"2020-12-04T13:57:12","date_gmt":"2020-12-04T16:57:12","guid":{"rendered":"https:\/\/abrelivros.org.br\/site\/?p=12677"},"modified":"2020-12-04T13:57:12","modified_gmt":"2020-12-04T16:57:12","slug":"undime-se-manifesta-sobre-portaria-que-altera-os-parametros-operacionais-do-fundeb-para-o-exercicio-de-2020","status":"publish","type":"post","link":"https:\/\/abrelivros.org.br\/site\/undime-se-manifesta-sobre-portaria-que-altera-os-parametros-operacionais-do-fundeb-para-o-exercicio-de-2020\/","title":{"rendered":"Undime se manifesta sobre portaria que altera os par\u00e2metros operacionais do Fundeb para o exerc\u00edcio de 2020"},"content":{"rendered":"<p>A Undime, como entidade que re\u00fane os dirigentes respons\u00e1veis pela gest\u00e3o dos 5.568 munic\u00edpios do pa\u00eds, solicita a manuten\u00e7\u00e3o do valor da complementa\u00e7\u00e3o da Uni\u00e3o, informado na<a href=\"https:\/\/www.in.gov.br\/en\/web\/dou\/-\/portaria-interministerial-n-4-de-27-de-dezembro-de-2019-235856724\" target=\"_blank\" rel=\"noopener noreferrer\"> Portaria Interministerial n\u00ba 4, de dezembro de 2019<\/a>. Em carta, enviada ao Ministro da Educa\u00e7\u00e3o, Milton Ribeiro, sugere ainda que o repasse de tais recursos, pela Uni\u00e3o, seja feito por meio de complementa\u00e7\u00e3o suplementar\/ programa emergencial e extraordin\u00e1rio de apoio aos entes federados, a fim de minimizar os preju\u00edzos financeiros e socioecon\u00f4micos.<!--more--><\/p>\n<p>A solicita\u00e7\u00e3o da Undime se deve em virtude da publica\u00e7\u00e3o da <a href=\"https:\/\/www.in.gov.br\/en\/web\/dou\/-\/portaria-interministerial-n-3-de-25-de-novembro-de-2020-290556249\" target=\"_blank\" rel=\"noopener noreferrer\">Portaria Interministerial n\u00ba 3, de 25 de novembro<\/a>, que altera os par\u00e2metros operacionais do Fundo de Manuten\u00e7\u00e3o e Desenvolvimento da Educa\u00e7\u00e3o B\u00e1sica e de Valoriza\u00e7\u00e3o dos Profissionais da Educa\u00e7\u00e3o (Fundeb), para o exerc\u00edcio de 2020.<\/p>\n<p>Na carta, s\u00e3o elencados quatro pontos de aten\u00e7\u00e3o em rela\u00e7\u00e3o \u00e0 portaria publicada:<\/p>\n<p>1) apesar de tal altera\u00e7\u00e3o acontecer em todos os anos, devido \u00e0 diferen\u00e7a entre o valor estimado no anterior e o realizado at\u00e9 a data da publica\u00e7\u00e3o, o impacto, agora em 2020, ser\u00e1 muito maior que em anos anteriores;<\/p>\n<p>2) o enfrentamento \u00e0 covid-19 afetou drasticamente as receitas tribut\u00e1rias dos estados e munic\u00edpios, al\u00e9m de exigir um maior aporte de recursos na \u00e1rea educacional por parte de tais entes;<\/p>\n<p>3) a altera\u00e7\u00e3o apresentada pela Portaria, afeta ainda mais os munic\u00edpios, visto que est\u00e3o em final de gest\u00e3o e ter\u00e3o de fazer os ajustes de contas (ocasionados pela Portaria) em 30 dias; e<\/p>\n<p>4) confirmada essa altera\u00e7\u00e3o, o valor do piso salarial profissional nacional para os profissionais do magist\u00e9rio p\u00fablico da educa\u00e7\u00e3o b\u00e1sica em vez de atualiza\u00e7\u00e3o deveria sofrer uma redu\u00e7\u00e3o de 2,64%. Entretanto, em cumprimento ao princ\u00edpio de irredutibilidade salarial exposto no Inciso XV do Artigo 37 da Constitui\u00e7\u00e3o Federal, a manuten\u00e7\u00e3o do piso, com valores de 2020, dever\u00e1 ser assumida por estados e munic\u00edpios. Com refer\u00eancia ao piso, \u00e9 importante destacar o impacto social que a n\u00e3o atualiza\u00e7\u00e3o de seu valor para 2021 causar\u00e1.<\/p>\n<p><a href=\"http:\/\/undime.org.br\/uploads\/documentos\/phpZuWjkP_5fc9034b235d9.pdf\" target=\"_blank\" rel=\"noopener noreferrer\">Clique aqui e leia na \u00edntegra a carta enviada pela Undime ao MEC sobre esse assunto<\/a>.<\/p>\n","protected":false},"excerpt":{"rendered":"<p>A Undime, como entidade que re\u00fane os dirigentes respons\u00e1veis pela gest\u00e3o dos 5.568 munic\u00edpios do pa\u00eds, solicita a manuten\u00e7\u00e3o do valor da complementa\u00e7\u00e3o da Uni\u00e3o, informado na Portaria Interministerial n\u00ba 4, de dezembro de 2019. Em carta, enviada ao Ministro da Educa\u00e7\u00e3o, Milton Ribeiro, sugere ainda que o repasse de tais recursos, pela Uni\u00e3o, seja [&hellip;]<\/p>\n","protected":false},"author":4,"featured_media":0,"comment_status":"closed","ping_status":"closed","sticky":false,"template":"","format":"standard","meta":{"footnotes":"","_links_to":"","_links_to_target":""},"categories":[9],"tags":[],"class_list":["post-12677","post","type-post","status-publish","format-standard","hentry","category-noticias-da-imprensa"],"yoast_head":"<!-- This site is optimized with the Yoast SEO plugin v15.1 - https:\/\/yoast.com\/wordpress\/plugins\/seo\/ -->\n<title>Undime se manifesta sobre portaria que altera os par\u00e2metros operacionais do Fundeb para o exerc\u00edcio de 2020 &raquo; Abrelivros<\/title>\n<meta name=\"robots\" content=\"index, follow, max-snippet:-1, max-image-preview:large, max-video-preview:-1\" \/>\n<link rel=\"canonical\" href=\"https:\/\/abrelivros.org.br\/site\/undime-se-manifesta-sobre-portaria-que-altera-os-parametros-operacionais-do-fundeb-para-o-exercicio-de-2020\/\" \/>\n<meta property=\"og:locale\" content=\"pt_BR\" \/>\n<meta property=\"og:type\" content=\"article\" \/>\n<meta property=\"og:title\" content=\"Undime se manifesta sobre portaria que altera os par\u00e2metros operacionais do Fundeb para o exerc\u00edcio de 2020 &raquo; Abrelivros\" \/>\n<meta property=\"og:description\" content=\"A Undime, como entidade que re\u00fane os dirigentes respons\u00e1veis pela gest\u00e3o dos 5.568 munic\u00edpios do pa\u00eds, solicita a manuten\u00e7\u00e3o do valor da complementa\u00e7\u00e3o da Uni\u00e3o, informado na Portaria Interministerial n\u00ba 4, de dezembro de 2019. Em carta, enviada ao Ministro da Educa\u00e7\u00e3o, Milton Ribeiro, sugere ainda que o repasse de tais recursos, pela Uni\u00e3o, seja [&hellip;]\" \/>\n<meta property=\"og:url\" content=\"https:\/\/abrelivros.org.br\/site\/undime-se-manifesta-sobre-portaria-que-altera-os-parametros-operacionais-do-fundeb-para-o-exercicio-de-2020\/\" \/>\n<meta property=\"og:site_name\" content=\"Abrelivros\" \/>\n<meta property=\"article:published_time\" content=\"2020-12-04T16:57:12+00:00\" \/>\n<meta name=\"twitter:card\" content=\"summary_large_image\" \/>\n<script type=\"application\/ld+json\" class=\"yoast-schema-graph\">{\"@context\":\"https:\/\/schema.org\",\"@graph\":[{\"@type\":\"WebSite\",\"@id\":\"https:\/\/abrelivros.org.br\/site\/#website\",\"url\":\"https:\/\/abrelivros.org.br\/site\/\",\"name\":\"Abrelivros\",\"description\":\"\",\"potentialAction\":[{\"@type\":\"SearchAction\",\"target\":\"https:\/\/abrelivros.org.br\/site\/?s={search_term_string}\",\"query-input\":\"required name=search_term_string\"}],\"inLanguage\":\"pt-BR\"},{\"@type\":\"WebPage\",\"@id\":\"https:\/\/abrelivros.org.br\/site\/undime-se-manifesta-sobre-portaria-que-altera-os-parametros-operacionais-do-fundeb-para-o-exercicio-de-2020\/#webpage\",\"url\":\"https:\/\/abrelivros.org.br\/site\/undime-se-manifesta-sobre-portaria-que-altera-os-parametros-operacionais-do-fundeb-para-o-exercicio-de-2020\/\",\"name\":\"Undime se manifesta sobre portaria que altera os par\\u00e2metros operacionais do Fundeb para o exerc\\u00edcio de 2020 &raquo; Abrelivros\",\"isPartOf\":{\"@id\":\"https:\/\/abrelivros.org.br\/site\/#website\"},\"datePublished\":\"2020-12-04T16:57:12+00:00\",\"dateModified\":\"2020-12-04T16:57:12+00:00\",\"author\":{\"@id\":\"https:\/\/abrelivros.org.br\/site\/#\/schema\/person\/65db80e26409802ce15ac5feec6a15fd\"},\"breadcrumb\":{\"@id\":\"https:\/\/abrelivros.org.br\/site\/undime-se-manifesta-sobre-portaria-que-altera-os-parametros-operacionais-do-fundeb-para-o-exercicio-de-2020\/#breadcrumb\"},\"inLanguage\":\"pt-BR\",\"potentialAction\":[{\"@type\":\"ReadAction\",\"target\":[\"https:\/\/abrelivros.org.br\/site\/undime-se-manifesta-sobre-portaria-que-altera-os-parametros-operacionais-do-fundeb-para-o-exercicio-de-2020\/\"]}]},{\"@type\":\"BreadcrumbList\",\"@id\":\"https:\/\/abrelivros.org.br\/site\/undime-se-manifesta-sobre-portaria-que-altera-os-parametros-operacionais-do-fundeb-para-o-exercicio-de-2020\/#breadcrumb\",\"itemListElement\":[{\"@type\":\"ListItem\",\"position\":1,\"item\":{\"@type\":\"WebPage\",\"@id\":\"https:\/\/abrelivros.org.br\/site\/\",\"url\":\"https:\/\/abrelivros.org.br\/site\/\",\"name\":\"In\\u00edcio\"}},{\"@type\":\"ListItem\",\"position\":2,\"item\":{\"@type\":\"WebPage\",\"@id\":\"https:\/\/abrelivros.org.br\/site\/category\/noticias\/\",\"url\":\"https:\/\/abrelivros.org.br\/site\/category\/noticias\/\",\"name\":\"Not\\u00edcias\"}},{\"@type\":\"ListItem\",\"position\":3,\"item\":{\"@type\":\"WebPage\",\"@id\":\"https:\/\/abrelivros.org.br\/site\/category\/noticias\/noticias-da-imprensa\/\",\"url\":\"https:\/\/abrelivros.org.br\/site\/category\/noticias\/noticias-da-imprensa\/\",\"name\":\"Not\\u00edcias da imprensa\"}},{\"@type\":\"ListItem\",\"position\":4,\"item\":{\"@type\":\"WebPage\",\"@id\":\"https:\/\/abrelivros.org.br\/site\/undime-se-manifesta-sobre-portaria-que-altera-os-parametros-operacionais-do-fundeb-para-o-exercicio-de-2020\/\",\"url\":\"https:\/\/abrelivros.org.br\/site\/undime-se-manifesta-sobre-portaria-que-altera-os-parametros-operacionais-do-fundeb-para-o-exercicio-de-2020\/\",\"name\":\"Undime se manifesta sobre portaria que altera os par\\u00e2metros operacionais do Fundeb para o exerc\\u00edcio de 2020\"}}]},{\"@type\":\"Person\",\"@id\":\"https:\/\/abrelivros.org.br\/site\/#\/schema\/person\/65db80e26409802ce15ac5feec6a15fd\",\"name\":\"Reda\\u00e7\\u00e3o Abrelivros\",\"image\":{\"@type\":\"ImageObject\",\"@id\":\"https:\/\/abrelivros.org.br\/site\/#personlogo\",\"inLanguage\":\"pt-BR\",\"url\":\"https:\/\/secure.gravatar.com\/avatar\/c4e57f9c7e3482965bd428192061218520756c39080b1d1820b679fa5e9af192?s=96&d=mm&r=g\",\"caption\":\"Reda\\u00e7\\u00e3o Abrelivros\"}}]}<\/script>\n<!-- \/ Yoast SEO plugin. -->","_links":{"self":[{"href":"https:\/\/abrelivros.org.br\/site\/wp-json\/wp\/v2\/posts\/12677","targetHints":{"allow":["GET"]}}],"collection":[{"href":"https:\/\/abrelivros.org.br\/site\/wp-json\/wp\/v2\/posts"}],"about":[{"href":"https:\/\/abrelivros.org.br\/site\/wp-json\/wp\/v2\/types\/post"}],"author":[{"embeddable":true,"href":"https:\/\/abrelivros.org.br\/site\/wp-json\/wp\/v2\/users\/4"}],"replies":[{"embeddable":true,"href":"https:\/\/abrelivros.org.br\/site\/wp-json\/wp\/v2\/comments?post=12677"}],"version-history":[{"count":1,"href":"https:\/\/abrelivros.org.br\/site\/wp-json\/wp\/v2\/posts\/12677\/revisions"}],"predecessor-version":[{"id":12678,"href":"https:\/\/abrelivros.org.br\/site\/wp-json\/wp\/v2\/posts\/12677\/revisions\/12678"}],"wp:attachment":[{"href":"https:\/\/abrelivros.org.br\/site\/wp-json\/wp\/v2\/media?parent=12677"}],"wp:term":[{"taxonomy":"category","embeddable":true,"href":"https:\/\/abrelivros.org.br\/site\/wp-json\/wp\/v2\/categories?post=12677"},{"taxonomy":"post_tag","embeddable":true,"href":"https:\/\/abrelivros.org.br\/site\/wp-json\/wp\/v2\/tags?post=12677"}],"curies":[{"name":"wp","href":"https:\/\/api.w.org\/{rel}","templated":true}]}}