{"id":12675,"date":"2020-12-04T13:52:15","date_gmt":"2020-12-04T16:52:15","guid":{"rendered":"https:\/\/abrelivros.org.br\/site\/?p=12675"},"modified":"2020-12-04T13:52:15","modified_gmt":"2020-12-04T16:52:15","slug":"indiano-vence-nobel-dos-educadores-e-brasileira-fica-entre-as-finalistas","status":"publish","type":"post","link":"https:\/\/abrelivros.org.br\/site\/indiano-vence-nobel-dos-educadores-e-brasileira-fica-entre-as-finalistas\/","title":{"rendered":"Indiano vence `Nobel dos educadores` e brasileira fica entre as finalistas"},"content":{"rendered":"<p>O professor indiano Ranjitsinh Disale conquistou o Global Teacher Prize 2020, considerado o Nobel da Educa\u00e7\u00e3o , por transformar a vida de meninas em uma escola prim\u00e1ria na \u00cdndia e faturou US$1 milh\u00e3o. Ele, no entanto, dividiu o pr\u00eamio, concedido pela Varkey Foundation em parceria com a Unesco, com os educadores finalistas.<!--more--><\/p>\n<p>A decis\u00e3o foi anunciada durante seu discurso de agradecimento.<\/p>\n<p>Com a divis\u00e3o do pr\u00eamio, os nove professores devem receber pouco mais de US$55 mil cada.<\/p>\n<p><strong>Continua ap\u00f3s a publicidade<\/strong><\/p>\n<p>Esta \u00e9 a primeira vez na hist\u00f3ria do Global Teacher Prize que um vencedor compartilha o pr\u00eamio em dinheiro com outros competidores . Disale, que leciona na Escola Prim\u00e1ria Zilla Parishad, no vilarejo de Paritewadi, no estado de Maharashtra, no oeste da \u00cdndia, desde 2009, foi nomeado o professor mais excepcional do mundo, \u00e0 frente de outras 12 mil indica\u00e7\u00f5es.<\/p>\n<p>O professor indiano foi elogiado pelos ju\u00edzes do concurso por seu trabalho para garantir que as meninas desfavorecidas fossem \u00e0 escola e obtivessem bons resultados &#8211; em vez de perder as aulas e enfrentar o casamento precoce.<\/p>\n<p>`Neste momento dif\u00edcil, os professores est\u00e3o dando o seu melhor para garantir que todos os alunos tenham acesso ao direito de nascen\u00e7a de uma boa educa\u00e7\u00e3o`, afirmou o indiano, de 32 anos.<\/p>\n<p>Disale tamb\u00e9m oferece aulas de ci\u00eancias online para alunos em 83 pa\u00edses e dirige um projeto internacional de constru\u00e7\u00e3o de conex\u00f5es entre jovens em zonas de conflito.<\/p>\n<p>Al\u00e9m do indiano, Jamie Frost, uma professora do Reino Unido que administra um site gratuito de aulas de matem\u00e1tica, foi contemplada com o pr\u00eamio especial `Her\u00f3i da Covid`. Todos os vencedores foram anunciados pelo ator Stephen Fry em uma cerim\u00f4nia online, realizada no Museu de Hist\u00f3ria Natural de Londres.<\/p>\n<p>A brasileira Doani Bertan, que desenvolve um projeto de inclus\u00e3o com crian\u00e7as surdas, tamb\u00e9m foi inclu\u00edda entre os 10 melhores do mundo.<\/p>\n","protected":false},"excerpt":{"rendered":"<p>O professor indiano Ranjitsinh Disale conquistou o Global Teacher Prize 2020, considerado o Nobel da Educa\u00e7\u00e3o , por transformar a vida de meninas em uma escola prim\u00e1ria na \u00cdndia e faturou US$1 milh\u00e3o. Ele, no entanto, dividiu o pr\u00eamio, concedido pela Varkey Foundation em parceria com a Unesco, com os educadores finalistas.<\/p>\n","protected":false},"author":4,"featured_media":0,"comment_status":"closed","ping_status":"closed","sticky":false,"template":"","format":"standard","meta":{"footnotes":"","_links_to":"","_links_to_target":""},"categories":[9],"tags":[],"class_list":["post-12675","post","type-post","status-publish","format-standard","hentry","category-noticias-da-imprensa"],"yoast_head":"<!-- This site is optimized with the Yoast SEO plugin v15.1 - https:\/\/yoast.com\/wordpress\/plugins\/seo\/ -->\n<title>Indiano vence `Nobel dos educadores` e brasileira fica entre as finalistas &raquo; Abrelivros<\/title>\n<meta name=\"robots\" content=\"index, follow, max-snippet:-1, max-image-preview:large, max-video-preview:-1\" \/>\n<link rel=\"canonical\" href=\"https:\/\/abrelivros.org.br\/site\/indiano-vence-nobel-dos-educadores-e-brasileira-fica-entre-as-finalistas\/\" \/>\n<meta property=\"og:locale\" content=\"pt_BR\" \/>\n<meta property=\"og:type\" content=\"article\" \/>\n<meta property=\"og:title\" content=\"Indiano vence `Nobel dos educadores` e brasileira fica entre as finalistas &raquo; Abrelivros\" \/>\n<meta property=\"og:description\" content=\"O professor indiano Ranjitsinh Disale conquistou o Global Teacher Prize 2020, considerado o Nobel da Educa\u00e7\u00e3o , por transformar a vida de meninas em uma escola prim\u00e1ria na \u00cdndia e faturou US$1 milh\u00e3o. Ele, no entanto, dividiu o pr\u00eamio, concedido pela Varkey Foundation em parceria com a Unesco, com os educadores finalistas.\" \/>\n<meta property=\"og:url\" content=\"https:\/\/abrelivros.org.br\/site\/indiano-vence-nobel-dos-educadores-e-brasileira-fica-entre-as-finalistas\/\" \/>\n<meta property=\"og:site_name\" content=\"Abrelivros\" \/>\n<meta property=\"article:published_time\" content=\"2020-12-04T16:52:15+00:00\" \/>\n<meta name=\"twitter:card\" content=\"summary_large_image\" \/>\n<script type=\"application\/ld+json\" class=\"yoast-schema-graph\">{\"@context\":\"https:\/\/schema.org\",\"@graph\":[{\"@type\":\"WebSite\",\"@id\":\"https:\/\/abrelivros.org.br\/site\/#website\",\"url\":\"https:\/\/abrelivros.org.br\/site\/\",\"name\":\"Abrelivros\",\"description\":\"\",\"potentialAction\":[{\"@type\":\"SearchAction\",\"target\":\"https:\/\/abrelivros.org.br\/site\/?s={search_term_string}\",\"query-input\":\"required name=search_term_string\"}],\"inLanguage\":\"pt-BR\"},{\"@type\":\"WebPage\",\"@id\":\"https:\/\/abrelivros.org.br\/site\/indiano-vence-nobel-dos-educadores-e-brasileira-fica-entre-as-finalistas\/#webpage\",\"url\":\"https:\/\/abrelivros.org.br\/site\/indiano-vence-nobel-dos-educadores-e-brasileira-fica-entre-as-finalistas\/\",\"name\":\"Indiano vence `Nobel dos educadores` e brasileira fica entre as finalistas &raquo; Abrelivros\",\"isPartOf\":{\"@id\":\"https:\/\/abrelivros.org.br\/site\/#website\"},\"datePublished\":\"2020-12-04T16:52:15+00:00\",\"dateModified\":\"2020-12-04T16:52:15+00:00\",\"author\":{\"@id\":\"https:\/\/abrelivros.org.br\/site\/#\/schema\/person\/65db80e26409802ce15ac5feec6a15fd\"},\"breadcrumb\":{\"@id\":\"https:\/\/abrelivros.org.br\/site\/indiano-vence-nobel-dos-educadores-e-brasileira-fica-entre-as-finalistas\/#breadcrumb\"},\"inLanguage\":\"pt-BR\",\"potentialAction\":[{\"@type\":\"ReadAction\",\"target\":[\"https:\/\/abrelivros.org.br\/site\/indiano-vence-nobel-dos-educadores-e-brasileira-fica-entre-as-finalistas\/\"]}]},{\"@type\":\"BreadcrumbList\",\"@id\":\"https:\/\/abrelivros.org.br\/site\/indiano-vence-nobel-dos-educadores-e-brasileira-fica-entre-as-finalistas\/#breadcrumb\",\"itemListElement\":[{\"@type\":\"ListItem\",\"position\":1,\"item\":{\"@type\":\"WebPage\",\"@id\":\"https:\/\/abrelivros.org.br\/site\/\",\"url\":\"https:\/\/abrelivros.org.br\/site\/\",\"name\":\"In\\u00edcio\"}},{\"@type\":\"ListItem\",\"position\":2,\"item\":{\"@type\":\"WebPage\",\"@id\":\"https:\/\/abrelivros.org.br\/site\/category\/noticias\/\",\"url\":\"https:\/\/abrelivros.org.br\/site\/category\/noticias\/\",\"name\":\"Not\\u00edcias\"}},{\"@type\":\"ListItem\",\"position\":3,\"item\":{\"@type\":\"WebPage\",\"@id\":\"https:\/\/abrelivros.org.br\/site\/category\/noticias\/noticias-da-imprensa\/\",\"url\":\"https:\/\/abrelivros.org.br\/site\/category\/noticias\/noticias-da-imprensa\/\",\"name\":\"Not\\u00edcias da imprensa\"}},{\"@type\":\"ListItem\",\"position\":4,\"item\":{\"@type\":\"WebPage\",\"@id\":\"https:\/\/abrelivros.org.br\/site\/indiano-vence-nobel-dos-educadores-e-brasileira-fica-entre-as-finalistas\/\",\"url\":\"https:\/\/abrelivros.org.br\/site\/indiano-vence-nobel-dos-educadores-e-brasileira-fica-entre-as-finalistas\/\",\"name\":\"Indiano vence `Nobel dos educadores` e brasileira fica entre as finalistas\"}}]},{\"@type\":\"Person\",\"@id\":\"https:\/\/abrelivros.org.br\/site\/#\/schema\/person\/65db80e26409802ce15ac5feec6a15fd\",\"name\":\"Reda\\u00e7\\u00e3o Abrelivros\",\"image\":{\"@type\":\"ImageObject\",\"@id\":\"https:\/\/abrelivros.org.br\/site\/#personlogo\",\"inLanguage\":\"pt-BR\",\"url\":\"https:\/\/secure.gravatar.com\/avatar\/c4e57f9c7e3482965bd428192061218520756c39080b1d1820b679fa5e9af192?s=96&d=mm&r=g\",\"caption\":\"Reda\\u00e7\\u00e3o Abrelivros\"}}]}<\/script>\n<!-- \/ Yoast SEO plugin. -->","_links":{"self":[{"href":"https:\/\/abrelivros.org.br\/site\/wp-json\/wp\/v2\/posts\/12675","targetHints":{"allow":["GET"]}}],"collection":[{"href":"https:\/\/abrelivros.org.br\/site\/wp-json\/wp\/v2\/posts"}],"about":[{"href":"https:\/\/abrelivros.org.br\/site\/wp-json\/wp\/v2\/types\/post"}],"author":[{"embeddable":true,"href":"https:\/\/abrelivros.org.br\/site\/wp-json\/wp\/v2\/users\/4"}],"replies":[{"embeddable":true,"href":"https:\/\/abrelivros.org.br\/site\/wp-json\/wp\/v2\/comments?post=12675"}],"version-history":[{"count":1,"href":"https:\/\/abrelivros.org.br\/site\/wp-json\/wp\/v2\/posts\/12675\/revisions"}],"predecessor-version":[{"id":12676,"href":"https:\/\/abrelivros.org.br\/site\/wp-json\/wp\/v2\/posts\/12675\/revisions\/12676"}],"wp:attachment":[{"href":"https:\/\/abrelivros.org.br\/site\/wp-json\/wp\/v2\/media?parent=12675"}],"wp:term":[{"taxonomy":"category","embeddable":true,"href":"https:\/\/abrelivros.org.br\/site\/wp-json\/wp\/v2\/categories?post=12675"},{"taxonomy":"post_tag","embeddable":true,"href":"https:\/\/abrelivros.org.br\/site\/wp-json\/wp\/v2\/tags?post=12675"}],"curies":[{"name":"wp","href":"https:\/\/api.w.org\/{rel}","templated":true}]}}