{"id":12671,"date":"2020-12-03T15:17:57","date_gmt":"2020-12-03T18:17:57","guid":{"rendered":"https:\/\/abrelivros.org.br\/site\/?p=12671"},"modified":"2020-12-03T15:17:57","modified_gmt":"2020-12-03T18:17:57","slug":"retrato-de-zoara","status":"publish","type":"post","link":"https:\/\/abrelivros.org.br\/site\/retrato-de-zoara\/","title":{"rendered":"Retrato de Zoara"},"content":{"rendered":"<p>Zoara Failla, gerente de projetos do Instituto Pr\u00f3-Livro, encerra a temporada do PublishNews Entrevista, contando as mil aventuras que viveu, n\u00e3o s\u00f3 no livro, mas em Guin\u00e9-Bissau e como vice-presidente da Febem, numa \u00e9poca explosiva.<!--more--><\/p>\n<p>\u201cPor que ser\u00e1 que o livro \u00e9 t\u00e3o amea\u00e7ador?\u201d. \u00c9 com essa pergunta que come\u00e7a a conversa que Zoara Failla teve com Andr\u00e9 Argolo no epis\u00f3dio que encerra a temporada do PublishNews Entrevista, programa da PublishNewsTV que perfilou 79 personalidades que trabalham \u2013 nos mais diferentes campos \u2013 da ind\u00fastria editorial brasileira. A gerente de projetos do Instituto Pr\u00f3-Livro (IPL) respondeu: \u201cQuem tenta queimar livros ou te distanciar dos livros tem a perfeita dimens\u00e3o do quanto ele \u00e9 perigoso, porque ele te possibilita avaliar e criticar aquilo que te chega\u201d.<\/p>\n<p>A \u201citalianinha do Br\u00e1s\u201d, como era chamada pelo pai, teve uma inf\u00e2ncia n\u00f4made dentro da regi\u00e3o metropolitana de S\u00e3o Paulo. Passou por diversos bairros e cidades conurbadas \u00e0 Metr\u00f3pole, mas foi em Araraquara que ela se desenvolveu como militante de causas sociais. Foi l\u00e1 que ingressou na faculdade de Sociologia que lhe deu base para o que vinha a seguir.<\/p>\n<p>Na entrevista, ela conta como era o clima da efervescente Araraquara. Participava de grupos de amigos revolucion\u00e1rios e contestadores, num ambiente, muitas vezes, pontuado pelo medo. Se envolveu com festivais de m\u00fasica e de teatro, participou de centro estudantil e at\u00e9 chegou a produzir um filme &#8211; Aquele que dizia sim passou a dizer n\u00e3o \u2013 inspirado na poesia de Brecht. Chegou a parar na delegacia por conta dessa aventura.<\/p>\n<p>Aventura. Essa \u00e9 uma palavra que aparece muito na hist\u00f3ria. Lembra de quando o pai foi acometido por um problema de sa\u00fade que lhe causou uma amn\u00e9sia tempor\u00e1ria. Ela e a m\u00e3e assumiram o trabalho no abatedouro de frangos da fam\u00edlia. Os amigos \u2013 os revolucion\u00e1rios e contestadores \u2013 estavam juntos, ajudando a transportar os animais abatidos em uma kombi.<\/p>\n<p>A primeira experi\u00eancia profissional na sociologia foi ajudando a realizar uma pesquisa que media o impacto do antigo Mobral na mobiliza\u00e7\u00e3o social das pessoas. Nos anos de chumbo, o soci\u00f3logo tinha poucas possibilidades de trabalho. Deu aula para alunos secundaristas, mas foi na Funda\u00e7\u00e3o Estadual de Desenvolvimento Administrativo que come\u00e7ou a desenvolver uma carreira na \u00e1rea de Recursos Humanos. Nessa \u00e9poca, trabalhou com os cinco Pa\u00edses Africanos de L\u00edngua Oficial Portuguesa (Palop), grupo formado por Angola, Mo\u00e7ambique, Cabo Verde, S\u00e3o Tom\u00e9 e Guin\u00e9-Bissau, onde, inclusive passou uma temporada. Novamente, uma aventura num pa\u00eds tribal. Sua miss\u00e3o ali era formar formadores (isso mesmo) de gestores do pa\u00eds.<\/p>\n<p>Saiu da Funda\u00e7\u00e3o Estadual de Desenvolvimento Administrativo para coordenar programas t\u00e9cnicos na antiga Febem. Levou para l\u00e1 uma proposta de forma\u00e7\u00e3o que inclu\u00eda um programa de dois meses para quem estava sendo contratado para as novas unidades de ressocializa\u00e7\u00e3o de menores. Era uma \u00e9poca de tens\u00e3o, com rebeli\u00f5es recorrentes. Chegou a ser amea\u00e7ada, mas mesmo assim, assumiu a vice-presid\u00eancia da Febem. Durou pouco. S\u00f3 tr\u00eas meses que passou sem dormir praticamente, contou.<\/p>\n<p>Dali, seguiu para liderar um programa de melhoria do ensino m\u00e9dio, com investimentos polpudos do Banco Interamericano, com or\u00e7amentos para a compra de livros, forma\u00e7\u00e3o de professores e outras tantas rubricas. Ali foi que teve o primeiro contato com a ind\u00fastria do livro e foi isso que a levou ao Instituto Pr\u00f3-Livro.<\/p>\n<p>\u201cN\u00e3o tive mais que lidar com amea\u00e7as\u201d, contou rindo. No IPL, ela conta que conseguiu usar, plenamente, o que tinha aprendido como soci\u00f3loga. \u201cA Pesquisa [Retratos da Leitura] foi um reencontro com a Sociologia\u201d, disse no papo com Argolo.<\/p>\n<p>A partir deste ponto, a \u201cIndiana Jones da milit\u00e2ncia do livro\u201d passou a fazer an\u00e1lises importantes sobre os resultados recentes da Pesquisa Retratos da Leitura cuja edi\u00e7\u00e3o de 2020 foram recentemente divulgados. O Brasil perdeu 4,6 milh\u00f5es de leitores nos \u00faltimos quatro anos e hoje, somos parte dos 52% considerados leitores no pa\u00eds. Mas Zoara ressalta que esses 52% \u00e9 o topo do funil. O \u00edndice baixa para 31% quando s\u00e3o considerados apenas os leitores que leram pelo menos um livro inteiro nos \u00faltimos tr\u00eas meses. Na base do funil, est\u00e3o os leitores de literatura, apenas 21% da popula\u00e7\u00e3o brasileira.<\/p>\n<p>\u201cA grande maioria n\u00e3o teve nem a chance de desenvolver essa habilidade [a da leitura]. Ele foi exclu\u00eddo at\u00e9 da possibilidade de escolha\u201d, diz sobre esse enorme contingente de n\u00e3o leitores no pa\u00eds. \u201cSe a gente n\u00e3o reverter esse retrato, eu acho dif\u00edcil a gente evoluir em termos humanos e sociais\u201d, avaliou a soci\u00f3loga. \u201cA gente vive uma nova escravid\u00e3o. \u00c9 uma escravid\u00e3o que te tira o direito de pensar, de conhecer, de at\u00e9 mesmo sonhar com outro futuro. Eu acho muito triste o que a gente t\u00e1 vivendo hoje\u201d, continuou. \u201cFaltam pol\u00edticas que pensem num projeto de na\u00e7\u00e3o mais humana e mais desenvolvida\u201d, completou.<\/p>\n<p>Por outro lado, Zoara consegue enxergar um lado positivo disso tudo. \u201cOs 20% que leem s\u00e3o muito barulhentos\u201d, disse. Pra ela, essa resist\u00eancia \u00e9 um ponto de luz que faz acreditar que a gente consegue transformar. Que ela esteja certa.<\/p>\n<p><strong>Fim da temporada<\/strong><\/p>\n<p>O programa com a Zoara encerra a temporada do PublishNews Entrevista iniciada em mar\u00e7o de 2019. Foram 79 programas com editores, livreiros, autores, distribuidores, curadores e uma gama enorme de personalidades que contaram um pouco de suas vidas da sua rela\u00e7\u00e3o com o livro. O acervo completo continuar\u00e1 para a posteridade numa <a href=\"https:\/\/www.youtube.com\/playlist?list=PLuAk6wiW0JP8S02PihK4M4EnpjCK74TLR\" target=\"_blank\" rel=\"noopener noreferrer\">lista de reprodu\u00e7\u00e3o<\/a> no YouTube.<\/p>\n<p>Para 2021, quando o PN completa 20 anos, est\u00e3o sendo pensadas novas atra\u00e7\u00f5es que far\u00e3o parte da PublishNews Entrevista.<\/p>\n<p>&nbsp;<\/p>\n","protected":false},"excerpt":{"rendered":"<p>Zoara Failla, gerente de projetos do Instituto Pr\u00f3-Livro, encerra a temporada do PublishNews Entrevista, contando as mil aventuras que viveu, n\u00e3o s\u00f3 no livro, mas em Guin\u00e9-Bissau e como vice-presidente da Febem, numa \u00e9poca explosiva.<\/p>\n","protected":false},"author":4,"featured_media":0,"comment_status":"closed","ping_status":"closed","sticky":false,"template":"","format":"standard","meta":{"footnotes":"","_links_to":"","_links_to_target":""},"categories":[9],"tags":[],"class_list":["post-12671","post","type-post","status-publish","format-standard","hentry","category-noticias-da-imprensa"],"yoast_head":"<!-- This site is optimized with the Yoast SEO plugin v15.1 - https:\/\/yoast.com\/wordpress\/plugins\/seo\/ -->\n<title>Retrato de Zoara &raquo; Abrelivros<\/title>\n<meta name=\"robots\" content=\"index, follow, max-snippet:-1, max-image-preview:large, max-video-preview:-1\" \/>\n<link rel=\"canonical\" href=\"https:\/\/abrelivros.org.br\/site\/retrato-de-zoara\/\" \/>\n<meta property=\"og:locale\" content=\"pt_BR\" \/>\n<meta property=\"og:type\" content=\"article\" \/>\n<meta property=\"og:title\" content=\"Retrato de Zoara &raquo; Abrelivros\" \/>\n<meta property=\"og:description\" content=\"Zoara Failla, gerente de projetos do Instituto Pr\u00f3-Livro, encerra a temporada do PublishNews Entrevista, contando as mil aventuras que viveu, n\u00e3o s\u00f3 no livro, mas em Guin\u00e9-Bissau e como vice-presidente da Febem, numa \u00e9poca explosiva.\" \/>\n<meta property=\"og:url\" content=\"https:\/\/abrelivros.org.br\/site\/retrato-de-zoara\/\" \/>\n<meta property=\"og:site_name\" content=\"Abrelivros\" \/>\n<meta property=\"article:published_time\" content=\"2020-12-03T18:17:57+00:00\" \/>\n<meta name=\"twitter:card\" content=\"summary_large_image\" \/>\n<script type=\"application\/ld+json\" class=\"yoast-schema-graph\">{\"@context\":\"https:\/\/schema.org\",\"@graph\":[{\"@type\":\"WebSite\",\"@id\":\"https:\/\/abrelivros.org.br\/site\/#website\",\"url\":\"https:\/\/abrelivros.org.br\/site\/\",\"name\":\"Abrelivros\",\"description\":\"\",\"potentialAction\":[{\"@type\":\"SearchAction\",\"target\":\"https:\/\/abrelivros.org.br\/site\/?s={search_term_string}\",\"query-input\":\"required name=search_term_string\"}],\"inLanguage\":\"pt-BR\"},{\"@type\":\"WebPage\",\"@id\":\"https:\/\/abrelivros.org.br\/site\/retrato-de-zoara\/#webpage\",\"url\":\"https:\/\/abrelivros.org.br\/site\/retrato-de-zoara\/\",\"name\":\"Retrato de Zoara &raquo; Abrelivros\",\"isPartOf\":{\"@id\":\"https:\/\/abrelivros.org.br\/site\/#website\"},\"datePublished\":\"2020-12-03T18:17:57+00:00\",\"dateModified\":\"2020-12-03T18:17:57+00:00\",\"author\":{\"@id\":\"https:\/\/abrelivros.org.br\/site\/#\/schema\/person\/65db80e26409802ce15ac5feec6a15fd\"},\"breadcrumb\":{\"@id\":\"https:\/\/abrelivros.org.br\/site\/retrato-de-zoara\/#breadcrumb\"},\"inLanguage\":\"pt-BR\",\"potentialAction\":[{\"@type\":\"ReadAction\",\"target\":[\"https:\/\/abrelivros.org.br\/site\/retrato-de-zoara\/\"]}]},{\"@type\":\"BreadcrumbList\",\"@id\":\"https:\/\/abrelivros.org.br\/site\/retrato-de-zoara\/#breadcrumb\",\"itemListElement\":[{\"@type\":\"ListItem\",\"position\":1,\"item\":{\"@type\":\"WebPage\",\"@id\":\"https:\/\/abrelivros.org.br\/site\/\",\"url\":\"https:\/\/abrelivros.org.br\/site\/\",\"name\":\"In\\u00edcio\"}},{\"@type\":\"ListItem\",\"position\":2,\"item\":{\"@type\":\"WebPage\",\"@id\":\"https:\/\/abrelivros.org.br\/site\/category\/noticias\/\",\"url\":\"https:\/\/abrelivros.org.br\/site\/category\/noticias\/\",\"name\":\"Not\\u00edcias\"}},{\"@type\":\"ListItem\",\"position\":3,\"item\":{\"@type\":\"WebPage\",\"@id\":\"https:\/\/abrelivros.org.br\/site\/category\/noticias\/noticias-da-imprensa\/\",\"url\":\"https:\/\/abrelivros.org.br\/site\/category\/noticias\/noticias-da-imprensa\/\",\"name\":\"Not\\u00edcias da imprensa\"}},{\"@type\":\"ListItem\",\"position\":4,\"item\":{\"@type\":\"WebPage\",\"@id\":\"https:\/\/abrelivros.org.br\/site\/retrato-de-zoara\/\",\"url\":\"https:\/\/abrelivros.org.br\/site\/retrato-de-zoara\/\",\"name\":\"Retrato de Zoara\"}}]},{\"@type\":\"Person\",\"@id\":\"https:\/\/abrelivros.org.br\/site\/#\/schema\/person\/65db80e26409802ce15ac5feec6a15fd\",\"name\":\"Reda\\u00e7\\u00e3o Abrelivros\",\"image\":{\"@type\":\"ImageObject\",\"@id\":\"https:\/\/abrelivros.org.br\/site\/#personlogo\",\"inLanguage\":\"pt-BR\",\"url\":\"https:\/\/secure.gravatar.com\/avatar\/c4e57f9c7e3482965bd428192061218520756c39080b1d1820b679fa5e9af192?s=96&d=mm&r=g\",\"caption\":\"Reda\\u00e7\\u00e3o Abrelivros\"}}]}<\/script>\n<!-- \/ Yoast SEO plugin. -->","_links":{"self":[{"href":"https:\/\/abrelivros.org.br\/site\/wp-json\/wp\/v2\/posts\/12671","targetHints":{"allow":["GET"]}}],"collection":[{"href":"https:\/\/abrelivros.org.br\/site\/wp-json\/wp\/v2\/posts"}],"about":[{"href":"https:\/\/abrelivros.org.br\/site\/wp-json\/wp\/v2\/types\/post"}],"author":[{"embeddable":true,"href":"https:\/\/abrelivros.org.br\/site\/wp-json\/wp\/v2\/users\/4"}],"replies":[{"embeddable":true,"href":"https:\/\/abrelivros.org.br\/site\/wp-json\/wp\/v2\/comments?post=12671"}],"version-history":[{"count":1,"href":"https:\/\/abrelivros.org.br\/site\/wp-json\/wp\/v2\/posts\/12671\/revisions"}],"predecessor-version":[{"id":12672,"href":"https:\/\/abrelivros.org.br\/site\/wp-json\/wp\/v2\/posts\/12671\/revisions\/12672"}],"wp:attachment":[{"href":"https:\/\/abrelivros.org.br\/site\/wp-json\/wp\/v2\/media?parent=12671"}],"wp:term":[{"taxonomy":"category","embeddable":true,"href":"https:\/\/abrelivros.org.br\/site\/wp-json\/wp\/v2\/categories?post=12671"},{"taxonomy":"post_tag","embeddable":true,"href":"https:\/\/abrelivros.org.br\/site\/wp-json\/wp\/v2\/tags?post=12671"}],"curies":[{"name":"wp","href":"https:\/\/api.w.org\/{rel}","templated":true}]}}