{"id":12669,"date":"2020-12-03T15:12:06","date_gmt":"2020-12-03T18:12:06","guid":{"rendered":"https:\/\/abrelivros.org.br\/site\/?p=12669"},"modified":"2020-12-03T15:12:06","modified_gmt":"2020-12-03T18:12:06","slug":"apesar-do-avanco-da-covid-bolsonaro-diz-querer-volta-as-aulas-presenciais","status":"publish","type":"post","link":"https:\/\/abrelivros.org.br\/site\/apesar-do-avanco-da-covid-bolsonaro-diz-querer-volta-as-aulas-presenciais\/","title":{"rendered":"Apesar do avan\u00e7o da covid, Bolsonaro diz querer volta \u00e0s aulas presenciais"},"content":{"rendered":"<p>Apesar do<a href=\"https:\/\/noticias.uol.com.br\/saude\/ultimas-noticias\/redacao\/2020\/12\/02\/covid-19-coronavirus-mortes-casos-02-de-dezembro.htm\" target=\"_blank\" rel=\"noopener noreferrer\"> crescimento de casos de covid-19<\/a>, o presidente <a href=\"https:\/\/noticias.uol.com.br\/politica\/governo-bolsonaro\/\" target=\"_blank\" rel=\"noopener noreferrer\">Jair Bolsonaro<\/a> (sem partido) disse desejar o retorno das aulas presenciais em todos os n\u00edveis de ensino. Em conversa com apoiadores ao retornar ao Pal\u00e1cio da Alvorada, nesta quarta-feira (2) o chefe do Executivo criticou a resist\u00eancia de reitores \u00e0 retomada.<!--more--><\/p>\n<p>&#8220;Estamos tentando a volta \u00e0s aulas. Conversei agora com o ministro da Educa\u00e7\u00e3o. Queremos voltar \u00e0s aulas presenciais em todos os n\u00edveis, mas os reitores agora chegaram nele&#8230; &#8216;n\u00e3o, queremos s\u00f3 come\u00e7ar em 2022&#8217;. A\u00ed, no meu entender, n\u00e3o tem cabimento&#8221;, disse o presidente.<\/p>\n<p>A manifesta\u00e7\u00e3o de Bolsonaro ocorre no mesmo dia em que o Minist\u00e9rio da Educa\u00e7\u00e3o publicou, e foi pressionado a revogar, <a href=\"https:\/\/educacao.uol.com.br\/noticias\/2020\/12\/02\/mec-determina-volta-as-aulas-presenciais-a-partir-de-janeiro.htm\" target=\"_blank\" rel=\"noopener noreferrer\">portaria que recomendava a retomada das aulas presenciais<\/a> nas institui\u00e7\u00f5es de ensino superior a partir de 4 de janeiro.<\/p>\n<p>A preocupa\u00e7\u00e3o com a nova escalada de contamina\u00e7\u00f5es pelo <a href=\"https:\/\/www.uol.com.br\/vivabem\/noticias\/redacao\/2020\/01\/25\/tire-suas-principais-duvidas-sobre-o-coronavirus-que-se-espalha-pelo-mundo.htm\" target=\"_blank\" rel=\"noopener noreferrer\">coronav\u00edrus<\/a> tem feito estados e institui\u00e7\u00f5es adotarem cautela para restabelecer rotinas. Na cidade de S\u00e3o Paulo est\u00e3o autorizadas aulas apenas para o Ensino M\u00e9dio, e grupos de pais se mobilizam para pedir o retorno presencial ainda este ano.<\/p>\n<p>Como mostrou o Estad\u00e3o, a portaria do MEC poderia ser judicializada porque universidades t\u00eam autonomia e existe previs\u00e3o legal para que governos regionais tomem decis\u00f5es de car\u00e1ter sanit\u00e1rio.<\/p>\n<p>A repercuss\u00e3o negativa da portaria do ministro Milton Ribeiro, entre institui\u00e7\u00f5es e especialistas que disseram que a medida era inconstitucional, acabou fazendo o governo voltar atr\u00e1s.<\/p>\n<p><strong>Mour\u00e3o<\/strong><\/p>\n<p>No di\u00e1logo com apoiadores, Bolsonaro, sem m\u00e1scara, tamb\u00e9m comentou a decis\u00e3o da Aneel (Ag\u00eancia Nacional de Energia) de <a href=\"https:\/\/economia.uol.com.br\/noticias\/redacao\/2020\/11\/30\/conta-de-luz-voltara-a-ter-cobranca-de-taxa-extra-em-dezembro-decide-aneel.htm\" target=\"_blank\" rel=\"noopener noreferrer\">adotar a bandeira vermelha na tarifa de luz a partir deste m\u00eas<\/a>.<\/p>\n<p>O presidente reafirmou que a medida \u00e9 necess\u00e1ria, para evitar apag\u00f5es e racionamento. Disse, ainda, que ordenou \u00e0 equipe do Alvorada a ado\u00e7\u00e3o de medidas para redu\u00e7\u00e3o do gasto com energia a partir do m\u00eas seguinte.<\/p>\n<p>Ao fazer o coment\u00e1rio, disse que as medidas poderiam gerar problemas de seguran\u00e7a e concluiu sugerindo, em tom de brincadeira, que a guarda oficial prefere ele ao vice, Hamilton Mour\u00e3o.<\/p>\n<p>&#8220;Eu quero a conta de luz do m\u00eas que vem menor do que essa. N\u00e3o sou eu que pago. \u00c9 o cart\u00e3o corporativo. Quantas pessoas comem aqui todo dia? Mais de 150 pessoas. E tem que ter seguran\u00e7a. Com todo o respeito ao pessoal que est\u00e1 aqui, n\u00e3o existe seguran\u00e7a perfeita. Pode acontecer um problema um dia a\u00ed. E eles me protegem porque preferem eu (sic) do que o vice&#8221;, declarou, rindo.<\/p>\n","protected":false},"excerpt":{"rendered":"<p>Apesar do crescimento de casos de covid-19, o presidente Jair Bolsonaro (sem partido) disse desejar o retorno das aulas presenciais em todos os n\u00edveis de ensino. Em conversa com apoiadores ao retornar ao Pal\u00e1cio da Alvorada, nesta quarta-feira (2) o chefe do Executivo criticou a resist\u00eancia de reitores \u00e0 retomada.<\/p>\n","protected":false},"author":4,"featured_media":0,"comment_status":"closed","ping_status":"closed","sticky":false,"template":"","format":"standard","meta":{"footnotes":"","_links_to":"","_links_to_target":""},"categories":[9],"tags":[],"class_list":["post-12669","post","type-post","status-publish","format-standard","hentry","category-noticias-da-imprensa"],"yoast_head":"<!-- This site is optimized with the Yoast SEO plugin v15.1 - https:\/\/yoast.com\/wordpress\/plugins\/seo\/ -->\n<title>Apesar do avan\u00e7o da covid, Bolsonaro diz querer volta \u00e0s aulas presenciais &raquo; Abrelivros<\/title>\n<meta name=\"robots\" content=\"index, follow, max-snippet:-1, max-image-preview:large, max-video-preview:-1\" \/>\n<link rel=\"canonical\" href=\"https:\/\/abrelivros.org.br\/site\/apesar-do-avanco-da-covid-bolsonaro-diz-querer-volta-as-aulas-presenciais\/\" \/>\n<meta property=\"og:locale\" content=\"pt_BR\" \/>\n<meta property=\"og:type\" content=\"article\" \/>\n<meta property=\"og:title\" content=\"Apesar do avan\u00e7o da covid, Bolsonaro diz querer volta \u00e0s aulas presenciais &raquo; Abrelivros\" \/>\n<meta property=\"og:description\" content=\"Apesar do crescimento de casos de covid-19, o presidente Jair Bolsonaro (sem partido) disse desejar o retorno das aulas presenciais em todos os n\u00edveis de ensino. Em conversa com apoiadores ao retornar ao Pal\u00e1cio da Alvorada, nesta quarta-feira (2) o chefe do Executivo criticou a resist\u00eancia de reitores \u00e0 retomada.\" \/>\n<meta property=\"og:url\" content=\"https:\/\/abrelivros.org.br\/site\/apesar-do-avanco-da-covid-bolsonaro-diz-querer-volta-as-aulas-presenciais\/\" \/>\n<meta property=\"og:site_name\" content=\"Abrelivros\" \/>\n<meta property=\"article:published_time\" content=\"2020-12-03T18:12:06+00:00\" \/>\n<meta name=\"twitter:card\" content=\"summary_large_image\" \/>\n<script type=\"application\/ld+json\" class=\"yoast-schema-graph\">{\"@context\":\"https:\/\/schema.org\",\"@graph\":[{\"@type\":\"WebSite\",\"@id\":\"https:\/\/abrelivros.org.br\/site\/#website\",\"url\":\"https:\/\/abrelivros.org.br\/site\/\",\"name\":\"Abrelivros\",\"description\":\"\",\"potentialAction\":[{\"@type\":\"SearchAction\",\"target\":\"https:\/\/abrelivros.org.br\/site\/?s={search_term_string}\",\"query-input\":\"required name=search_term_string\"}],\"inLanguage\":\"pt-BR\"},{\"@type\":\"WebPage\",\"@id\":\"https:\/\/abrelivros.org.br\/site\/apesar-do-avanco-da-covid-bolsonaro-diz-querer-volta-as-aulas-presenciais\/#webpage\",\"url\":\"https:\/\/abrelivros.org.br\/site\/apesar-do-avanco-da-covid-bolsonaro-diz-querer-volta-as-aulas-presenciais\/\",\"name\":\"Apesar do avan\\u00e7o da covid, Bolsonaro diz querer volta \\u00e0s aulas presenciais &raquo; Abrelivros\",\"isPartOf\":{\"@id\":\"https:\/\/abrelivros.org.br\/site\/#website\"},\"datePublished\":\"2020-12-03T18:12:06+00:00\",\"dateModified\":\"2020-12-03T18:12:06+00:00\",\"author\":{\"@id\":\"https:\/\/abrelivros.org.br\/site\/#\/schema\/person\/65db80e26409802ce15ac5feec6a15fd\"},\"breadcrumb\":{\"@id\":\"https:\/\/abrelivros.org.br\/site\/apesar-do-avanco-da-covid-bolsonaro-diz-querer-volta-as-aulas-presenciais\/#breadcrumb\"},\"inLanguage\":\"pt-BR\",\"potentialAction\":[{\"@type\":\"ReadAction\",\"target\":[\"https:\/\/abrelivros.org.br\/site\/apesar-do-avanco-da-covid-bolsonaro-diz-querer-volta-as-aulas-presenciais\/\"]}]},{\"@type\":\"BreadcrumbList\",\"@id\":\"https:\/\/abrelivros.org.br\/site\/apesar-do-avanco-da-covid-bolsonaro-diz-querer-volta-as-aulas-presenciais\/#breadcrumb\",\"itemListElement\":[{\"@type\":\"ListItem\",\"position\":1,\"item\":{\"@type\":\"WebPage\",\"@id\":\"https:\/\/abrelivros.org.br\/site\/\",\"url\":\"https:\/\/abrelivros.org.br\/site\/\",\"name\":\"In\\u00edcio\"}},{\"@type\":\"ListItem\",\"position\":2,\"item\":{\"@type\":\"WebPage\",\"@id\":\"https:\/\/abrelivros.org.br\/site\/category\/noticias\/\",\"url\":\"https:\/\/abrelivros.org.br\/site\/category\/noticias\/\",\"name\":\"Not\\u00edcias\"}},{\"@type\":\"ListItem\",\"position\":3,\"item\":{\"@type\":\"WebPage\",\"@id\":\"https:\/\/abrelivros.org.br\/site\/category\/noticias\/noticias-da-imprensa\/\",\"url\":\"https:\/\/abrelivros.org.br\/site\/category\/noticias\/noticias-da-imprensa\/\",\"name\":\"Not\\u00edcias da imprensa\"}},{\"@type\":\"ListItem\",\"position\":4,\"item\":{\"@type\":\"WebPage\",\"@id\":\"https:\/\/abrelivros.org.br\/site\/apesar-do-avanco-da-covid-bolsonaro-diz-querer-volta-as-aulas-presenciais\/\",\"url\":\"https:\/\/abrelivros.org.br\/site\/apesar-do-avanco-da-covid-bolsonaro-diz-querer-volta-as-aulas-presenciais\/\",\"name\":\"Apesar do avan\\u00e7o da covid, Bolsonaro diz querer volta \\u00e0s aulas presenciais\"}}]},{\"@type\":\"Person\",\"@id\":\"https:\/\/abrelivros.org.br\/site\/#\/schema\/person\/65db80e26409802ce15ac5feec6a15fd\",\"name\":\"Reda\\u00e7\\u00e3o Abrelivros\",\"image\":{\"@type\":\"ImageObject\",\"@id\":\"https:\/\/abrelivros.org.br\/site\/#personlogo\",\"inLanguage\":\"pt-BR\",\"url\":\"https:\/\/secure.gravatar.com\/avatar\/c4e57f9c7e3482965bd428192061218520756c39080b1d1820b679fa5e9af192?s=96&d=mm&r=g\",\"caption\":\"Reda\\u00e7\\u00e3o Abrelivros\"}}]}<\/script>\n<!-- \/ Yoast SEO plugin. -->","_links":{"self":[{"href":"https:\/\/abrelivros.org.br\/site\/wp-json\/wp\/v2\/posts\/12669","targetHints":{"allow":["GET"]}}],"collection":[{"href":"https:\/\/abrelivros.org.br\/site\/wp-json\/wp\/v2\/posts"}],"about":[{"href":"https:\/\/abrelivros.org.br\/site\/wp-json\/wp\/v2\/types\/post"}],"author":[{"embeddable":true,"href":"https:\/\/abrelivros.org.br\/site\/wp-json\/wp\/v2\/users\/4"}],"replies":[{"embeddable":true,"href":"https:\/\/abrelivros.org.br\/site\/wp-json\/wp\/v2\/comments?post=12669"}],"version-history":[{"count":1,"href":"https:\/\/abrelivros.org.br\/site\/wp-json\/wp\/v2\/posts\/12669\/revisions"}],"predecessor-version":[{"id":12670,"href":"https:\/\/abrelivros.org.br\/site\/wp-json\/wp\/v2\/posts\/12669\/revisions\/12670"}],"wp:attachment":[{"href":"https:\/\/abrelivros.org.br\/site\/wp-json\/wp\/v2\/media?parent=12669"}],"wp:term":[{"taxonomy":"category","embeddable":true,"href":"https:\/\/abrelivros.org.br\/site\/wp-json\/wp\/v2\/categories?post=12669"},{"taxonomy":"post_tag","embeddable":true,"href":"https:\/\/abrelivros.org.br\/site\/wp-json\/wp\/v2\/tags?post=12669"}],"curies":[{"name":"wp","href":"https:\/\/api.w.org\/{rel}","templated":true}]}}