{"id":12667,"date":"2020-12-03T15:07:16","date_gmt":"2020-12-03T18:07:16","guid":{"rendered":"https:\/\/abrelivros.org.br\/site\/?p=12667"},"modified":"2020-12-03T15:07:16","modified_gmt":"2020-12-03T18:07:16","slug":"professora-brasileira-concorre-ao-nobel-da-educacao","status":"publish","type":"post","link":"https:\/\/abrelivros.org.br\/site\/professora-brasileira-concorre-ao-nobel-da-educacao\/","title":{"rendered":"Professora brasileira concorre ao &#8220;Nobel&#8221; da Educa\u00e7\u00e3o"},"content":{"rendered":"<p>A professora da rede p\u00fablica de S\u00e3o Paulo, <a href=\"https:\/\/noticias.r7.com\/educacao\/ensino-em-libras-e-portugues-coloca-brasileira-no-nobel-da-educacao-11112020\" target=\"_blank\" rel=\"noopener noreferrer\">Doani Bertan<\/a>, concorre nesta quinta-feira (3) ao Global Teacher Prize, <a href=\"https:\/\/noticias.r7.com\/educacao\/brasileira-e-finalista-de-premio-internacional-com-aulas-para-surdos-13052020\" target=\"_blank\" rel=\"noopener noreferrer\">pr\u00eamio que reconhece as iniciativas inovadoras na Educa\u00e7\u00e3o<\/a>, organizado pela Varkey Foundation em parceria com a Unesco. O vencedor receber\u00e1 US$ 1 milh\u00e3o.<!--more--><\/p>\n<p>Doani, que j\u00e1 est\u00e1 entre os dez melhores professores do mundo, d\u00e1 aula para alunos surdos e ouvintes do terceiro ano do ensino fundamental de uma escola em Campinas, interior de S\u00e3o Paulo. Suas aulas s\u00e3o bil\u00edngues \u2014 ela utiliza Libras (Linguagem Brasileira de Sinais) e mesmo os alunos ouvintes aprendem a se comunicar por sinais.<\/p>\n<p>Neste per\u00edodo de isolamento social e aulas remotas imposto pela <a href=\"https:\/\/noticias.r7.com\/saude\/coronavirus\" target=\"_blank\" rel=\"noopener noreferrer\">pandemia de covid-19<\/a>, a professora precisou criar estrat\u00e9gias para ajudar seus alunos, principalmente os surdos. Ela decidiu gravar v\u00eddeos para tirar as d\u00favidas e enviava via Whatsapp.<\/p>\n<p>Para facilitar as explica\u00e7\u00f5es, Doani elaborou roteiros para videoaulas em Libras e disponibilizou no Youtube. Uma forma de levar o conte\u00fado da sala de aula de forma clara para os seus alunos, mas tamb\u00e9m para atingir outras crian\u00e7as.<\/p>\n<p>A professora apresenta o conte\u00fado falando em portugu\u00eas e em Libras, com imagens ao fundo. Uma forma de todos entenderem e tamb\u00e9m dos ouvintes ampliarem o vocabul\u00e1rio em sinais, incluindo a todos.<\/p>\n<p>Al\u00e9m da brasileira, tamb\u00e9m concorrem ao Pr\u00eamio<a href=\"https:\/\/www.globalteacherprize.org\/finalists\/2020-finalists\" target=\"_blank\" rel=\"noopener noreferrer\"> dez professores<\/a> de diferentes nacionalidades.<\/p>\n","protected":false},"excerpt":{"rendered":"<p>A professora da rede p\u00fablica de S\u00e3o Paulo, Doani Bertan, concorre nesta quinta-feira (3) ao Global Teacher Prize, pr\u00eamio que reconhece as iniciativas inovadoras na Educa\u00e7\u00e3o, organizado pela Varkey Foundation em parceria com a Unesco. O vencedor receber\u00e1 US$ 1 milh\u00e3o.<\/p>\n","protected":false},"author":4,"featured_media":0,"comment_status":"closed","ping_status":"closed","sticky":false,"template":"","format":"standard","meta":{"footnotes":"","_links_to":"","_links_to_target":""},"categories":[9],"tags":[],"class_list":["post-12667","post","type-post","status-publish","format-standard","hentry","category-noticias-da-imprensa"],"yoast_head":"<!-- This site is optimized with the Yoast SEO plugin v15.1 - https:\/\/yoast.com\/wordpress\/plugins\/seo\/ -->\n<title>Professora brasileira concorre ao &quot;Nobel&quot; da Educa\u00e7\u00e3o &raquo; Abrelivros<\/title>\n<meta name=\"robots\" content=\"index, follow, max-snippet:-1, max-image-preview:large, max-video-preview:-1\" \/>\n<link rel=\"canonical\" href=\"https:\/\/abrelivros.org.br\/site\/professora-brasileira-concorre-ao-nobel-da-educacao\/\" \/>\n<meta property=\"og:locale\" content=\"pt_BR\" \/>\n<meta property=\"og:type\" content=\"article\" \/>\n<meta property=\"og:title\" content=\"Professora brasileira concorre ao &quot;Nobel&quot; da Educa\u00e7\u00e3o &raquo; Abrelivros\" \/>\n<meta property=\"og:description\" content=\"A professora da rede p\u00fablica de S\u00e3o Paulo, Doani Bertan, concorre nesta quinta-feira (3) ao Global Teacher Prize, pr\u00eamio que reconhece as iniciativas inovadoras na Educa\u00e7\u00e3o, organizado pela Varkey Foundation em parceria com a Unesco. O vencedor receber\u00e1 US$ 1 milh\u00e3o.\" \/>\n<meta property=\"og:url\" content=\"https:\/\/abrelivros.org.br\/site\/professora-brasileira-concorre-ao-nobel-da-educacao\/\" \/>\n<meta property=\"og:site_name\" content=\"Abrelivros\" \/>\n<meta property=\"article:published_time\" content=\"2020-12-03T18:07:16+00:00\" \/>\n<meta name=\"twitter:card\" content=\"summary_large_image\" \/>\n<script type=\"application\/ld+json\" class=\"yoast-schema-graph\">{\"@context\":\"https:\/\/schema.org\",\"@graph\":[{\"@type\":\"WebSite\",\"@id\":\"https:\/\/abrelivros.org.br\/site\/#website\",\"url\":\"https:\/\/abrelivros.org.br\/site\/\",\"name\":\"Abrelivros\",\"description\":\"\",\"potentialAction\":[{\"@type\":\"SearchAction\",\"target\":\"https:\/\/abrelivros.org.br\/site\/?s={search_term_string}\",\"query-input\":\"required name=search_term_string\"}],\"inLanguage\":\"pt-BR\"},{\"@type\":\"WebPage\",\"@id\":\"https:\/\/abrelivros.org.br\/site\/professora-brasileira-concorre-ao-nobel-da-educacao\/#webpage\",\"url\":\"https:\/\/abrelivros.org.br\/site\/professora-brasileira-concorre-ao-nobel-da-educacao\/\",\"name\":\"Professora brasileira concorre ao \\\"Nobel\\\" da Educa\\u00e7\\u00e3o &raquo; Abrelivros\",\"isPartOf\":{\"@id\":\"https:\/\/abrelivros.org.br\/site\/#website\"},\"datePublished\":\"2020-12-03T18:07:16+00:00\",\"dateModified\":\"2020-12-03T18:07:16+00:00\",\"author\":{\"@id\":\"https:\/\/abrelivros.org.br\/site\/#\/schema\/person\/65db80e26409802ce15ac5feec6a15fd\"},\"breadcrumb\":{\"@id\":\"https:\/\/abrelivros.org.br\/site\/professora-brasileira-concorre-ao-nobel-da-educacao\/#breadcrumb\"},\"inLanguage\":\"pt-BR\",\"potentialAction\":[{\"@type\":\"ReadAction\",\"target\":[\"https:\/\/abrelivros.org.br\/site\/professora-brasileira-concorre-ao-nobel-da-educacao\/\"]}]},{\"@type\":\"BreadcrumbList\",\"@id\":\"https:\/\/abrelivros.org.br\/site\/professora-brasileira-concorre-ao-nobel-da-educacao\/#breadcrumb\",\"itemListElement\":[{\"@type\":\"ListItem\",\"position\":1,\"item\":{\"@type\":\"WebPage\",\"@id\":\"https:\/\/abrelivros.org.br\/site\/\",\"url\":\"https:\/\/abrelivros.org.br\/site\/\",\"name\":\"In\\u00edcio\"}},{\"@type\":\"ListItem\",\"position\":2,\"item\":{\"@type\":\"WebPage\",\"@id\":\"https:\/\/abrelivros.org.br\/site\/category\/noticias\/\",\"url\":\"https:\/\/abrelivros.org.br\/site\/category\/noticias\/\",\"name\":\"Not\\u00edcias\"}},{\"@type\":\"ListItem\",\"position\":3,\"item\":{\"@type\":\"WebPage\",\"@id\":\"https:\/\/abrelivros.org.br\/site\/category\/noticias\/noticias-da-imprensa\/\",\"url\":\"https:\/\/abrelivros.org.br\/site\/category\/noticias\/noticias-da-imprensa\/\",\"name\":\"Not\\u00edcias da imprensa\"}},{\"@type\":\"ListItem\",\"position\":4,\"item\":{\"@type\":\"WebPage\",\"@id\":\"https:\/\/abrelivros.org.br\/site\/professora-brasileira-concorre-ao-nobel-da-educacao\/\",\"url\":\"https:\/\/abrelivros.org.br\/site\/professora-brasileira-concorre-ao-nobel-da-educacao\/\",\"name\":\"Professora brasileira concorre ao &#8220;Nobel&#8221; da Educa\\u00e7\\u00e3o\"}}]},{\"@type\":\"Person\",\"@id\":\"https:\/\/abrelivros.org.br\/site\/#\/schema\/person\/65db80e26409802ce15ac5feec6a15fd\",\"name\":\"Reda\\u00e7\\u00e3o Abrelivros\",\"image\":{\"@type\":\"ImageObject\",\"@id\":\"https:\/\/abrelivros.org.br\/site\/#personlogo\",\"inLanguage\":\"pt-BR\",\"url\":\"https:\/\/secure.gravatar.com\/avatar\/c4e57f9c7e3482965bd428192061218520756c39080b1d1820b679fa5e9af192?s=96&d=mm&r=g\",\"caption\":\"Reda\\u00e7\\u00e3o Abrelivros\"}}]}<\/script>\n<!-- \/ Yoast SEO plugin. -->","_links":{"self":[{"href":"https:\/\/abrelivros.org.br\/site\/wp-json\/wp\/v2\/posts\/12667","targetHints":{"allow":["GET"]}}],"collection":[{"href":"https:\/\/abrelivros.org.br\/site\/wp-json\/wp\/v2\/posts"}],"about":[{"href":"https:\/\/abrelivros.org.br\/site\/wp-json\/wp\/v2\/types\/post"}],"author":[{"embeddable":true,"href":"https:\/\/abrelivros.org.br\/site\/wp-json\/wp\/v2\/users\/4"}],"replies":[{"embeddable":true,"href":"https:\/\/abrelivros.org.br\/site\/wp-json\/wp\/v2\/comments?post=12667"}],"version-history":[{"count":1,"href":"https:\/\/abrelivros.org.br\/site\/wp-json\/wp\/v2\/posts\/12667\/revisions"}],"predecessor-version":[{"id":12668,"href":"https:\/\/abrelivros.org.br\/site\/wp-json\/wp\/v2\/posts\/12667\/revisions\/12668"}],"wp:attachment":[{"href":"https:\/\/abrelivros.org.br\/site\/wp-json\/wp\/v2\/media?parent=12667"}],"wp:term":[{"taxonomy":"category","embeddable":true,"href":"https:\/\/abrelivros.org.br\/site\/wp-json\/wp\/v2\/categories?post=12667"},{"taxonomy":"post_tag","embeddable":true,"href":"https:\/\/abrelivros.org.br\/site\/wp-json\/wp\/v2\/tags?post=12667"}],"curies":[{"name":"wp","href":"https:\/\/api.w.org\/{rel}","templated":true}]}}