{"id":12665,"date":"2020-12-03T14:52:57","date_gmt":"2020-12-03T17:52:57","guid":{"rendered":"https:\/\/abrelivros.org.br\/site\/?p=12665"},"modified":"2020-12-03T14:52:57","modified_gmt":"2020-12-03T17:52:57","slug":"contra-evasao-escolar-governo-de-sp-lanca-campanha-com-influenciadores","status":"publish","type":"post","link":"https:\/\/abrelivros.org.br\/site\/contra-evasao-escolar-governo-de-sp-lanca-campanha-com-influenciadores\/","title":{"rendered":"Contra evas\u00e3o escolar, governo de SP lan\u00e7a campanha com influenciadores"},"content":{"rendered":"<p>Ap\u00f3s seis meses com todas as escolas da rede estadual fechadas, o governo de S\u00e3o Paulo lan\u00e7ou nesta quarta-feira (2) uma campanha com influenciadores para incentivar os alunos a assistirem as aulas remotas ou voltarem \u00e0s unidades que reabriram.<!--more--><\/p>\n<p>No pr\u00f3ximo ano, o governo tamb\u00e9m quer dar uma bolsa de estudos para alunos de baixa renda. Uma das avalia\u00e7\u00f5es \u00e9 de que parte dos estudantes pode n\u00e3o regressar \u00e0s escolas por terem come\u00e7ado a <a href=\"https:\/\/www1.folha.uol.com.br\/educacao\/2020\/06\/negros-sao-717-dos-jovens-que-abandonam-a-escola-no-brasil.shtml\" target=\"_blank\" rel=\"noopener noreferrer\">trabalhar durante a pandemia<\/a> para ajudar em casa. Por isso, o incentivo financeiro seria importante.<\/p>\n<p>O <a href=\"https:\/\/www1.folha.uol.com.br\/educacao\/2020\/08\/estado-de-sao-paulo-muda-curriculo-do-ensino-medio-e-tenta-evitar-evasao.shtml\" target=\"_blank\" rel=\"noopener noreferrer\">aumento do abandono escolar<\/a> \u00e9 um dos efeitos mais temidos da pandemia por gestores educacionais e especialistas da \u00e1rea.<\/p>\n<p>At\u00e9 o in\u00edcio de novembro, <a href=\"https:\/\/www1.folha.uol.com.br\/educacao\/2020\/11\/em-sp-500-mil-alunos-nao-fizeram-nenhuma-atividade-letiva-durante-a-pandemia.shtml\" target=\"_blank\" rel=\"noopener noreferrer\">500 mil alunos da rede estadual n\u00e3o entregaram nenhuma atividade<\/a> letiva neste ano \u2014cerca de 15% dos 3,5 milh\u00f5es de matriculados. Segundo Rossieli Soares, secret\u00e1rio de Educa\u00e7\u00e3o, as a\u00e7\u00f5es s\u00e3o para engajar esses estudantes a <a href=\"https:\/\/www1.folha.uol.com.br\/educacao\/2020\/08\/com-isolamento-prolongado-cresce-temor-de-pais-sobre-evasao-escolar-na-pandemia.shtml\" target=\"_blank\" rel=\"noopener noreferrer\">voltarem aos estudos<\/a>.<\/p>\n<p>Nesta quarta, a secretaria anunciou uma parceria com o <a href=\"https:\/\/www1.folha.uol.com.br\/ilustrada\/2018\/09\/proprietario-do-4o-canal-de-youtube-do-mundo-kondzilla-grava-serie-da-netflix.shtml\" target=\"_blank\" rel=\"noopener noreferrer\">produtor musical Kondzilla<\/a>, dono de um dos maiores canais no Youtube e respons\u00e1vel pelos videoclipes de maior sucesso do funk. Ele e outros influenciadores v\u00e3o divulgar as atividades letivas em v\u00eddeos curtos no TikTok, rede social com muitos usu\u00e1rios jovens.<\/p>\n<p>&#8220;Precisamos falar com os jovens, mostrar para eles a import\u00e2ncia de continuar estudando. Uma coisa sou eu, Rossieli, dizendo que o estudo \u00e9 importante. Outra \u00e9 o jovem ouvir isso do Esdras [influenciador com mais de 400 mil seguidores no Instagram]&#8221;, disse Soares.<\/p>\n<p>Para o pr\u00f3ximo ano, o governo de S\u00e3o Paulo tenta ainda recursos com o Banco Mundial para criar um programa que ir\u00e1 conceder bolsas mensais para 700 mil alunos de ensino fundamental e m\u00e9dio. O aux\u00edlio estudado \u00e9 de R$ 80.<\/p>\n<p>O projeto foi enviado \u00e0 Comiss\u00e3o de Financiamentos Externos (Cofiex) do Minist\u00e9rio da Economia, que faz a an\u00e1lise inicial dos projetos que concorrem a recursos de organismos internacionais.<\/p>\n<p>&#8220;Temos uma preocupa\u00e7\u00e3o muito grande com o jovem que ser\u00e1 for\u00e7ado a escolher entre ir para a escola ou ajudar a botar comida na mesa de sua fam\u00edlia. Isso nos assombra, nenhum jovem deveria ter essa escolha imposta. Cabe a n\u00f3s sociedade n\u00e3o admitir isso.&#8221;<\/p>\n<p>Para conter o abandono escolar neste ano, a secretaria tamb\u00e9m aprovou que haver\u00e1 progress\u00e3o continuada em todas as s\u00e9ries para estudantes que tiverem feito alguma atividade letiva. H\u00e1 uma for\u00e7a-tarefa da pasta para que, at\u00e9 o fim de 2020, se alcance o maior n\u00famero poss\u00edvel de alunos que n\u00e3o acompanharam as tarefas remotas.<\/p>\n<p>Com a reabertura parcial das escolas da rede estadual desde setembro, o secret\u00e1rio avalia que seja poss\u00edvel diminuir o n\u00famero de alunos que n\u00e3o fizeram nenhuma atividade.<\/p>\n<p>Soares tamb\u00e9m afirmou que defende manter as escolas abertas mesmo que o estado retroceda para fases mais restritivas do plano de conten\u00e7\u00e3o do coronav\u00edrus em consequ\u00eancia do aumento de casos de coronav\u00edrus, conforme adiantou a <strong>Folha<\/strong>.<\/p>\n<p>Nesta segunda (30), o governador Jo\u00e3o Doria (PSDB) anunciou que todas as regi\u00f5es do estado <a href=\"https:\/\/www1.folha.uol.com.br\/cotidiano\/2020\/11\/quarentena-recua-para-fase-amarela-em-sao-paulo-decide-doria-um-dia-apos-eleicao.shtml\" target=\"_blank\" rel=\"noopener noreferrer\">voltaram para a fase amarela<\/a> do plano, em que ainda \u00e9 permitido o funcionamento com atividades presenciais nas escolas.<\/p>\n<p>\u201cO mundo inteiro, mesmo com ondas maiores de casos, agora est\u00e1 dizendo que educa\u00e7\u00e3o \u00e9 essencial. Se depender de mim, escola tem de ser considerada servi\u00e7o essencial\u201d, disse o secret\u00e1rio.<\/p>\n","protected":false},"excerpt":{"rendered":"<p>Ap\u00f3s seis meses com todas as escolas da rede estadual fechadas, o governo de S\u00e3o Paulo lan\u00e7ou nesta quarta-feira (2) uma campanha com influenciadores para incentivar os alunos a assistirem as aulas remotas ou voltarem \u00e0s unidades que reabriram.<\/p>\n","protected":false},"author":4,"featured_media":0,"comment_status":"closed","ping_status":"closed","sticky":false,"template":"","format":"standard","meta":{"footnotes":"","_links_to":"","_links_to_target":""},"categories":[9],"tags":[],"class_list":["post-12665","post","type-post","status-publish","format-standard","hentry","category-noticias-da-imprensa"],"yoast_head":"<!-- This site is optimized with the Yoast SEO plugin v15.1 - https:\/\/yoast.com\/wordpress\/plugins\/seo\/ -->\n<title>Contra evas\u00e3o escolar, governo de SP lan\u00e7a campanha com influenciadores &raquo; Abrelivros<\/title>\n<meta name=\"robots\" content=\"index, follow, max-snippet:-1, max-image-preview:large, max-video-preview:-1\" \/>\n<link rel=\"canonical\" href=\"https:\/\/abrelivros.org.br\/site\/contra-evasao-escolar-governo-de-sp-lanca-campanha-com-influenciadores\/\" \/>\n<meta property=\"og:locale\" content=\"pt_BR\" \/>\n<meta property=\"og:type\" content=\"article\" \/>\n<meta property=\"og:title\" content=\"Contra evas\u00e3o escolar, governo de SP lan\u00e7a campanha com influenciadores &raquo; Abrelivros\" \/>\n<meta property=\"og:description\" content=\"Ap\u00f3s seis meses com todas as escolas da rede estadual fechadas, o governo de S\u00e3o Paulo lan\u00e7ou nesta quarta-feira (2) uma campanha com influenciadores para incentivar os alunos a assistirem as aulas remotas ou voltarem \u00e0s unidades que reabriram.\" \/>\n<meta property=\"og:url\" content=\"https:\/\/abrelivros.org.br\/site\/contra-evasao-escolar-governo-de-sp-lanca-campanha-com-influenciadores\/\" \/>\n<meta property=\"og:site_name\" content=\"Abrelivros\" \/>\n<meta property=\"article:published_time\" content=\"2020-12-03T17:52:57+00:00\" \/>\n<meta name=\"twitter:card\" content=\"summary_large_image\" \/>\n<script type=\"application\/ld+json\" class=\"yoast-schema-graph\">{\"@context\":\"https:\/\/schema.org\",\"@graph\":[{\"@type\":\"WebSite\",\"@id\":\"https:\/\/abrelivros.org.br\/site\/#website\",\"url\":\"https:\/\/abrelivros.org.br\/site\/\",\"name\":\"Abrelivros\",\"description\":\"\",\"potentialAction\":[{\"@type\":\"SearchAction\",\"target\":\"https:\/\/abrelivros.org.br\/site\/?s={search_term_string}\",\"query-input\":\"required name=search_term_string\"}],\"inLanguage\":\"pt-BR\"},{\"@type\":\"WebPage\",\"@id\":\"https:\/\/abrelivros.org.br\/site\/contra-evasao-escolar-governo-de-sp-lanca-campanha-com-influenciadores\/#webpage\",\"url\":\"https:\/\/abrelivros.org.br\/site\/contra-evasao-escolar-governo-de-sp-lanca-campanha-com-influenciadores\/\",\"name\":\"Contra evas\\u00e3o escolar, governo de SP lan\\u00e7a campanha com influenciadores &raquo; Abrelivros\",\"isPartOf\":{\"@id\":\"https:\/\/abrelivros.org.br\/site\/#website\"},\"datePublished\":\"2020-12-03T17:52:57+00:00\",\"dateModified\":\"2020-12-03T17:52:57+00:00\",\"author\":{\"@id\":\"https:\/\/abrelivros.org.br\/site\/#\/schema\/person\/65db80e26409802ce15ac5feec6a15fd\"},\"breadcrumb\":{\"@id\":\"https:\/\/abrelivros.org.br\/site\/contra-evasao-escolar-governo-de-sp-lanca-campanha-com-influenciadores\/#breadcrumb\"},\"inLanguage\":\"pt-BR\",\"potentialAction\":[{\"@type\":\"ReadAction\",\"target\":[\"https:\/\/abrelivros.org.br\/site\/contra-evasao-escolar-governo-de-sp-lanca-campanha-com-influenciadores\/\"]}]},{\"@type\":\"BreadcrumbList\",\"@id\":\"https:\/\/abrelivros.org.br\/site\/contra-evasao-escolar-governo-de-sp-lanca-campanha-com-influenciadores\/#breadcrumb\",\"itemListElement\":[{\"@type\":\"ListItem\",\"position\":1,\"item\":{\"@type\":\"WebPage\",\"@id\":\"https:\/\/abrelivros.org.br\/site\/\",\"url\":\"https:\/\/abrelivros.org.br\/site\/\",\"name\":\"In\\u00edcio\"}},{\"@type\":\"ListItem\",\"position\":2,\"item\":{\"@type\":\"WebPage\",\"@id\":\"https:\/\/abrelivros.org.br\/site\/category\/noticias\/\",\"url\":\"https:\/\/abrelivros.org.br\/site\/category\/noticias\/\",\"name\":\"Not\\u00edcias\"}},{\"@type\":\"ListItem\",\"position\":3,\"item\":{\"@type\":\"WebPage\",\"@id\":\"https:\/\/abrelivros.org.br\/site\/category\/noticias\/noticias-da-imprensa\/\",\"url\":\"https:\/\/abrelivros.org.br\/site\/category\/noticias\/noticias-da-imprensa\/\",\"name\":\"Not\\u00edcias da imprensa\"}},{\"@type\":\"ListItem\",\"position\":4,\"item\":{\"@type\":\"WebPage\",\"@id\":\"https:\/\/abrelivros.org.br\/site\/contra-evasao-escolar-governo-de-sp-lanca-campanha-com-influenciadores\/\",\"url\":\"https:\/\/abrelivros.org.br\/site\/contra-evasao-escolar-governo-de-sp-lanca-campanha-com-influenciadores\/\",\"name\":\"Contra evas\\u00e3o escolar, governo de SP lan\\u00e7a campanha com influenciadores\"}}]},{\"@type\":\"Person\",\"@id\":\"https:\/\/abrelivros.org.br\/site\/#\/schema\/person\/65db80e26409802ce15ac5feec6a15fd\",\"name\":\"Reda\\u00e7\\u00e3o Abrelivros\",\"image\":{\"@type\":\"ImageObject\",\"@id\":\"https:\/\/abrelivros.org.br\/site\/#personlogo\",\"inLanguage\":\"pt-BR\",\"url\":\"https:\/\/secure.gravatar.com\/avatar\/c4e57f9c7e3482965bd428192061218520756c39080b1d1820b679fa5e9af192?s=96&d=mm&r=g\",\"caption\":\"Reda\\u00e7\\u00e3o Abrelivros\"}}]}<\/script>\n<!-- \/ Yoast SEO plugin. -->","_links":{"self":[{"href":"https:\/\/abrelivros.org.br\/site\/wp-json\/wp\/v2\/posts\/12665","targetHints":{"allow":["GET"]}}],"collection":[{"href":"https:\/\/abrelivros.org.br\/site\/wp-json\/wp\/v2\/posts"}],"about":[{"href":"https:\/\/abrelivros.org.br\/site\/wp-json\/wp\/v2\/types\/post"}],"author":[{"embeddable":true,"href":"https:\/\/abrelivros.org.br\/site\/wp-json\/wp\/v2\/users\/4"}],"replies":[{"embeddable":true,"href":"https:\/\/abrelivros.org.br\/site\/wp-json\/wp\/v2\/comments?post=12665"}],"version-history":[{"count":1,"href":"https:\/\/abrelivros.org.br\/site\/wp-json\/wp\/v2\/posts\/12665\/revisions"}],"predecessor-version":[{"id":12666,"href":"https:\/\/abrelivros.org.br\/site\/wp-json\/wp\/v2\/posts\/12665\/revisions\/12666"}],"wp:attachment":[{"href":"https:\/\/abrelivros.org.br\/site\/wp-json\/wp\/v2\/media?parent=12665"}],"wp:term":[{"taxonomy":"category","embeddable":true,"href":"https:\/\/abrelivros.org.br\/site\/wp-json\/wp\/v2\/categories?post=12665"},{"taxonomy":"post_tag","embeddable":true,"href":"https:\/\/abrelivros.org.br\/site\/wp-json\/wp\/v2\/tags?post=12665"}],"curies":[{"name":"wp","href":"https:\/\/api.w.org\/{rel}","templated":true}]}}