{"id":12662,"date":"2020-12-03T14:26:41","date_gmt":"2020-12-03T17:26:41","guid":{"rendered":"https:\/\/abrelivros.org.br\/site\/?p=12662"},"modified":"2020-12-03T14:26:41","modified_gmt":"2020-12-03T17:26:41","slug":"reforma-tributaria-provoca-romaria-de-reitores-ao-mec","status":"publish","type":"post","link":"https:\/\/abrelivros.org.br\/site\/reforma-tributaria-provoca-romaria-de-reitores-ao-mec\/","title":{"rendered":"Reforma tribut\u00e1ria provoca romaria de reitores ao MEC"},"content":{"rendered":"<p>Os representantes de universidades privadas preencheram mais da metade da agenda de encontros com o ministro da Educa\u00e7\u00e3o, Milton Ribeiro, com dirigentes do ensino superior ao longos dos 4 primeiros meses dele \u00e0 frente do cargo.<!--more--><\/p>\n<p>Sua gest\u00e3o come\u00e7ou em 16 de julho \u2013mas ele ficou afastado quase 10 dias para tratar-se de covid-19\u2013 e at\u00e9 25 de novembro, foram 32 encontros com emiss\u00e1rios de empresas de ensino particular e 25 com representantes de universidades p\u00fablicas. Onze das reuni\u00f5es envolviam faculdades ligadas a institui\u00e7\u00f5es religiosas. Ribeiro \u00e9 pastor.<\/p>\n<p>Dos 3 ministros que passaram no Minist\u00e9rio da Educa\u00e7\u00e3o na gest\u00e3o de Jair Bolsonaro (sem partido), ele \u00e9 o \u00fanico que encontrou-se com mais representantes de institui\u00e7\u00f5es de ensino superior privadas do que p\u00fablicas. A compara\u00e7\u00e3o foi feita com os 4 primeiros meses de gest\u00e3o de cada ministro.<\/p>\n<p>O aumento de dirigentes de entidades particulares n\u00e3o foi \u00e0 toa. A pandemia e as propostas de reforma tribut\u00e1ria do governo preocupam as entidades, que passaram a se movimentar nos bastidores. O principal destino foi o MEC. Al\u00e9m da pasta, o Minist\u00e9rio da Economia, a Presid\u00eancia da Rep\u00fablica e parlamentares tamb\u00e9m est\u00e3o sendo procurados.<\/p>\n<p><strong>PAUTAS<\/strong><\/p>\n<p>Os dirigentes de entidades privadas s\u00e3o contra a reforma tribut\u00e1ria. Se aprovada, eles relatam que aumentar\u00e1 a tributa\u00e7\u00e3o do ensino superior para at\u00e9 12% por causa da CBS (Contribui\u00e7\u00e3o Social sobre Opera\u00e7\u00f5es com Bens e Servi\u00e7os), que deve ser a substituta dos atuais Pis e Cofins. Atualmente pagam, em m\u00e9dia, 3,75%.<\/p>\n<p>Segundo o diretor-executivo da Abmes (Associa\u00e7\u00e3o Brasileira das Mantenedoras do Ensino Superior), S\u00f3lon Caldas, essa mudan\u00e7a, caso seja aplicada, ir\u00e1 tornar as mensalidades mais caras.<\/p>\n<p>Outro ponto \u00e9 o <a href=\"http:\/\/prouniportal.mec.gov.br\/\" target=\"_blank\" rel=\"noopener noreferrer\">Prouni<\/a>. A reforma altera a base de c\u00e1lculo e retira 2 impostos. Atualmente, contam IR, Contribui\u00e7\u00e3o Social, PIS e Cofins. Ficar\u00e3o apenas os 2 primeiros, j\u00e1 que os outros foram unificados e n\u00e3o foram inclu\u00eddos no c\u00e1lculo do programa. O temor \u00e9 que, somado \u00e0 crise financeira que atingiu o pa\u00eds, o n\u00famero de alunos caia. A isso, tamb\u00e9m h\u00e1 a expectativa de perda de alunos, decorrente de eventual aumento nas mensalidades.<\/p>\n<p>Os representantes tamb\u00e9m pedem a cria\u00e7\u00e3o do Fies emergencial. Em 2014, foram 730 mil estudantes. Em 2020, apenas 40.000. Com a crise, entidades temem fechar as portas.<\/p>\n<p>Tamb\u00e9m teve destaque nas reuni\u00f5es com o ministro o tema das aulas remotas. A <a href=\"https:\/\/www.in.gov.br\/en\/web\/dou\/-\/portaria-n-544-de-16-de-junho-de-2020-261924872\" target=\"_blank\" rel=\"noopener noreferrer\">portaria 544<\/a>, que permitiu a modalidade, vence em 31 de dezembro junto ao decreto da calamidade. Foi prorrogada. Mas os reitores pedem mais clareza sobre o processo. Na capta\u00e7\u00e3o de alunos, relatam, faculdades se dizem rendidas ao n\u00e3o ter como responder sobre como ser\u00e1 o procedimento em 2021.<\/p>\n<p>Faculdades e universidades interessadas em abrir as portas ou ampliar cursos t\u00eam ido com parlamentares ao encontro de Milton Ribeiro. Em 11 de novembro, Pastor Eurico (Patriotas-PE) encontrou o ministro com pessoas que pretendem abrir uma faculdade.<\/p>\n<p>Por \u00faltimo, pedem que a educa\u00e7\u00e3o seja transforma numa atividade essencial atividade essencial para poderem continuar funcionando.<\/p>\n<p>\u201cPor que levamos para o MEC? Porque precisamos do apoio dele para convencer o governo que essa reforma tribut\u00e1ria \u00e9 p\u00e9ssima para o setor, que desonera o governo em R$ 225 bilh\u00f5es\u201d, diz S\u00f3lon Caldas, que esteve com o ministro em 28 de agosto.<\/p>\n<p><strong>INSTITUI\u00c7\u00d5ES RELIGIOSAS<\/strong><\/p>\n<p>Foram basicamente 2 motivos que levaram ao aumento dos encontros com representantes. A origem de pastor do ministro e o fato de que aquelas que, al\u00e9m de confessionais, s\u00e3o filantr\u00f3picas, ter\u00e3o aumento na tributa\u00e7\u00e3o com a reforma tribut\u00e1ria. Hoje, as filantr\u00f3picas n\u00e3o pagam PIS e Cofins.<\/p>\n<p>\u201cCom a reforma, ter\u00e3o de pagar 12%\u201d, diz S\u00f3lon Caldas.<\/p>\n<p>Para o ex-ministro da Educa\u00e7\u00e3o Cristovam Buarque, Milton Ribeiro tem comportamento corporativo ao dedicar 20% da sua agenda de encontros a universidades confessionais.<\/p>\n<p>\u201cAcho que \u00e9 corporativismo de receber a sua turma. Voc\u00ea n\u00e3o \u00e9 ministro para continuar seu doutorado\u201d, disse ao referir-se \u00e0 tese de Ribeiro, que aborda o calvinismo na educa\u00e7\u00e3o brasileira.<\/p>\n<p><strong>INSTITUI\u00c7\u00d5ES P\u00daBLICAS<\/strong><\/p>\n<p>Por outro lado, o presidente do <a href=\"https:\/\/portal.conif.org.br\/br\/\" target=\"_blank\" rel=\"noopener noreferrer\">Conif<\/a> (Conselho Nacional das Institui\u00e7\u00f5es da Rede Federal de Educa\u00e7\u00e3o Profissional, Cient\u00edfica e Tecnol\u00f3gica), Jadir Pela, disse que n\u00e3o tem conseguido agenda com o ministro. Entre as pautas estaria entender o plano do governo sobre a educa\u00e7\u00e3o profissional, Or\u00e7amento e nomea\u00e7\u00e3o de reitores.<\/p>\n<p>Jadir explicou que quando o ministro assumiu houve uma reuni\u00e3o virtual. Naquele momento, foi solicitada uma agenda presencial, mas ainda n\u00e3o obteve retorno.<\/p>\n<p>\u201cFalou na conversa inicial que seria o ministro do di\u00e1logo, mas isso n\u00e3o tem acontecido. A impress\u00e3o \u00e9 de que as institui\u00e7\u00f5es p\u00fablicas n\u00e3o s\u00e3o prioridade. Estamos jogados \u00e0 pr\u00f3pria sorte\u201d, disse.<\/p>\n<p>O ex-ministro Ricardo V\u00e9lez Rodriguez, que teve a maior parte das suas agendas com representantes do ensino privado, contou ao <strong>Poder360<\/strong> que tinha como meta alterar a forma como os reitores s\u00e3o escolhidos nas institui\u00e7\u00f5es p\u00fablicas. Atualmente, a escolha \u00e9 resultado de uma lista tr\u00edplice de funcion\u00e1rios da entidade. Ele queria adotar modelo semelhante ao do ITA, que faz chamada p\u00fablica para o cargo.<\/p>\n<p>\u201cProcurei os reitores e parlamentares. Foram bastante receptivos. Minha ideia era que as universidades p\u00fablicas fizessem parte e melhorassem os locais onde est\u00e3o instaladas. Houve simpatia. Mas pelo jeito o processo parou\u201c, contou ao <strong>Poder360<\/strong>.<\/p>\n<p>O <a href=\"https:\/\/www.gov.br\/mec\/pt-br\" target=\"_blank\" rel=\"noopener noreferrer\">MEC<\/a> foi procurado com mais de 24 horas de anteced\u00eancia \u00e0 publica\u00e7\u00e3o destas informa\u00e7\u00f5es para dizer o que a pasta pretende fazer a respeito dos pedidos das entidades privadas. O <strong>Poder360<\/strong> n\u00e3o recebeu resposta.<\/p>\n","protected":false},"excerpt":{"rendered":"<p>Os representantes de universidades privadas preencheram mais da metade da agenda de encontros com o ministro da Educa\u00e7\u00e3o, Milton Ribeiro, com dirigentes do ensino superior ao longos dos 4 primeiros meses dele \u00e0 frente do cargo.<\/p>\n","protected":false},"author":4,"featured_media":0,"comment_status":"closed","ping_status":"closed","sticky":false,"template":"","format":"standard","meta":{"footnotes":"","_links_to":"","_links_to_target":""},"categories":[9],"tags":[],"class_list":["post-12662","post","type-post","status-publish","format-standard","hentry","category-noticias-da-imprensa"],"yoast_head":"<!-- This site is optimized with the Yoast SEO plugin v15.1 - https:\/\/yoast.com\/wordpress\/plugins\/seo\/ -->\n<title>Reforma tribut\u00e1ria provoca romaria de reitores ao MEC &raquo; Abrelivros<\/title>\n<meta name=\"robots\" content=\"index, follow, max-snippet:-1, max-image-preview:large, max-video-preview:-1\" \/>\n<link rel=\"canonical\" href=\"https:\/\/abrelivros.org.br\/site\/reforma-tributaria-provoca-romaria-de-reitores-ao-mec\/\" \/>\n<meta property=\"og:locale\" content=\"pt_BR\" \/>\n<meta property=\"og:type\" content=\"article\" \/>\n<meta property=\"og:title\" content=\"Reforma tribut\u00e1ria provoca romaria de reitores ao MEC &raquo; Abrelivros\" \/>\n<meta property=\"og:description\" content=\"Os representantes de universidades privadas preencheram mais da metade da agenda de encontros com o ministro da Educa\u00e7\u00e3o, Milton Ribeiro, com dirigentes do ensino superior ao longos dos 4 primeiros meses dele \u00e0 frente do cargo.\" \/>\n<meta property=\"og:url\" content=\"https:\/\/abrelivros.org.br\/site\/reforma-tributaria-provoca-romaria-de-reitores-ao-mec\/\" \/>\n<meta property=\"og:site_name\" content=\"Abrelivros\" \/>\n<meta property=\"article:published_time\" content=\"2020-12-03T17:26:41+00:00\" \/>\n<meta name=\"twitter:card\" content=\"summary_large_image\" \/>\n<script type=\"application\/ld+json\" class=\"yoast-schema-graph\">{\"@context\":\"https:\/\/schema.org\",\"@graph\":[{\"@type\":\"WebSite\",\"@id\":\"https:\/\/abrelivros.org.br\/site\/#website\",\"url\":\"https:\/\/abrelivros.org.br\/site\/\",\"name\":\"Abrelivros\",\"description\":\"\",\"potentialAction\":[{\"@type\":\"SearchAction\",\"target\":\"https:\/\/abrelivros.org.br\/site\/?s={search_term_string}\",\"query-input\":\"required name=search_term_string\"}],\"inLanguage\":\"pt-BR\"},{\"@type\":\"WebPage\",\"@id\":\"https:\/\/abrelivros.org.br\/site\/reforma-tributaria-provoca-romaria-de-reitores-ao-mec\/#webpage\",\"url\":\"https:\/\/abrelivros.org.br\/site\/reforma-tributaria-provoca-romaria-de-reitores-ao-mec\/\",\"name\":\"Reforma tribut\\u00e1ria provoca romaria de reitores ao MEC &raquo; Abrelivros\",\"isPartOf\":{\"@id\":\"https:\/\/abrelivros.org.br\/site\/#website\"},\"datePublished\":\"2020-12-03T17:26:41+00:00\",\"dateModified\":\"2020-12-03T17:26:41+00:00\",\"author\":{\"@id\":\"https:\/\/abrelivros.org.br\/site\/#\/schema\/person\/65db80e26409802ce15ac5feec6a15fd\"},\"breadcrumb\":{\"@id\":\"https:\/\/abrelivros.org.br\/site\/reforma-tributaria-provoca-romaria-de-reitores-ao-mec\/#breadcrumb\"},\"inLanguage\":\"pt-BR\",\"potentialAction\":[{\"@type\":\"ReadAction\",\"target\":[\"https:\/\/abrelivros.org.br\/site\/reforma-tributaria-provoca-romaria-de-reitores-ao-mec\/\"]}]},{\"@type\":\"BreadcrumbList\",\"@id\":\"https:\/\/abrelivros.org.br\/site\/reforma-tributaria-provoca-romaria-de-reitores-ao-mec\/#breadcrumb\",\"itemListElement\":[{\"@type\":\"ListItem\",\"position\":1,\"item\":{\"@type\":\"WebPage\",\"@id\":\"https:\/\/abrelivros.org.br\/site\/\",\"url\":\"https:\/\/abrelivros.org.br\/site\/\",\"name\":\"In\\u00edcio\"}},{\"@type\":\"ListItem\",\"position\":2,\"item\":{\"@type\":\"WebPage\",\"@id\":\"https:\/\/abrelivros.org.br\/site\/category\/noticias\/\",\"url\":\"https:\/\/abrelivros.org.br\/site\/category\/noticias\/\",\"name\":\"Not\\u00edcias\"}},{\"@type\":\"ListItem\",\"position\":3,\"item\":{\"@type\":\"WebPage\",\"@id\":\"https:\/\/abrelivros.org.br\/site\/category\/noticias\/noticias-da-imprensa\/\",\"url\":\"https:\/\/abrelivros.org.br\/site\/category\/noticias\/noticias-da-imprensa\/\",\"name\":\"Not\\u00edcias da imprensa\"}},{\"@type\":\"ListItem\",\"position\":4,\"item\":{\"@type\":\"WebPage\",\"@id\":\"https:\/\/abrelivros.org.br\/site\/reforma-tributaria-provoca-romaria-de-reitores-ao-mec\/\",\"url\":\"https:\/\/abrelivros.org.br\/site\/reforma-tributaria-provoca-romaria-de-reitores-ao-mec\/\",\"name\":\"Reforma tribut\\u00e1ria provoca romaria de reitores ao MEC\"}}]},{\"@type\":\"Person\",\"@id\":\"https:\/\/abrelivros.org.br\/site\/#\/schema\/person\/65db80e26409802ce15ac5feec6a15fd\",\"name\":\"Reda\\u00e7\\u00e3o Abrelivros\",\"image\":{\"@type\":\"ImageObject\",\"@id\":\"https:\/\/abrelivros.org.br\/site\/#personlogo\",\"inLanguage\":\"pt-BR\",\"url\":\"https:\/\/secure.gravatar.com\/avatar\/c4e57f9c7e3482965bd428192061218520756c39080b1d1820b679fa5e9af192?s=96&d=mm&r=g\",\"caption\":\"Reda\\u00e7\\u00e3o Abrelivros\"}}]}<\/script>\n<!-- \/ Yoast SEO plugin. -->","_links":{"self":[{"href":"https:\/\/abrelivros.org.br\/site\/wp-json\/wp\/v2\/posts\/12662","targetHints":{"allow":["GET"]}}],"collection":[{"href":"https:\/\/abrelivros.org.br\/site\/wp-json\/wp\/v2\/posts"}],"about":[{"href":"https:\/\/abrelivros.org.br\/site\/wp-json\/wp\/v2\/types\/post"}],"author":[{"embeddable":true,"href":"https:\/\/abrelivros.org.br\/site\/wp-json\/wp\/v2\/users\/4"}],"replies":[{"embeddable":true,"href":"https:\/\/abrelivros.org.br\/site\/wp-json\/wp\/v2\/comments?post=12662"}],"version-history":[{"count":1,"href":"https:\/\/abrelivros.org.br\/site\/wp-json\/wp\/v2\/posts\/12662\/revisions"}],"predecessor-version":[{"id":12663,"href":"https:\/\/abrelivros.org.br\/site\/wp-json\/wp\/v2\/posts\/12662\/revisions\/12663"}],"wp:attachment":[{"href":"https:\/\/abrelivros.org.br\/site\/wp-json\/wp\/v2\/media?parent=12662"}],"wp:term":[{"taxonomy":"category","embeddable":true,"href":"https:\/\/abrelivros.org.br\/site\/wp-json\/wp\/v2\/categories?post=12662"},{"taxonomy":"post_tag","embeddable":true,"href":"https:\/\/abrelivros.org.br\/site\/wp-json\/wp\/v2\/tags?post=12662"}],"curies":[{"name":"wp","href":"https:\/\/api.w.org\/{rel}","templated":true}]}}