{"id":12660,"date":"2020-12-03T14:08:37","date_gmt":"2020-12-03T17:08:37","guid":{"rendered":"https:\/\/abrelivros.org.br\/site\/?p=12660"},"modified":"2020-12-03T14:08:37","modified_gmt":"2020-12-03T17:08:37","slug":"curso-da-usp-apresenta-conceitos-atuais-de-astronomia-para-professores-do-ensino-medio","status":"publish","type":"post","link":"https:\/\/abrelivros.org.br\/site\/curso-da-usp-apresenta-conceitos-atuais-de-astronomia-para-professores-do-ensino-medio\/","title":{"rendered":"Curso da USP apresenta conceitos atuais de astronomia para professores do ensino m\u00e9dio"},"content":{"rendered":"<p>O Instituto de Astronomia, Geof\u00edsica e Ci\u00eancias Atmosf\u00e9ricas da USP abre inscri\u00e7\u00f5es para o tradicional <a href=\"https:\/\/www.iag.usp.br\/astronomia\/aem\" target=\"_blank\" rel=\"noopener noreferrer\">Curso de Astronomia para Professores do Ensino M\u00e9dio<\/a>. O curso de aperfei\u00e7oamento completou dez anos em 2020, mas no ano que vem ter\u00e1 um diferencial: todas as aulas e encontros ser\u00e3o virtuais. Para se inscrever, \u00e9 necess\u00e1rio preencher o<a href=\"https:\/\/www.eventos.iag.usp.br\/astronomia-para-docentes-do-ensino-medio\" target=\"_blank\" rel=\"noopener noreferrer\"> formul\u00e1rio on-line<\/a> e enviar os documentos exigidos. As inscri\u00e7\u00f5es est\u00e3o abertas at\u00e9 1\u00ba de fevereiro de 2021 e o in\u00edcio das aulas est\u00e1 previsto para 6 de mar\u00e7o, com dura\u00e7\u00e3o de nove meses, totalmente gratuito.<!--more--><\/p>\n<p>Este curso de aperfei\u00e7oamento tem o objetivo de fornecer a professores de F\u00edsica, Matem\u00e1tica e Qu\u00edmica do ensino m\u00e9dio um primeiro contato com as diversas \u00e1reas da astronomia, apresentadas atrav\u00e9s de um vi\u00e9s moderno e atual. Os t\u00f3picos s\u00e3o abordados com o intuito de familiarizar o docente do ensino m\u00e9dio com a linguagem e os conceitos da astronomia contempor\u00e2nea. S\u00e3o apresentadas, tamb\u00e9m, descobertas recentes e quest\u00f5es ainda em aberto nesse campo de pesquisa. O curso ser\u00e1 coordenado pela professora do IAG Elysandra Cypriano.<\/p>\n<p>Ser\u00e3o oferecidas cem vagas, mas haver\u00e1 lista de espera para os candidatos excedentes. A comiss\u00e3o de sele\u00e7\u00e3o priorizar\u00e1 professores de F\u00edsica, seguidos dos de Qu\u00edmica e Matem\u00e1tica. A divulga\u00e7\u00e3o dos selecionados acontecer\u00e1 no dia 15 de fevereiro na <a href=\"https:\/\/www.iag.usp.br\/astronomia\/aem\" target=\"_blank\" rel=\"noopener noreferrer\">p\u00e1gina do curso<\/a>.<\/p>\n<p>Composto de aulas virtuais obrigat\u00f3rias, o curso contar\u00e1 com v\u00eddeos gravados e disponibilizados semanalmente. Os participantes tamb\u00e9m dever\u00e3o participar de videochats semanais, com uma hora de dura\u00e7\u00e3o, e encontros virtuais mensais, com 4 horas de dura\u00e7\u00e3o. Ambos aos s\u00e1bados. Os participantes receber\u00e3o certificados de conclus\u00e3o do curso, desde que atinjam o m\u00ednimo de 75% de presen\u00e7a, al\u00e9m de nota m\u00ednima 7,0.<\/p>\n<p>O programa vai trabalhar temas como: hist\u00f3rico dos telesc\u00f3pios, forma\u00e7\u00e3o dos sistemas planet\u00e1rios, vida das estrelas, meio interestelar, tipos e distribui\u00e7\u00e3o de gal\u00e1xias, a hist\u00f3ria da origem do Universo, entre outros.<\/p>\n<p><strong>Astronomia para docentes do ensino m\u00e9dio \u2013 a dist\u00e2ncia<\/strong><\/p>\n<p>Curso de extens\u00e3o universit\u00e1ria, na modalidade de aperfei\u00e7oamento<\/p>\n<p>P\u00fablico-alvo: professores de F\u00edsica, Qu\u00edmica e Matem\u00e1tica do ensino ensino m\u00e9dio<\/p>\n<p><strong>Inscri\u00e7\u00f5es:<\/strong> de 1\u00ba\/12\/20 a 1\u00ba\/02\/2021<\/p>\n<p>Para preencher o formul\u00e1rio e consultar a lista de documentos exigidos, acesse: <a href=\"https:\/\/www.eventos.iag.usp.br\/astronomia-para-docentes-do-ensino-medio\" target=\"_blank\" rel=\"noopener noreferrer\">https:\/\/www.eventos.iag.usp.br\/astronomia-para-docentes-do-ensino-medio<\/a><\/p>\n<p><strong>Per\u00edodo de realiza\u00e7\u00e3o:<\/strong> 06\/03 a 11\/12\/2021<\/p>\n<p><strong>Dura\u00e7\u00e3o do Curso:<\/strong> 9 meses \u2013 298 horas.<\/p>\n","protected":false},"excerpt":{"rendered":"<p>O Instituto de Astronomia, Geof\u00edsica e Ci\u00eancias Atmosf\u00e9ricas da USP abre inscri\u00e7\u00f5es para o tradicional Curso de Astronomia para Professores do Ensino M\u00e9dio. O curso de aperfei\u00e7oamento completou dez anos em 2020, mas no ano que vem ter\u00e1 um diferencial: todas as aulas e encontros ser\u00e3o virtuais. Para se inscrever, \u00e9 necess\u00e1rio preencher o formul\u00e1rio [&hellip;]<\/p>\n","protected":false},"author":4,"featured_media":0,"comment_status":"closed","ping_status":"closed","sticky":false,"template":"","format":"standard","meta":{"footnotes":"","_links_to":"","_links_to_target":""},"categories":[9],"tags":[],"class_list":["post-12660","post","type-post","status-publish","format-standard","hentry","category-noticias-da-imprensa"],"yoast_head":"<!-- This site is optimized with the Yoast SEO plugin v15.1 - https:\/\/yoast.com\/wordpress\/plugins\/seo\/ -->\n<title>Curso da USP apresenta conceitos atuais de astronomia para professores do ensino m\u00e9dio &raquo; Abrelivros<\/title>\n<meta name=\"robots\" content=\"index, follow, max-snippet:-1, max-image-preview:large, max-video-preview:-1\" \/>\n<link rel=\"canonical\" href=\"https:\/\/abrelivros.org.br\/site\/curso-da-usp-apresenta-conceitos-atuais-de-astronomia-para-professores-do-ensino-medio\/\" \/>\n<meta property=\"og:locale\" content=\"pt_BR\" \/>\n<meta property=\"og:type\" content=\"article\" \/>\n<meta property=\"og:title\" content=\"Curso da USP apresenta conceitos atuais de astronomia para professores do ensino m\u00e9dio &raquo; Abrelivros\" \/>\n<meta property=\"og:description\" content=\"O Instituto de Astronomia, Geof\u00edsica e Ci\u00eancias Atmosf\u00e9ricas da USP abre inscri\u00e7\u00f5es para o tradicional Curso de Astronomia para Professores do Ensino M\u00e9dio. O curso de aperfei\u00e7oamento completou dez anos em 2020, mas no ano que vem ter\u00e1 um diferencial: todas as aulas e encontros ser\u00e3o virtuais. Para se inscrever, \u00e9 necess\u00e1rio preencher o formul\u00e1rio [&hellip;]\" \/>\n<meta property=\"og:url\" content=\"https:\/\/abrelivros.org.br\/site\/curso-da-usp-apresenta-conceitos-atuais-de-astronomia-para-professores-do-ensino-medio\/\" \/>\n<meta property=\"og:site_name\" content=\"Abrelivros\" \/>\n<meta property=\"article:published_time\" content=\"2020-12-03T17:08:37+00:00\" \/>\n<meta name=\"twitter:card\" content=\"summary_large_image\" \/>\n<script type=\"application\/ld+json\" class=\"yoast-schema-graph\">{\"@context\":\"https:\/\/schema.org\",\"@graph\":[{\"@type\":\"WebSite\",\"@id\":\"https:\/\/abrelivros.org.br\/site\/#website\",\"url\":\"https:\/\/abrelivros.org.br\/site\/\",\"name\":\"Abrelivros\",\"description\":\"\",\"potentialAction\":[{\"@type\":\"SearchAction\",\"target\":\"https:\/\/abrelivros.org.br\/site\/?s={search_term_string}\",\"query-input\":\"required name=search_term_string\"}],\"inLanguage\":\"pt-BR\"},{\"@type\":\"WebPage\",\"@id\":\"https:\/\/abrelivros.org.br\/site\/curso-da-usp-apresenta-conceitos-atuais-de-astronomia-para-professores-do-ensino-medio\/#webpage\",\"url\":\"https:\/\/abrelivros.org.br\/site\/curso-da-usp-apresenta-conceitos-atuais-de-astronomia-para-professores-do-ensino-medio\/\",\"name\":\"Curso da USP apresenta conceitos atuais de astronomia para professores do ensino m\\u00e9dio &raquo; Abrelivros\",\"isPartOf\":{\"@id\":\"https:\/\/abrelivros.org.br\/site\/#website\"},\"datePublished\":\"2020-12-03T17:08:37+00:00\",\"dateModified\":\"2020-12-03T17:08:37+00:00\",\"author\":{\"@id\":\"https:\/\/abrelivros.org.br\/site\/#\/schema\/person\/65db80e26409802ce15ac5feec6a15fd\"},\"breadcrumb\":{\"@id\":\"https:\/\/abrelivros.org.br\/site\/curso-da-usp-apresenta-conceitos-atuais-de-astronomia-para-professores-do-ensino-medio\/#breadcrumb\"},\"inLanguage\":\"pt-BR\",\"potentialAction\":[{\"@type\":\"ReadAction\",\"target\":[\"https:\/\/abrelivros.org.br\/site\/curso-da-usp-apresenta-conceitos-atuais-de-astronomia-para-professores-do-ensino-medio\/\"]}]},{\"@type\":\"BreadcrumbList\",\"@id\":\"https:\/\/abrelivros.org.br\/site\/curso-da-usp-apresenta-conceitos-atuais-de-astronomia-para-professores-do-ensino-medio\/#breadcrumb\",\"itemListElement\":[{\"@type\":\"ListItem\",\"position\":1,\"item\":{\"@type\":\"WebPage\",\"@id\":\"https:\/\/abrelivros.org.br\/site\/\",\"url\":\"https:\/\/abrelivros.org.br\/site\/\",\"name\":\"In\\u00edcio\"}},{\"@type\":\"ListItem\",\"position\":2,\"item\":{\"@type\":\"WebPage\",\"@id\":\"https:\/\/abrelivros.org.br\/site\/category\/noticias\/\",\"url\":\"https:\/\/abrelivros.org.br\/site\/category\/noticias\/\",\"name\":\"Not\\u00edcias\"}},{\"@type\":\"ListItem\",\"position\":3,\"item\":{\"@type\":\"WebPage\",\"@id\":\"https:\/\/abrelivros.org.br\/site\/category\/noticias\/noticias-da-imprensa\/\",\"url\":\"https:\/\/abrelivros.org.br\/site\/category\/noticias\/noticias-da-imprensa\/\",\"name\":\"Not\\u00edcias da imprensa\"}},{\"@type\":\"ListItem\",\"position\":4,\"item\":{\"@type\":\"WebPage\",\"@id\":\"https:\/\/abrelivros.org.br\/site\/curso-da-usp-apresenta-conceitos-atuais-de-astronomia-para-professores-do-ensino-medio\/\",\"url\":\"https:\/\/abrelivros.org.br\/site\/curso-da-usp-apresenta-conceitos-atuais-de-astronomia-para-professores-do-ensino-medio\/\",\"name\":\"Curso da USP apresenta conceitos atuais de astronomia para professores do ensino m\\u00e9dio\"}}]},{\"@type\":\"Person\",\"@id\":\"https:\/\/abrelivros.org.br\/site\/#\/schema\/person\/65db80e26409802ce15ac5feec6a15fd\",\"name\":\"Reda\\u00e7\\u00e3o Abrelivros\",\"image\":{\"@type\":\"ImageObject\",\"@id\":\"https:\/\/abrelivros.org.br\/site\/#personlogo\",\"inLanguage\":\"pt-BR\",\"url\":\"https:\/\/secure.gravatar.com\/avatar\/c4e57f9c7e3482965bd428192061218520756c39080b1d1820b679fa5e9af192?s=96&d=mm&r=g\",\"caption\":\"Reda\\u00e7\\u00e3o Abrelivros\"}}]}<\/script>\n<!-- \/ Yoast SEO plugin. -->","_links":{"self":[{"href":"https:\/\/abrelivros.org.br\/site\/wp-json\/wp\/v2\/posts\/12660","targetHints":{"allow":["GET"]}}],"collection":[{"href":"https:\/\/abrelivros.org.br\/site\/wp-json\/wp\/v2\/posts"}],"about":[{"href":"https:\/\/abrelivros.org.br\/site\/wp-json\/wp\/v2\/types\/post"}],"author":[{"embeddable":true,"href":"https:\/\/abrelivros.org.br\/site\/wp-json\/wp\/v2\/users\/4"}],"replies":[{"embeddable":true,"href":"https:\/\/abrelivros.org.br\/site\/wp-json\/wp\/v2\/comments?post=12660"}],"version-history":[{"count":1,"href":"https:\/\/abrelivros.org.br\/site\/wp-json\/wp\/v2\/posts\/12660\/revisions"}],"predecessor-version":[{"id":12661,"href":"https:\/\/abrelivros.org.br\/site\/wp-json\/wp\/v2\/posts\/12660\/revisions\/12661"}],"wp:attachment":[{"href":"https:\/\/abrelivros.org.br\/site\/wp-json\/wp\/v2\/media?parent=12660"}],"wp:term":[{"taxonomy":"category","embeddable":true,"href":"https:\/\/abrelivros.org.br\/site\/wp-json\/wp\/v2\/categories?post=12660"},{"taxonomy":"post_tag","embeddable":true,"href":"https:\/\/abrelivros.org.br\/site\/wp-json\/wp\/v2\/tags?post=12660"}],"curies":[{"name":"wp","href":"https:\/\/api.w.org\/{rel}","templated":true}]}}