{"id":12658,"date":"2020-12-02T14:21:04","date_gmt":"2020-12-02T17:21:04","guid":{"rendered":"https:\/\/abrelivros.org.br\/site\/?p=12658"},"modified":"2020-12-02T14:21:04","modified_gmt":"2020-12-02T17:21:04","slug":"com-um-olho-no-mercado-e-o-outro-no-publico-final-bienal-virtual-de-sp-comeca-na-proxima-segunda","status":"publish","type":"post","link":"https:\/\/abrelivros.org.br\/site\/com-um-olho-no-mercado-e-o-outro-no-publico-final-bienal-virtual-de-sp-comeca-na-proxima-segunda\/","title":{"rendered":"Com um olho no mercado e o outro no p\u00fablico final, Bienal Virtual de SP come\u00e7a na pr\u00f3xima segunda"},"content":{"rendered":"<p>Com a edi\u00e7\u00e3o presencial da Bienal Internacional do Livro de S\u00e3o Paulo adiada para 2022, este ano a C\u00e2mara Brasileira do Livro (CBL) organizou a primeira edi\u00e7\u00e3o da Bienal Virtual, marcada para acontecer na pr\u00f3xima semana &#8211; de 7 a 13 de dezembro. Com 120 expositores, o evento ir\u00e1 reunir em sua plataforma 330 autores em uma programa\u00e7\u00e3o diversa e extensa dividida em tr\u00eas espa\u00e7os: a Arena Virtual, o Sal\u00e3o de Ideias e o Papo de Mercado. O PublishNews selecionou alguns destaques dos tr\u00eas espa\u00e7os que focam tanto no mercado quando no p\u00fablico final.<!--more--><\/p>\n<p><strong>Arena Virtual<\/strong><\/p>\n<p>A Arena Virtual, que teve a programa\u00e7\u00e3o organizada pela Jovem Talento de 2018, <a href=\"https:\/\/www.publishnews.com.br\/materias\/2020\/11\/09\/detalhes-da-bienal-virtual-de-sp\" target=\"_blank\" rel=\"noopener noreferrer\">Diana Passy<\/a>, contar\u00e1 com nomes como Itamar Vieira Junior, Jarid Arraes e Tobias Carvalho &#8211; que participam no dia 7, \u00e0s 17h, de uma mesa sobre a literatura contempor\u00e2nea.<\/p>\n<p>Thalita Rebou\u00e7as tamb\u00e9m ter\u00e1 um espa\u00e7o na programa\u00e7\u00e3o e comemora no dia 12, \u00e0s 15h, seus 20 anos de carreira. Ela conversa com Iris Figueiredo sobre suas obras e fala ainda sobre o trabalho como roteirista do filme Pai em dobro e cujo livro acaba de ser lan\u00e7ado pela Rocco.<\/p>\n<p>Outros nomes importantes como Xuxa, Claudia Raia, N\u00e9lida Pi\u00f1on, Monja Coen, Leandro Karnal, Raphael Montes, Cl\u00f3vis de Barros Filho e Cristino Wapichana participam da programa\u00e7\u00e3o.<\/p>\n<p><strong>Sal\u00e3o de Ideias<\/strong><\/p>\n<p>No Sal\u00e3o de Ideias, destaque para a diversidade de temas que ser\u00e3o abordados pelas editoras participantes. A publica\u00e7\u00e3o independente, literatura de cordel, meio ambiente, sa\u00fade e longevidade, democratiza\u00e7\u00e3o do acesso ao livro, cria\u00e7\u00e3o liter\u00e1ria e filosofia est\u00e3o na pauta do evento, al\u00e9m de conversas com autores e lan\u00e7amentos de livros. Editoras como Planeta, Panini, Loyola, Melhoramentos, Aletria, Ala\u00fade, Madras, Ciranda Cultural, Trilha Educacional, Companhia das Letras, Perspectiva, Novo S\u00e9culo, Aut\u00eantica, The Gift Box, Girassol, Imprensa Oficial e Pensamento ter\u00e3o mesas no evento.<\/p>\n<p><strong>Papo de mercado<\/strong><\/p>\n<p>A Bienal ter\u00e1 ainda um espa\u00e7o dedicado aos debates relacionados ao mercado do livro. \u00c9 dentro do Papo de Mercado que est\u00e1 a<a href=\"https:\/\/www.publishnews.com.br\/materias\/2020\/12\/01\/bienal-virtual-de-sp-tera-encontro-internacional-de-profissionais-do-livro\" target=\"_blank\" rel=\"noopener noreferrer\"> programa\u00e7\u00e3o do InterLivro<\/a>, realizado pelo PublishNews e cuja programa\u00e7\u00e3o foi divulgada nesta ter\u00e7a-feira (1\u00ba). Al\u00e9m do InterLivro, o Papo de Mercado receber\u00e1 mesas sobre autopublica\u00e7\u00e3o, games, financiamento coletivo, tradu\u00e7\u00e3o, acessibilidade e audiolivros.<\/p>\n<p>Um dos destaques da programa\u00e7\u00e3o ser\u00e1 a participa\u00e7\u00e3o de Roger Chartier. No dia 9, ao meio dia, o historiador franc\u00eas participar\u00e1 ao lado de Bernardo Gurbanov, presidente da Associa\u00e7\u00e3o Nacional de Livrarias; Vitor Tavares, presidente da CBL, e da editora e escritora Guiomar de Gramont da mesa Um mundo sem livros e sem livrarias? Na mesa, Chartier buscar\u00e1 responder \u00e0 pergunta: o que acontecer\u00e1 com o livro, a leitura e as livrarias a partir das muta\u00e7\u00f5es do presente?<\/p>\n<p>Por falar em Fran\u00e7a, Didier Lamaison \u2013 um dos tradutores de Paix\u00e3o segundo GH, de Clarice Lispector, para o franc\u00eas \u2013 tamb\u00e9m participa do Papo de Mercado. Ele estar\u00e1 ao lado de Izabella Borges \u2013 tradutora de Concei\u00e7\u00e3o Evaristo para o franc\u00eas \u2013 na mesa A tradu\u00e7\u00e3o do indiz\u00edvel: Clarice Lispector em franc\u00eas. A mesa, mediada por W. B, Lemos (Uerj), tamb\u00e9m acontece no dia 9, \u00e0s 18h.<\/p>\n<p>A programa\u00e7\u00e3o do Papo de Mercado ter\u00e1 ainda a poeta Cida Pedrosa, vencedora do Pr\u00eamio Jabuti 2020. No dia 7, \u00e0s 19h30, ela estar\u00e1 ao lado do seu editor \u2013 Diogo Guedes , da Cepe \u2013 e de Marcos Marcionilo, do conselho de curadores do Pr\u00eamio, para falar sobre Solo para vialejo, obra eleita como Livro do Ano no conclave.<\/p>\n<p>O diretor da Webcore Games, Winston Petty, e o diretor do Big Festival, Gustavo Steinberg, conduzir\u00e3o o painel Games e mercado editoria, uma parceria que d\u00e1 certo. O encontro acontece no dia 8, \u00e0s 11h.<\/p>\n<p>O Papo de Mercado abrigar\u00e1 tamb\u00e9m o lan\u00e7amento do livro 100 nomes da edi\u00e7\u00e3o no Brasil, do editor-chefe do PublishNews, Leonardo Neto. Nele, est\u00e3o perfilados 100 editores que constru\u00edram a hist\u00f3ria do livro no Brasil. A conversa ser\u00e1 com a sua editora, Raquel Menezes, no dia 10, \u00e0s 19h.<\/p>\n<p><strong>15 anos de dois festivais mineiros<\/strong><\/p>\n<p>A Bienal Virtual de S\u00e3o Paulo tamb\u00e9m abriu espa\u00e7o para dois festivais mineiros que completam 15 anos de exist\u00eancia em 2020. O primeiro deles \u00e9 o F\u00f3rum das Letras, realizado pela Universidade Federal de Ouro Preto. Nessa edi\u00e7\u00e3o conjunta com a Bienal e em parceria com a Embaixada da Fran\u00e7a, o F\u00f3rum ir\u00e1 homenagear Clarice Lispector e sua rela\u00e7\u00e3o com o primeiro pa\u00eds a public\u00e1-la, em 1956, com a obra Perto do cora\u00e7\u00e3o selvagem. No dia 7, \u00e0s 12h, ser\u00e3o discutidos os pontos de contato entre as obras de Clarice e as escritoras francesas Marguerite Duras e Nathalie Sarraute. Participam da mesa Teresa Monteiro, Germana Henriques Pereira e Ana L\u00facia Lutterbach Holk, com media\u00e7\u00e3o de M\u00f4nica Gama. As tradu\u00e7\u00f5es das obras da autora para o franc\u00eas, os desafios na edi\u00e7\u00e3o e ainda aspectos da vida de Clarice ser\u00e3o abordados durante a semana. A programa\u00e7\u00e3o completa &#8211; que conta ainda com nomes como o pensador Roger Chartier (citado acima), N\u00e9lida Pi\u00f1on, Mario Magalh\u00e3es, Betty Milan, Ricardo L\u00edsias, Tiago Ferro &#8211; voc\u00ea encontra <a href=\"https:\/\/forumdasletras.wpcomstaging.com\/about\/\" target=\"_blank\" rel=\"noopener noreferrer\">aqui<\/a>.<\/p>\n<p>J\u00e1 o Flipo\u00e7os &#8211; Festival Liter\u00e1rio Internacional de Po\u00e7os de Caldas, realiza dentro da programa\u00e7\u00e3o da Bienal, um encontro lus\u00f3fono. A mesa A import\u00e2ncia dos interc\u00e2mbios entre festivais luso-brasileiros no fomento \u00e0 valoriza\u00e7\u00e3o da L\u00edngua, Literaturas Lus\u00f3fonas e neg\u00f3cios acontece no dia 7, \u00e0s 12h e ir\u00e1 falar sobre o interc\u00e2mbio cultural entre os pa\u00edses falantes da l\u00edngua portuguesa. Participam do encontro Amosse Mucavele, curador da Feira do Livro de Maputo e idealizador e curador do Templo d\u2019Escritas; Filinto El\u00edsio, poeta e organizador do Festival de Literatura Mundo do Sal, em Praia (capital), Cabo Verde, \u00c1frica; Jo\u00e3o Morales, jornalista e curador do Festival Livros a Oeste; Ana Ventura Miranda, atriz e produtora cultural e Helder Beja, cofundador do Festival Liter\u00e1rio de Macau \u2013 Rota das Letras.<\/p>\n<p>Todas as mesas ser\u00e3o transmitidas gratuitamente pela<a href=\"https:\/\/www.bienalvirtualsp.org.br\/\" target=\"_blank\" rel=\"noopener noreferrer\"> plataforma da Bienal Virtual<\/a>. As<a href=\"https:\/\/www.bienalvirtualsp.org.br\/cadastrar\" target=\"_blank\" rel=\"noopener noreferrer\"> inscri\u00e7\u00f5es<\/a> gratuitas est\u00e3o abertas.<\/p>\n","protected":false},"excerpt":{"rendered":"<p>Com a edi\u00e7\u00e3o presencial da Bienal Internacional do Livro de S\u00e3o Paulo adiada para 2022, este ano a C\u00e2mara Brasileira do Livro (CBL) organizou a primeira edi\u00e7\u00e3o da Bienal Virtual, marcada para acontecer na pr\u00f3xima semana &#8211; de 7 a 13 de dezembro. Com 120 expositores, o evento ir\u00e1 reunir em sua plataforma 330 autores [&hellip;]<\/p>\n","protected":false},"author":4,"featured_media":0,"comment_status":"closed","ping_status":"closed","sticky":false,"template":"","format":"standard","meta":{"footnotes":"","_links_to":"","_links_to_target":""},"categories":[9],"tags":[],"class_list":["post-12658","post","type-post","status-publish","format-standard","hentry","category-noticias-da-imprensa"],"yoast_head":"<!-- This site is optimized with the Yoast SEO plugin v15.1 - https:\/\/yoast.com\/wordpress\/plugins\/seo\/ -->\n<title>Com um olho no mercado e o outro no p\u00fablico final, Bienal Virtual de SP come\u00e7a na pr\u00f3xima segunda &raquo; Abrelivros<\/title>\n<meta name=\"robots\" content=\"index, follow, max-snippet:-1, max-image-preview:large, max-video-preview:-1\" \/>\n<link rel=\"canonical\" href=\"https:\/\/abrelivros.org.br\/site\/com-um-olho-no-mercado-e-o-outro-no-publico-final-bienal-virtual-de-sp-comeca-na-proxima-segunda\/\" \/>\n<meta property=\"og:locale\" content=\"pt_BR\" \/>\n<meta property=\"og:type\" content=\"article\" \/>\n<meta property=\"og:title\" content=\"Com um olho no mercado e o outro no p\u00fablico final, Bienal Virtual de SP come\u00e7a na pr\u00f3xima segunda &raquo; Abrelivros\" \/>\n<meta property=\"og:description\" content=\"Com a edi\u00e7\u00e3o presencial da Bienal Internacional do Livro de S\u00e3o Paulo adiada para 2022, este ano a C\u00e2mara Brasileira do Livro (CBL) organizou a primeira edi\u00e7\u00e3o da Bienal Virtual, marcada para acontecer na pr\u00f3xima semana &#8211; de 7 a 13 de dezembro. Com 120 expositores, o evento ir\u00e1 reunir em sua plataforma 330 autores [&hellip;]\" \/>\n<meta property=\"og:url\" content=\"https:\/\/abrelivros.org.br\/site\/com-um-olho-no-mercado-e-o-outro-no-publico-final-bienal-virtual-de-sp-comeca-na-proxima-segunda\/\" \/>\n<meta property=\"og:site_name\" content=\"Abrelivros\" \/>\n<meta property=\"article:published_time\" content=\"2020-12-02T17:21:04+00:00\" \/>\n<meta name=\"twitter:card\" content=\"summary_large_image\" \/>\n<script type=\"application\/ld+json\" class=\"yoast-schema-graph\">{\"@context\":\"https:\/\/schema.org\",\"@graph\":[{\"@type\":\"WebSite\",\"@id\":\"https:\/\/abrelivros.org.br\/site\/#website\",\"url\":\"https:\/\/abrelivros.org.br\/site\/\",\"name\":\"Abrelivros\",\"description\":\"\",\"potentialAction\":[{\"@type\":\"SearchAction\",\"target\":\"https:\/\/abrelivros.org.br\/site\/?s={search_term_string}\",\"query-input\":\"required name=search_term_string\"}],\"inLanguage\":\"pt-BR\"},{\"@type\":\"WebPage\",\"@id\":\"https:\/\/abrelivros.org.br\/site\/com-um-olho-no-mercado-e-o-outro-no-publico-final-bienal-virtual-de-sp-comeca-na-proxima-segunda\/#webpage\",\"url\":\"https:\/\/abrelivros.org.br\/site\/com-um-olho-no-mercado-e-o-outro-no-publico-final-bienal-virtual-de-sp-comeca-na-proxima-segunda\/\",\"name\":\"Com um olho no mercado e o outro no p\\u00fablico final, Bienal Virtual de SP come\\u00e7a na pr\\u00f3xima segunda &raquo; Abrelivros\",\"isPartOf\":{\"@id\":\"https:\/\/abrelivros.org.br\/site\/#website\"},\"datePublished\":\"2020-12-02T17:21:04+00:00\",\"dateModified\":\"2020-12-02T17:21:04+00:00\",\"author\":{\"@id\":\"https:\/\/abrelivros.org.br\/site\/#\/schema\/person\/65db80e26409802ce15ac5feec6a15fd\"},\"breadcrumb\":{\"@id\":\"https:\/\/abrelivros.org.br\/site\/com-um-olho-no-mercado-e-o-outro-no-publico-final-bienal-virtual-de-sp-comeca-na-proxima-segunda\/#breadcrumb\"},\"inLanguage\":\"pt-BR\",\"potentialAction\":[{\"@type\":\"ReadAction\",\"target\":[\"https:\/\/abrelivros.org.br\/site\/com-um-olho-no-mercado-e-o-outro-no-publico-final-bienal-virtual-de-sp-comeca-na-proxima-segunda\/\"]}]},{\"@type\":\"BreadcrumbList\",\"@id\":\"https:\/\/abrelivros.org.br\/site\/com-um-olho-no-mercado-e-o-outro-no-publico-final-bienal-virtual-de-sp-comeca-na-proxima-segunda\/#breadcrumb\",\"itemListElement\":[{\"@type\":\"ListItem\",\"position\":1,\"item\":{\"@type\":\"WebPage\",\"@id\":\"https:\/\/abrelivros.org.br\/site\/\",\"url\":\"https:\/\/abrelivros.org.br\/site\/\",\"name\":\"In\\u00edcio\"}},{\"@type\":\"ListItem\",\"position\":2,\"item\":{\"@type\":\"WebPage\",\"@id\":\"https:\/\/abrelivros.org.br\/site\/category\/noticias\/\",\"url\":\"https:\/\/abrelivros.org.br\/site\/category\/noticias\/\",\"name\":\"Not\\u00edcias\"}},{\"@type\":\"ListItem\",\"position\":3,\"item\":{\"@type\":\"WebPage\",\"@id\":\"https:\/\/abrelivros.org.br\/site\/category\/noticias\/noticias-da-imprensa\/\",\"url\":\"https:\/\/abrelivros.org.br\/site\/category\/noticias\/noticias-da-imprensa\/\",\"name\":\"Not\\u00edcias da imprensa\"}},{\"@type\":\"ListItem\",\"position\":4,\"item\":{\"@type\":\"WebPage\",\"@id\":\"https:\/\/abrelivros.org.br\/site\/com-um-olho-no-mercado-e-o-outro-no-publico-final-bienal-virtual-de-sp-comeca-na-proxima-segunda\/\",\"url\":\"https:\/\/abrelivros.org.br\/site\/com-um-olho-no-mercado-e-o-outro-no-publico-final-bienal-virtual-de-sp-comeca-na-proxima-segunda\/\",\"name\":\"Com um olho no mercado e o outro no p\\u00fablico final, Bienal Virtual de SP come\\u00e7a na pr\\u00f3xima segunda\"}}]},{\"@type\":\"Person\",\"@id\":\"https:\/\/abrelivros.org.br\/site\/#\/schema\/person\/65db80e26409802ce15ac5feec6a15fd\",\"name\":\"Reda\\u00e7\\u00e3o Abrelivros\",\"image\":{\"@type\":\"ImageObject\",\"@id\":\"https:\/\/abrelivros.org.br\/site\/#personlogo\",\"inLanguage\":\"pt-BR\",\"url\":\"https:\/\/secure.gravatar.com\/avatar\/c4e57f9c7e3482965bd428192061218520756c39080b1d1820b679fa5e9af192?s=96&d=mm&r=g\",\"caption\":\"Reda\\u00e7\\u00e3o Abrelivros\"}}]}<\/script>\n<!-- \/ Yoast SEO plugin. -->","_links":{"self":[{"href":"https:\/\/abrelivros.org.br\/site\/wp-json\/wp\/v2\/posts\/12658","targetHints":{"allow":["GET"]}}],"collection":[{"href":"https:\/\/abrelivros.org.br\/site\/wp-json\/wp\/v2\/posts"}],"about":[{"href":"https:\/\/abrelivros.org.br\/site\/wp-json\/wp\/v2\/types\/post"}],"author":[{"embeddable":true,"href":"https:\/\/abrelivros.org.br\/site\/wp-json\/wp\/v2\/users\/4"}],"replies":[{"embeddable":true,"href":"https:\/\/abrelivros.org.br\/site\/wp-json\/wp\/v2\/comments?post=12658"}],"version-history":[{"count":1,"href":"https:\/\/abrelivros.org.br\/site\/wp-json\/wp\/v2\/posts\/12658\/revisions"}],"predecessor-version":[{"id":12659,"href":"https:\/\/abrelivros.org.br\/site\/wp-json\/wp\/v2\/posts\/12658\/revisions\/12659"}],"wp:attachment":[{"href":"https:\/\/abrelivros.org.br\/site\/wp-json\/wp\/v2\/media?parent=12658"}],"wp:term":[{"taxonomy":"category","embeddable":true,"href":"https:\/\/abrelivros.org.br\/site\/wp-json\/wp\/v2\/categories?post=12658"},{"taxonomy":"post_tag","embeddable":true,"href":"https:\/\/abrelivros.org.br\/site\/wp-json\/wp\/v2\/tags?post=12658"}],"curies":[{"name":"wp","href":"https:\/\/api.w.org\/{rel}","templated":true}]}}