{"id":12656,"date":"2020-12-02T14:13:13","date_gmt":"2020-12-02T17:13:13","guid":{"rendered":"https:\/\/abrelivros.org.br\/site\/?p=12656"},"modified":"2020-12-02T14:13:13","modified_gmt":"2020-12-02T17:13:13","slug":"toffoli-suspende-decreto-de-bolsonaro-que-incentiva-escolas-especiais-para-pessoas-com-deficiencia","status":"publish","type":"post","link":"https:\/\/abrelivros.org.br\/site\/toffoli-suspende-decreto-de-bolsonaro-que-incentiva-escolas-especiais-para-pessoas-com-deficiencia\/","title":{"rendered":"Toffoli suspende decreto de Bolsonaro que incentiva escolas especiais para pessoas com defici\u00eancia"},"content":{"rendered":"<p>O ministro Dias Toffoli, do STF (Supremo Tribunal Federal), suspendeu nesta ter\u00e7a-feira (1) o decreto do governo federal que <a href=\"https:\/\/www1.folha.uol.com.br\/educacao\/2020\/11\/mec-vai-receber-denuncias-de-recusa-de-matriculas-apos-decreto-sobre-educacao-especial.shtml\" target=\"_blank\" rel=\"noopener noreferrer\">instituiu a Pol\u00edtica Nacional de Educa\u00e7\u00e3o Especial<\/a> e incentiva a cria\u00e7\u00e3o de escolas e classes especializadas para pessoas com defici\u00eancia.<!--more--><\/p>\n<p>O magistrado afirmou que a norma &#8220;<a href=\"https:\/\/www1.folha.uol.com.br\/educacao\/2020\/10\/decreto-que-recria-escola-especial-atrai-preocupacao-de-especialistas.shtml\" target=\"_blank\" rel=\"noopener noreferrer\">fragiliza o imperativo da inclus\u00e3o de alunos com defici\u00eancia<\/a>&#8221; e deu uma decis\u00e3o liminar (provis\u00f3ria) para sustar os efeitos do texto.<\/p>\n<p>Os demais ministros decidir\u00e3o na sess\u00e3o virtual que come\u00e7a no pr\u00f3ximo dia 11 se mant\u00eam o entendimento de Toffoli.<\/p>\n<p>O decreto foi assinado pelo presidente Jair Bolsonaro em 30 de setembro em uma cerim\u00f4nia que contou com a presen\u00e7a de diversos ministros e com o discurso da primeira-dama, Michelle Bolsonaro.<br \/>\nO projeto \u00e9 uma das principais bandeiras da mulher do presidente, que \u00e9 int\u00e9rprete da L\u00edngua Brasileira de Sinais (Libras) e atua na \u00e1rea. No discurso de lan\u00e7amento, Michelle ressaltou que o programa \u00e9 \u201cum passo significativo rumo a um pa\u00eds justo e com igualdade de oportunidades\u201d.<\/p>\n<p>Toffoli, no entanto, interpretou o decreto de forma diversa. O despacho do ministro foi dado em uma a\u00e7\u00e3o do PSB, que<a href=\"https:\/\/www1.folha.uol.com.br\/educacao\/2020\/10\/politica-nacional-de-educacao-especial-pode-ser-alvo-de-questionamento-legal.shtml\" target=\"_blank\" rel=\"noopener noreferrer\"> acionou o Supremo sob o argumento de que a medida do governo federal<\/a>, ao prever o incentivo \u00e0 cria\u00e7\u00e3o de escolas e classes especializadas para esse grupo, &#8220;teria como real objetivo discriminar e segregar os alunos com defici\u00eancia&#8221;.<\/p>\n<p>Toffoli concordou com a tese do partido. Ele citou a previs\u00e3o de implementa\u00e7\u00e3o de escolas \u201cem contexto de aprendizagem separada dos demais educandos\u201d e destacou refer\u00eancia \u00e0s &#8220;escolas especializadas, classes especializadas, escolas bil\u00edngues de surdos e classes bil\u00edngues de surdos\u201d.<\/p>\n<p>Para o ministro, o decreto n\u00e3o respeitou a Conven\u00e7\u00e3o Internacional sobre os Direitos das Pessoas com Defici\u00eancia, que veda a exclus\u00e3o de pessoas com defici\u00eancia ou necessidades especiais do sistema geral de educa\u00e7\u00e3o.<\/p>\n<p>\u201cO Brasil internalizou, em seu ordenamento constitucional, um compromisso com a educa\u00e7\u00e3o inclusiva, ou seja, com uma educa\u00e7\u00e3o que agrega e acolhe as pessoas com defici\u00eancia ou necessidades especiais no ensino regular, ao inv\u00e9s segreg\u00e1-las em grupos apartados da pr\u00f3pria comunidade\u201d, disse.<br \/>\nToffoli ressaltou que a Constitui\u00e7\u00e3o n\u00e3o pro\u00edbe a exist\u00eancia de classes e escolas especializadas, mas que a medida n\u00e3o pode ser adotada como regra.<\/p>\n<p>Segundo o magistrado, a Lei de Diretrizes e Bases da Educa\u00e7\u00e3o Nacional expressa a excepcionalidade da medida de exclus\u00e3o e estabelece como primeira hip\u00f3tese a matr\u00edcula de todos os alunos no sistema geral.<\/p>\n<p>\u201cSalta aos olhos o fato de que o dispositivo trata as escolas regulares inclusivas como uma categoria espec\u00edfica dentro do universo da educa\u00e7\u00e3o especial, como se houvesse a possibilidade de existirem escolas regulares n\u00e3o-inclusivas\u201d, frisou.<\/p>\n<p>O ministro argumentou que a educa\u00e7\u00e3o inclusiva n\u00e3o significa a implementa\u00e7\u00e3o de uma nova institui\u00e7\u00e3o, mas a adapta\u00e7\u00e3o do sistema de educa\u00e7\u00e3o regular a fim de reunir todos os alunos na mesma proposta de ensino.<\/p>\n<p>Para Toffoli, \u00e9 \u201cproblem\u00e1tica\u201d a previs\u00e3o de implementa\u00e7\u00e3o de escolas bil\u00edngues de surdos na condi\u00e7\u00e3o de ensino regular para quem faz uso da Libras.<\/p>\n<p>O ministro justificou que a pressa em analisar individualmente a a\u00e7\u00e3o se justifica devido \u00e0 proximidade do in\u00edcio de um novo ano letivo, que \u201cpode acarretar a matr\u00edcula de educandos em estabelecimentos que n\u00e3o integram a rede de ensino regular, em contrariedade \u00e0 l\u00f3gica do ensino inclusivo\u201d.<\/p>\n","protected":false},"excerpt":{"rendered":"<p>O ministro Dias Toffoli, do STF (Supremo Tribunal Federal), suspendeu nesta ter\u00e7a-feira (1) o decreto do governo federal que instituiu a Pol\u00edtica Nacional de Educa\u00e7\u00e3o Especial e incentiva a cria\u00e7\u00e3o de escolas e classes especializadas para pessoas com defici\u00eancia.<\/p>\n","protected":false},"author":4,"featured_media":0,"comment_status":"closed","ping_status":"closed","sticky":false,"template":"","format":"standard","meta":{"footnotes":"","_links_to":"","_links_to_target":""},"categories":[9],"tags":[],"class_list":["post-12656","post","type-post","status-publish","format-standard","hentry","category-noticias-da-imprensa"],"yoast_head":"<!-- This site is optimized with the Yoast SEO plugin v15.1 - https:\/\/yoast.com\/wordpress\/plugins\/seo\/ -->\n<title>Toffoli suspende decreto de Bolsonaro que incentiva escolas especiais para pessoas com defici\u00eancia &raquo; Abrelivros<\/title>\n<meta name=\"robots\" content=\"index, follow, max-snippet:-1, max-image-preview:large, max-video-preview:-1\" \/>\n<link rel=\"canonical\" href=\"https:\/\/abrelivros.org.br\/site\/toffoli-suspende-decreto-de-bolsonaro-que-incentiva-escolas-especiais-para-pessoas-com-deficiencia\/\" \/>\n<meta property=\"og:locale\" content=\"pt_BR\" \/>\n<meta property=\"og:type\" content=\"article\" \/>\n<meta property=\"og:title\" content=\"Toffoli suspende decreto de Bolsonaro que incentiva escolas especiais para pessoas com defici\u00eancia &raquo; Abrelivros\" \/>\n<meta property=\"og:description\" content=\"O ministro Dias Toffoli, do STF (Supremo Tribunal Federal), suspendeu nesta ter\u00e7a-feira (1) o decreto do governo federal que instituiu a Pol\u00edtica Nacional de Educa\u00e7\u00e3o Especial e incentiva a cria\u00e7\u00e3o de escolas e classes especializadas para pessoas com defici\u00eancia.\" \/>\n<meta property=\"og:url\" content=\"https:\/\/abrelivros.org.br\/site\/toffoli-suspende-decreto-de-bolsonaro-que-incentiva-escolas-especiais-para-pessoas-com-deficiencia\/\" \/>\n<meta property=\"og:site_name\" content=\"Abrelivros\" \/>\n<meta property=\"article:published_time\" content=\"2020-12-02T17:13:13+00:00\" \/>\n<meta name=\"twitter:card\" content=\"summary_large_image\" \/>\n<script type=\"application\/ld+json\" class=\"yoast-schema-graph\">{\"@context\":\"https:\/\/schema.org\",\"@graph\":[{\"@type\":\"WebSite\",\"@id\":\"https:\/\/abrelivros.org.br\/site\/#website\",\"url\":\"https:\/\/abrelivros.org.br\/site\/\",\"name\":\"Abrelivros\",\"description\":\"\",\"potentialAction\":[{\"@type\":\"SearchAction\",\"target\":\"https:\/\/abrelivros.org.br\/site\/?s={search_term_string}\",\"query-input\":\"required name=search_term_string\"}],\"inLanguage\":\"pt-BR\"},{\"@type\":\"WebPage\",\"@id\":\"https:\/\/abrelivros.org.br\/site\/toffoli-suspende-decreto-de-bolsonaro-que-incentiva-escolas-especiais-para-pessoas-com-deficiencia\/#webpage\",\"url\":\"https:\/\/abrelivros.org.br\/site\/toffoli-suspende-decreto-de-bolsonaro-que-incentiva-escolas-especiais-para-pessoas-com-deficiencia\/\",\"name\":\"Toffoli suspende decreto de Bolsonaro que incentiva escolas especiais para pessoas com defici\\u00eancia &raquo; Abrelivros\",\"isPartOf\":{\"@id\":\"https:\/\/abrelivros.org.br\/site\/#website\"},\"datePublished\":\"2020-12-02T17:13:13+00:00\",\"dateModified\":\"2020-12-02T17:13:13+00:00\",\"author\":{\"@id\":\"https:\/\/abrelivros.org.br\/site\/#\/schema\/person\/65db80e26409802ce15ac5feec6a15fd\"},\"breadcrumb\":{\"@id\":\"https:\/\/abrelivros.org.br\/site\/toffoli-suspende-decreto-de-bolsonaro-que-incentiva-escolas-especiais-para-pessoas-com-deficiencia\/#breadcrumb\"},\"inLanguage\":\"pt-BR\",\"potentialAction\":[{\"@type\":\"ReadAction\",\"target\":[\"https:\/\/abrelivros.org.br\/site\/toffoli-suspende-decreto-de-bolsonaro-que-incentiva-escolas-especiais-para-pessoas-com-deficiencia\/\"]}]},{\"@type\":\"BreadcrumbList\",\"@id\":\"https:\/\/abrelivros.org.br\/site\/toffoli-suspende-decreto-de-bolsonaro-que-incentiva-escolas-especiais-para-pessoas-com-deficiencia\/#breadcrumb\",\"itemListElement\":[{\"@type\":\"ListItem\",\"position\":1,\"item\":{\"@type\":\"WebPage\",\"@id\":\"https:\/\/abrelivros.org.br\/site\/\",\"url\":\"https:\/\/abrelivros.org.br\/site\/\",\"name\":\"In\\u00edcio\"}},{\"@type\":\"ListItem\",\"position\":2,\"item\":{\"@type\":\"WebPage\",\"@id\":\"https:\/\/abrelivros.org.br\/site\/category\/noticias\/\",\"url\":\"https:\/\/abrelivros.org.br\/site\/category\/noticias\/\",\"name\":\"Not\\u00edcias\"}},{\"@type\":\"ListItem\",\"position\":3,\"item\":{\"@type\":\"WebPage\",\"@id\":\"https:\/\/abrelivros.org.br\/site\/category\/noticias\/noticias-da-imprensa\/\",\"url\":\"https:\/\/abrelivros.org.br\/site\/category\/noticias\/noticias-da-imprensa\/\",\"name\":\"Not\\u00edcias da imprensa\"}},{\"@type\":\"ListItem\",\"position\":4,\"item\":{\"@type\":\"WebPage\",\"@id\":\"https:\/\/abrelivros.org.br\/site\/toffoli-suspende-decreto-de-bolsonaro-que-incentiva-escolas-especiais-para-pessoas-com-deficiencia\/\",\"url\":\"https:\/\/abrelivros.org.br\/site\/toffoli-suspende-decreto-de-bolsonaro-que-incentiva-escolas-especiais-para-pessoas-com-deficiencia\/\",\"name\":\"Toffoli suspende decreto de Bolsonaro que incentiva escolas especiais para pessoas com defici\\u00eancia\"}}]},{\"@type\":\"Person\",\"@id\":\"https:\/\/abrelivros.org.br\/site\/#\/schema\/person\/65db80e26409802ce15ac5feec6a15fd\",\"name\":\"Reda\\u00e7\\u00e3o Abrelivros\",\"image\":{\"@type\":\"ImageObject\",\"@id\":\"https:\/\/abrelivros.org.br\/site\/#personlogo\",\"inLanguage\":\"pt-BR\",\"url\":\"https:\/\/secure.gravatar.com\/avatar\/c4e57f9c7e3482965bd428192061218520756c39080b1d1820b679fa5e9af192?s=96&d=mm&r=g\",\"caption\":\"Reda\\u00e7\\u00e3o Abrelivros\"}}]}<\/script>\n<!-- \/ Yoast SEO plugin. -->","_links":{"self":[{"href":"https:\/\/abrelivros.org.br\/site\/wp-json\/wp\/v2\/posts\/12656","targetHints":{"allow":["GET"]}}],"collection":[{"href":"https:\/\/abrelivros.org.br\/site\/wp-json\/wp\/v2\/posts"}],"about":[{"href":"https:\/\/abrelivros.org.br\/site\/wp-json\/wp\/v2\/types\/post"}],"author":[{"embeddable":true,"href":"https:\/\/abrelivros.org.br\/site\/wp-json\/wp\/v2\/users\/4"}],"replies":[{"embeddable":true,"href":"https:\/\/abrelivros.org.br\/site\/wp-json\/wp\/v2\/comments?post=12656"}],"version-history":[{"count":1,"href":"https:\/\/abrelivros.org.br\/site\/wp-json\/wp\/v2\/posts\/12656\/revisions"}],"predecessor-version":[{"id":12657,"href":"https:\/\/abrelivros.org.br\/site\/wp-json\/wp\/v2\/posts\/12656\/revisions\/12657"}],"wp:attachment":[{"href":"https:\/\/abrelivros.org.br\/site\/wp-json\/wp\/v2\/media?parent=12656"}],"wp:term":[{"taxonomy":"category","embeddable":true,"href":"https:\/\/abrelivros.org.br\/site\/wp-json\/wp\/v2\/categories?post=12656"},{"taxonomy":"post_tag","embeddable":true,"href":"https:\/\/abrelivros.org.br\/site\/wp-json\/wp\/v2\/tags?post=12656"}],"curies":[{"name":"wp","href":"https:\/\/api.w.org\/{rel}","templated":true}]}}