{"id":12652,"date":"2020-12-02T14:06:52","date_gmt":"2020-12-02T17:06:52","guid":{"rendered":"https:\/\/abrelivros.org.br\/site\/?p=12652"},"modified":"2020-12-02T14:06:52","modified_gmt":"2020-12-02T17:06:52","slug":"sistema-ideb-por-escola-ja-esta-disponivel","status":"publish","type":"post","link":"https:\/\/abrelivros.org.br\/site\/sistema-ideb-por-escola-ja-esta-disponivel\/","title":{"rendered":"Sistema Ideb por Escola j\u00e1 est\u00e1 dispon\u00edvel"},"content":{"rendered":"<p>Al\u00e9m da consulta ao \u00edndice e aos seus componentes, o sistema possibilita o acesso a dados referentes \u00e0 complexidade da gest\u00e3o escolar e \u00e0s pr\u00e1ticas pedag\u00f3gicas inclusivas. \u00c9 poss\u00edvel acessar informa\u00e7\u00f5es sobre infraestrutura b\u00e1sica, espa\u00e7os de aprendizagem, equipamentos e saber mais sobre a organiza\u00e7\u00e3o da unidade de ensino. O sistema ainda apresenta a taxa de participa\u00e7\u00e3o de cada escola no Sistema de Avalia\u00e7\u00e3o da Educa\u00e7\u00e3o B\u00e1sica (Saeb) e a compara\u00e7\u00e3o do desempenho com escolas de perfis variados. Para melhor entendimento, as notas t\u00e9cnicas dos indicadores utilizados tamb\u00e9m podem ser consultadas.<!--more--><\/p>\n<p><strong>Resultados<\/strong> \u2013 Os resultados do Ideb 2019 foram apresentados, em coletiva de imprensa, no m\u00eas de setembro, pelo Minist\u00e9rio da Educa\u00e7\u00e3o (MEC) e pelo Inep. O \u00edndice mensura o desenvolvimento do sistema educacional brasileiro a partir da combina\u00e7\u00e3o entre a profici\u00eancia obtida pelos estudantes no Saeb e a taxa de aprova\u00e7\u00e3o escolar.<\/p>\n<p><strong>Ideb<\/strong> \u2013 O \u00cdndice de Desenvolvimento da Educa\u00e7\u00e3o B\u00e1sica foi criado em 2007 para monitorar o desempenho da educa\u00e7\u00e3o no Brasil. Ele re\u00fane, em um s\u00f3 indicador, os resultados de duas dimens\u00f5es: o fluxo escolar e as m\u00e9dias de desempenho nas avalia\u00e7\u00f5es de larga escala. O \u00edndice \u00e9 calculado a partir dos dados sobre aprova\u00e7\u00e3o, obtidos no Censo Escolar, e dos resultados do Saeb.<\/p>\n<p><a href=\"http:\/\/ideb.inep.gov.br\/\" target=\"_blank\" rel=\"noopener noreferrer\">Acesse o sistema do Ideb \u2013 Resultados e metas<\/a><\/p>\n<p><a href=\"http:\/\/download.inep.gov.br\/educacao_basica\/portal_ideb\/documentos\/2020\/Apresentacao_Coletiva_Imprensa_Saeb_2019.pdf\" target=\"_blank\" rel=\"noopener noreferrer\">Confira a apresenta\u00e7\u00e3o do Ideb 2019<\/a><\/p>\n<p><a href=\"https:\/\/www.gov.br\/areas-de-atuacao\/pesquisas-estatisticas-e-indicadores\/ideb\/resultados\" target=\"_blank\" rel=\"noopener noreferrer\">Acesse os resultados do Ideb 2019<\/a><\/p>\n<p><a href=\"http:\/\/download.inep.gov.br\/educacao_basica\/portal_ideb\/o_que_e_o_ideb\/nota_informativa_ideb2017_atualizado_Jun_2019.pdf\" target=\"_blank\" rel=\"noopener noreferrer\">Confira a Nota Informativa do Ideb 2019<\/a><\/p>\n<p><a href=\"http:\/\/download.inep.gov.br\/educacao_basica\/portal_ideb\/planilhas_para_download\/2019\/resumo_tecnico_ideb_2019_versao_preliminar.pdf\" target=\"_blank\" rel=\"noopener noreferrer\">Acesse o Resumo T\u00e9cnico 2019<\/a><\/p>\n<p><a href=\"http:\/\/idebescola.inep.gov.br\/ideb\/consulta-publica\" target=\"_blank\" rel=\"noopener noreferrer\">Acesse o sistema Ideb por Escola<\/a><\/p>\n","protected":false},"excerpt":{"rendered":"<p>Al\u00e9m da consulta ao \u00edndice e aos seus componentes, o sistema possibilita o acesso a dados referentes \u00e0 complexidade da gest\u00e3o escolar e \u00e0s pr\u00e1ticas pedag\u00f3gicas inclusivas. \u00c9 poss\u00edvel acessar informa\u00e7\u00f5es sobre infraestrutura b\u00e1sica, espa\u00e7os de aprendizagem, equipamentos e saber mais sobre a organiza\u00e7\u00e3o da unidade de ensino. O sistema ainda apresenta a taxa de [&hellip;]<\/p>\n","protected":false},"author":4,"featured_media":0,"comment_status":"closed","ping_status":"closed","sticky":false,"template":"","format":"standard","meta":{"footnotes":"","_links_to":"","_links_to_target":""},"categories":[9],"tags":[],"class_list":["post-12652","post","type-post","status-publish","format-standard","hentry","category-noticias-da-imprensa"],"yoast_head":"<!-- This site is optimized with the Yoast SEO plugin v15.1 - https:\/\/yoast.com\/wordpress\/plugins\/seo\/ -->\n<title>Sistema Ideb por Escola j\u00e1 est\u00e1 dispon\u00edvel &raquo; Abrelivros<\/title>\n<meta name=\"robots\" content=\"index, follow, max-snippet:-1, max-image-preview:large, max-video-preview:-1\" \/>\n<link rel=\"canonical\" href=\"https:\/\/abrelivros.org.br\/site\/sistema-ideb-por-escola-ja-esta-disponivel\/\" \/>\n<meta property=\"og:locale\" content=\"pt_BR\" \/>\n<meta property=\"og:type\" content=\"article\" \/>\n<meta property=\"og:title\" content=\"Sistema Ideb por Escola j\u00e1 est\u00e1 dispon\u00edvel &raquo; Abrelivros\" \/>\n<meta property=\"og:description\" content=\"Al\u00e9m da consulta ao \u00edndice e aos seus componentes, o sistema possibilita o acesso a dados referentes \u00e0 complexidade da gest\u00e3o escolar e \u00e0s pr\u00e1ticas pedag\u00f3gicas inclusivas. \u00c9 poss\u00edvel acessar informa\u00e7\u00f5es sobre infraestrutura b\u00e1sica, espa\u00e7os de aprendizagem, equipamentos e saber mais sobre a organiza\u00e7\u00e3o da unidade de ensino. O sistema ainda apresenta a taxa de [&hellip;]\" \/>\n<meta property=\"og:url\" content=\"https:\/\/abrelivros.org.br\/site\/sistema-ideb-por-escola-ja-esta-disponivel\/\" \/>\n<meta property=\"og:site_name\" content=\"Abrelivros\" \/>\n<meta property=\"article:published_time\" content=\"2020-12-02T17:06:52+00:00\" \/>\n<meta name=\"twitter:card\" content=\"summary_large_image\" \/>\n<script type=\"application\/ld+json\" class=\"yoast-schema-graph\">{\"@context\":\"https:\/\/schema.org\",\"@graph\":[{\"@type\":\"WebSite\",\"@id\":\"https:\/\/abrelivros.org.br\/site\/#website\",\"url\":\"https:\/\/abrelivros.org.br\/site\/\",\"name\":\"Abrelivros\",\"description\":\"\",\"potentialAction\":[{\"@type\":\"SearchAction\",\"target\":\"https:\/\/abrelivros.org.br\/site\/?s={search_term_string}\",\"query-input\":\"required name=search_term_string\"}],\"inLanguage\":\"pt-BR\"},{\"@type\":\"WebPage\",\"@id\":\"https:\/\/abrelivros.org.br\/site\/sistema-ideb-por-escola-ja-esta-disponivel\/#webpage\",\"url\":\"https:\/\/abrelivros.org.br\/site\/sistema-ideb-por-escola-ja-esta-disponivel\/\",\"name\":\"Sistema Ideb por Escola j\\u00e1 est\\u00e1 dispon\\u00edvel &raquo; Abrelivros\",\"isPartOf\":{\"@id\":\"https:\/\/abrelivros.org.br\/site\/#website\"},\"datePublished\":\"2020-12-02T17:06:52+00:00\",\"dateModified\":\"2020-12-02T17:06:52+00:00\",\"author\":{\"@id\":\"https:\/\/abrelivros.org.br\/site\/#\/schema\/person\/65db80e26409802ce15ac5feec6a15fd\"},\"breadcrumb\":{\"@id\":\"https:\/\/abrelivros.org.br\/site\/sistema-ideb-por-escola-ja-esta-disponivel\/#breadcrumb\"},\"inLanguage\":\"pt-BR\",\"potentialAction\":[{\"@type\":\"ReadAction\",\"target\":[\"https:\/\/abrelivros.org.br\/site\/sistema-ideb-por-escola-ja-esta-disponivel\/\"]}]},{\"@type\":\"BreadcrumbList\",\"@id\":\"https:\/\/abrelivros.org.br\/site\/sistema-ideb-por-escola-ja-esta-disponivel\/#breadcrumb\",\"itemListElement\":[{\"@type\":\"ListItem\",\"position\":1,\"item\":{\"@type\":\"WebPage\",\"@id\":\"https:\/\/abrelivros.org.br\/site\/\",\"url\":\"https:\/\/abrelivros.org.br\/site\/\",\"name\":\"In\\u00edcio\"}},{\"@type\":\"ListItem\",\"position\":2,\"item\":{\"@type\":\"WebPage\",\"@id\":\"https:\/\/abrelivros.org.br\/site\/category\/noticias\/\",\"url\":\"https:\/\/abrelivros.org.br\/site\/category\/noticias\/\",\"name\":\"Not\\u00edcias\"}},{\"@type\":\"ListItem\",\"position\":3,\"item\":{\"@type\":\"WebPage\",\"@id\":\"https:\/\/abrelivros.org.br\/site\/category\/noticias\/noticias-da-imprensa\/\",\"url\":\"https:\/\/abrelivros.org.br\/site\/category\/noticias\/noticias-da-imprensa\/\",\"name\":\"Not\\u00edcias da imprensa\"}},{\"@type\":\"ListItem\",\"position\":4,\"item\":{\"@type\":\"WebPage\",\"@id\":\"https:\/\/abrelivros.org.br\/site\/sistema-ideb-por-escola-ja-esta-disponivel\/\",\"url\":\"https:\/\/abrelivros.org.br\/site\/sistema-ideb-por-escola-ja-esta-disponivel\/\",\"name\":\"Sistema Ideb por Escola j\\u00e1 est\\u00e1 dispon\\u00edvel\"}}]},{\"@type\":\"Person\",\"@id\":\"https:\/\/abrelivros.org.br\/site\/#\/schema\/person\/65db80e26409802ce15ac5feec6a15fd\",\"name\":\"Reda\\u00e7\\u00e3o Abrelivros\",\"image\":{\"@type\":\"ImageObject\",\"@id\":\"https:\/\/abrelivros.org.br\/site\/#personlogo\",\"inLanguage\":\"pt-BR\",\"url\":\"https:\/\/secure.gravatar.com\/avatar\/c4e57f9c7e3482965bd428192061218520756c39080b1d1820b679fa5e9af192?s=96&d=mm&r=g\",\"caption\":\"Reda\\u00e7\\u00e3o Abrelivros\"}}]}<\/script>\n<!-- \/ Yoast SEO plugin. -->","_links":{"self":[{"href":"https:\/\/abrelivros.org.br\/site\/wp-json\/wp\/v2\/posts\/12652","targetHints":{"allow":["GET"]}}],"collection":[{"href":"https:\/\/abrelivros.org.br\/site\/wp-json\/wp\/v2\/posts"}],"about":[{"href":"https:\/\/abrelivros.org.br\/site\/wp-json\/wp\/v2\/types\/post"}],"author":[{"embeddable":true,"href":"https:\/\/abrelivros.org.br\/site\/wp-json\/wp\/v2\/users\/4"}],"replies":[{"embeddable":true,"href":"https:\/\/abrelivros.org.br\/site\/wp-json\/wp\/v2\/comments?post=12652"}],"version-history":[{"count":1,"href":"https:\/\/abrelivros.org.br\/site\/wp-json\/wp\/v2\/posts\/12652\/revisions"}],"predecessor-version":[{"id":12653,"href":"https:\/\/abrelivros.org.br\/site\/wp-json\/wp\/v2\/posts\/12652\/revisions\/12653"}],"wp:attachment":[{"href":"https:\/\/abrelivros.org.br\/site\/wp-json\/wp\/v2\/media?parent=12652"}],"wp:term":[{"taxonomy":"category","embeddable":true,"href":"https:\/\/abrelivros.org.br\/site\/wp-json\/wp\/v2\/categories?post=12652"},{"taxonomy":"post_tag","embeddable":true,"href":"https:\/\/abrelivros.org.br\/site\/wp-json\/wp\/v2\/tags?post=12652"}],"curies":[{"name":"wp","href":"https:\/\/api.w.org\/{rel}","templated":true}]}}