{"id":12650,"date":"2020-12-02T14:00:43","date_gmt":"2020-12-02T17:00:43","guid":{"rendered":"https:\/\/abrelivros.org.br\/site\/?p=12650"},"modified":"2020-12-02T14:00:43","modified_gmt":"2020-12-02T17:00:43","slug":"mais-de-6-milhoes-de-estudantes-nao-tiveram-acesso-a-atividades-escolares-em-outubro-aponta-ibge","status":"publish","type":"post","link":"https:\/\/abrelivros.org.br\/site\/mais-de-6-milhoes-de-estudantes-nao-tiveram-acesso-a-atividades-escolares-em-outubro-aponta-ibge\/","title":{"rendered":"Mais de 6 milh\u00f5es de estudantes n\u00e3o tiveram acesso a atividades escolares em outubro, aponta IBGE"},"content":{"rendered":"<p>Mais de 6 milh\u00f5es de estudantes de 6 a 29 anos, da educa\u00e7\u00e3o b\u00e1sica ao ensino superior, n\u00e3o tiveram acesso a atividades escolares durante outubro, de acordo com a pesquisa <a href=\"https:\/\/g1.globo.com\/economia\/noticia\/2020\/05\/04\/ibge-da-inicio-a-pesquisa-sobre-a-covid-19-com-entrevistas-por-telefone-da-pnad-continua.ghtml\" target=\"_blank\" rel=\"noopener noreferrer\">Pnad Covid19<\/a> do Instituto Brasileiro de Geografia e Estat\u00edstica (IBGE), divulgada nesta ter\u00e7a-feira (1\u00ba). O n\u00famero representa 13,2% dos alunos matriculados naquele m\u00eas.<!--more--><\/p>\n<p><strong>Alunos matriculados e sem atividades na pandemia (em milh\u00f5es)<\/strong><\/p>\n<p>13,2% do total de matriculados n\u00e3o tiveram atividades escolares em outubro<\/p>\n<p>Total de alunos matriculados: 46,4Alunos matriculados e sem atividades: 6,1<\/p>\n<p>Fonte: IBGE<\/p>\n<p>O maior percentual de alunos matriculados e sem atividades \u00e9 da regi\u00e3o Norte, com 29,3%. O \u00edndice est\u00e1 bem acima dos registrados no Sul (5,1%), Centro-Oeste (7,4%) e Sudeste (9,2%).<\/p>\n<p>Apesar de alto, o \u00edndice vem apresentando queda desde julho, quando o percentual de alunos de 6 a 29 anos matriculados e sem atividades escolares era de 19,1%.<\/p>\n<p><strong>Percentual de alunos sem atividades escolares (%)<\/strong><\/p>\n<p>\u00cdndice \u00e9 alto, mas vem apresentando queda desde julho.<\/p>\n<p>19,119,116,616,614,514,513,213,2 Julho Agosto Setembro Outubro 0510152025<\/p>\n<p>Fonte: IBGE<\/p>\n<p><strong>Alunos do ensino m\u00e9dio s\u00e3o mais afetados<\/strong><\/p>\n<p>Em rela\u00e7\u00e3o ao n\u00edvel de escolaridade, o maior percentual dos alunos sem atividades est\u00e1 matriculado no ensino m\u00e9dio. S\u00e3o 16,4%. Em seguida vem o ensino superior (13,9%) e fundamental (11,8%).<\/p>\n<p><strong>A falta de atividades no ensino m\u00e9dio pode levar \u00e0 evas\u00e3o e abandono escolar. Segundo especialistas, esta etapa da educa\u00e7\u00e3o \u00e9 um dos pontos cr\u00edticos, devido ao alto n\u00famero de alunos que n\u00e3o concluem os estudos. Mais da metade da popula\u00e7\u00e3o (52%) acima de 25 anos n\u00e3o terminou o ensino m\u00e9dio.<\/strong><\/p>\n<p><strong>N\u00edvel de escolaridade dos alunos sem atividades em outubro<\/strong><\/p>\n<p>Maior percentual \u00e9 de estudantes do ensino m\u00e9dio.<\/p>\n<p>16,716,713,913,911,811,8 Ensino M\u00e9dio Ensino Superior Ensino Fundamental l05101520<\/p>\n<p>Fonte: IBGE<\/p>\n<p><strong>Norte tem mais alunos sem atividades<\/strong><\/p>\n<p>A an\u00e1lise do n\u00edvel de escolaridade por regi\u00e3o aponta maior desigualdade no acesso \u00e0 educa\u00e7\u00e3o na regi\u00e3o Norte: tr\u00eas em cada dez estudantes n\u00e3o tiveram acesso a atividades escolares em outubro.<\/p>\n<p>No ensino fundamental, o percentual \u00e9 de 27,9%; no ensino m\u00e9dio, 33,8% e, no ensino superior, o percentual foi de 28,8%.<\/p>\n<p>Nas demais regi\u00f5es do pa\u00eds, os n\u00fameros s\u00e3o menores. A regi\u00e3o Sul \u00e9 a que mais tem alunos estudando. Em outubro, 3,5% dos estudantes do ensino fundamental, 5,1% do ensino m\u00e9dio e 9,5% do ensino superior n\u00e3o tiveram atividades.<\/p>\n<p><strong>Acesso \u00e0 educa\u00e7\u00e3o \u00e9 pior entre os pobres<\/strong><\/p>\n<p>Entre os alunos que vivem em moradias com rendimento de at\u00e9 meio sal\u00e1rio m\u00ednimo por pessoa, 17,9% n\u00e3o tiveram atividades escolares em outubro. Comparando a domic\u00edlios com renda de quatro ou mais sal\u00e1rios, o percentual cai para 5,8%.<\/p>\n<p>Especialistas apontam que falta acesso \u00e0 internet para estes alunos mais pobres acompanharem as aulas, al\u00e9m de estas fam\u00edlias estarem sendo mais impactadas com a perda de renda durante a pandemia.<\/p>\n<p>Por cada jovem que abandona a escola, o Brasil perde R$ 372 mil reais por ano, apontam c\u00e1lculos de Ricardo Paes de Barros, economista-chefe do Instituto Ayrton Senna, em estudo feito neste m\u00eas em parceria do Insper com a Funda\u00e7\u00e3o Roberto Marinho.<\/p>\n","protected":false},"excerpt":{"rendered":"<p>Mais de 6 milh\u00f5es de estudantes de 6 a 29 anos, da educa\u00e7\u00e3o b\u00e1sica ao ensino superior, n\u00e3o tiveram acesso a atividades escolares durante outubro, de acordo com a pesquisa Pnad Covid19 do Instituto Brasileiro de Geografia e Estat\u00edstica (IBGE), divulgada nesta ter\u00e7a-feira (1\u00ba). O n\u00famero representa 13,2% dos alunos matriculados naquele m\u00eas.<\/p>\n","protected":false},"author":4,"featured_media":0,"comment_status":"closed","ping_status":"closed","sticky":false,"template":"","format":"standard","meta":{"footnotes":"","_links_to":"","_links_to_target":""},"categories":[9],"tags":[],"class_list":["post-12650","post","type-post","status-publish","format-standard","hentry","category-noticias-da-imprensa"],"yoast_head":"<!-- This site is optimized with the Yoast SEO plugin v15.1 - https:\/\/yoast.com\/wordpress\/plugins\/seo\/ -->\n<title>Mais de 6 milh\u00f5es de estudantes n\u00e3o tiveram acesso a atividades escolares em outubro, aponta IBGE &raquo; Abrelivros<\/title>\n<meta name=\"robots\" content=\"index, follow, max-snippet:-1, max-image-preview:large, max-video-preview:-1\" \/>\n<link rel=\"canonical\" href=\"https:\/\/abrelivros.org.br\/site\/mais-de-6-milhoes-de-estudantes-nao-tiveram-acesso-a-atividades-escolares-em-outubro-aponta-ibge\/\" \/>\n<meta property=\"og:locale\" content=\"pt_BR\" \/>\n<meta property=\"og:type\" content=\"article\" \/>\n<meta property=\"og:title\" content=\"Mais de 6 milh\u00f5es de estudantes n\u00e3o tiveram acesso a atividades escolares em outubro, aponta IBGE &raquo; Abrelivros\" \/>\n<meta property=\"og:description\" content=\"Mais de 6 milh\u00f5es de estudantes de 6 a 29 anos, da educa\u00e7\u00e3o b\u00e1sica ao ensino superior, n\u00e3o tiveram acesso a atividades escolares durante outubro, de acordo com a pesquisa Pnad Covid19 do Instituto Brasileiro de Geografia e Estat\u00edstica (IBGE), divulgada nesta ter\u00e7a-feira (1\u00ba). O n\u00famero representa 13,2% dos alunos matriculados naquele m\u00eas.\" \/>\n<meta property=\"og:url\" content=\"https:\/\/abrelivros.org.br\/site\/mais-de-6-milhoes-de-estudantes-nao-tiveram-acesso-a-atividades-escolares-em-outubro-aponta-ibge\/\" \/>\n<meta property=\"og:site_name\" content=\"Abrelivros\" \/>\n<meta property=\"article:published_time\" content=\"2020-12-02T17:00:43+00:00\" \/>\n<meta name=\"twitter:card\" content=\"summary_large_image\" \/>\n<script type=\"application\/ld+json\" class=\"yoast-schema-graph\">{\"@context\":\"https:\/\/schema.org\",\"@graph\":[{\"@type\":\"WebSite\",\"@id\":\"https:\/\/abrelivros.org.br\/site\/#website\",\"url\":\"https:\/\/abrelivros.org.br\/site\/\",\"name\":\"Abrelivros\",\"description\":\"\",\"potentialAction\":[{\"@type\":\"SearchAction\",\"target\":\"https:\/\/abrelivros.org.br\/site\/?s={search_term_string}\",\"query-input\":\"required name=search_term_string\"}],\"inLanguage\":\"pt-BR\"},{\"@type\":\"WebPage\",\"@id\":\"https:\/\/abrelivros.org.br\/site\/mais-de-6-milhoes-de-estudantes-nao-tiveram-acesso-a-atividades-escolares-em-outubro-aponta-ibge\/#webpage\",\"url\":\"https:\/\/abrelivros.org.br\/site\/mais-de-6-milhoes-de-estudantes-nao-tiveram-acesso-a-atividades-escolares-em-outubro-aponta-ibge\/\",\"name\":\"Mais de 6 milh\\u00f5es de estudantes n\\u00e3o tiveram acesso a atividades escolares em outubro, aponta IBGE &raquo; Abrelivros\",\"isPartOf\":{\"@id\":\"https:\/\/abrelivros.org.br\/site\/#website\"},\"datePublished\":\"2020-12-02T17:00:43+00:00\",\"dateModified\":\"2020-12-02T17:00:43+00:00\",\"author\":{\"@id\":\"https:\/\/abrelivros.org.br\/site\/#\/schema\/person\/65db80e26409802ce15ac5feec6a15fd\"},\"breadcrumb\":{\"@id\":\"https:\/\/abrelivros.org.br\/site\/mais-de-6-milhoes-de-estudantes-nao-tiveram-acesso-a-atividades-escolares-em-outubro-aponta-ibge\/#breadcrumb\"},\"inLanguage\":\"pt-BR\",\"potentialAction\":[{\"@type\":\"ReadAction\",\"target\":[\"https:\/\/abrelivros.org.br\/site\/mais-de-6-milhoes-de-estudantes-nao-tiveram-acesso-a-atividades-escolares-em-outubro-aponta-ibge\/\"]}]},{\"@type\":\"BreadcrumbList\",\"@id\":\"https:\/\/abrelivros.org.br\/site\/mais-de-6-milhoes-de-estudantes-nao-tiveram-acesso-a-atividades-escolares-em-outubro-aponta-ibge\/#breadcrumb\",\"itemListElement\":[{\"@type\":\"ListItem\",\"position\":1,\"item\":{\"@type\":\"WebPage\",\"@id\":\"https:\/\/abrelivros.org.br\/site\/\",\"url\":\"https:\/\/abrelivros.org.br\/site\/\",\"name\":\"In\\u00edcio\"}},{\"@type\":\"ListItem\",\"position\":2,\"item\":{\"@type\":\"WebPage\",\"@id\":\"https:\/\/abrelivros.org.br\/site\/category\/noticias\/\",\"url\":\"https:\/\/abrelivros.org.br\/site\/category\/noticias\/\",\"name\":\"Not\\u00edcias\"}},{\"@type\":\"ListItem\",\"position\":3,\"item\":{\"@type\":\"WebPage\",\"@id\":\"https:\/\/abrelivros.org.br\/site\/category\/noticias\/noticias-da-imprensa\/\",\"url\":\"https:\/\/abrelivros.org.br\/site\/category\/noticias\/noticias-da-imprensa\/\",\"name\":\"Not\\u00edcias da imprensa\"}},{\"@type\":\"ListItem\",\"position\":4,\"item\":{\"@type\":\"WebPage\",\"@id\":\"https:\/\/abrelivros.org.br\/site\/mais-de-6-milhoes-de-estudantes-nao-tiveram-acesso-a-atividades-escolares-em-outubro-aponta-ibge\/\",\"url\":\"https:\/\/abrelivros.org.br\/site\/mais-de-6-milhoes-de-estudantes-nao-tiveram-acesso-a-atividades-escolares-em-outubro-aponta-ibge\/\",\"name\":\"Mais de 6 milh\\u00f5es de estudantes n\\u00e3o tiveram acesso a atividades escolares em outubro, aponta IBGE\"}}]},{\"@type\":\"Person\",\"@id\":\"https:\/\/abrelivros.org.br\/site\/#\/schema\/person\/65db80e26409802ce15ac5feec6a15fd\",\"name\":\"Reda\\u00e7\\u00e3o Abrelivros\",\"image\":{\"@type\":\"ImageObject\",\"@id\":\"https:\/\/abrelivros.org.br\/site\/#personlogo\",\"inLanguage\":\"pt-BR\",\"url\":\"https:\/\/secure.gravatar.com\/avatar\/c4e57f9c7e3482965bd428192061218520756c39080b1d1820b679fa5e9af192?s=96&d=mm&r=g\",\"caption\":\"Reda\\u00e7\\u00e3o Abrelivros\"}}]}<\/script>\n<!-- \/ Yoast SEO plugin. -->","_links":{"self":[{"href":"https:\/\/abrelivros.org.br\/site\/wp-json\/wp\/v2\/posts\/12650","targetHints":{"allow":["GET"]}}],"collection":[{"href":"https:\/\/abrelivros.org.br\/site\/wp-json\/wp\/v2\/posts"}],"about":[{"href":"https:\/\/abrelivros.org.br\/site\/wp-json\/wp\/v2\/types\/post"}],"author":[{"embeddable":true,"href":"https:\/\/abrelivros.org.br\/site\/wp-json\/wp\/v2\/users\/4"}],"replies":[{"embeddable":true,"href":"https:\/\/abrelivros.org.br\/site\/wp-json\/wp\/v2\/comments?post=12650"}],"version-history":[{"count":1,"href":"https:\/\/abrelivros.org.br\/site\/wp-json\/wp\/v2\/posts\/12650\/revisions"}],"predecessor-version":[{"id":12651,"href":"https:\/\/abrelivros.org.br\/site\/wp-json\/wp\/v2\/posts\/12650\/revisions\/12651"}],"wp:attachment":[{"href":"https:\/\/abrelivros.org.br\/site\/wp-json\/wp\/v2\/media?parent=12650"}],"wp:term":[{"taxonomy":"category","embeddable":true,"href":"https:\/\/abrelivros.org.br\/site\/wp-json\/wp\/v2\/categories?post=12650"},{"taxonomy":"post_tag","embeddable":true,"href":"https:\/\/abrelivros.org.br\/site\/wp-json\/wp\/v2\/tags?post=12650"}],"curies":[{"name":"wp","href":"https:\/\/api.w.org\/{rel}","templated":true}]}}