{"id":12648,"date":"2020-12-02T13:54:20","date_gmt":"2020-12-02T16:54:20","guid":{"rendered":"https:\/\/abrelivros.org.br\/site\/?p=12648"},"modified":"2020-12-02T13:54:20","modified_gmt":"2020-12-02T16:54:20","slug":"educador-avalia-a-efetividade-da-lei-10-639-03-na-rede-de-ensino-municipal-de-sao-paulo","status":"publish","type":"post","link":"https:\/\/abrelivros.org.br\/site\/educador-avalia-a-efetividade-da-lei-10-639-03-na-rede-de-ensino-municipal-de-sao-paulo\/","title":{"rendered":"Educador avalia a efetividade da Lei 10.639\/03 na rede de ensino municipal de S\u00e3o Paulo"},"content":{"rendered":"<p>Em entrevista ao podcast Os Novos Cientistas, o educador Caio C\u00e2ndido Ferraro deu detalhes de sua pesquisa em que analisou a lei que obriga a presen\u00e7a da tem\u00e1tica \u201cHist\u00f3ria e Cultura Afro-Brasileira e Africana\u201d em todas as institui\u00e7\u00f5es de ensino b\u00e1sico do Pa\u00eds. A Lei 10.639\/03 foi sancionada em 2003.<!--more--><\/p>\n<p>Em seu estudo, apresentado na Faculdade de Educa\u00e7\u00e3o (FE) da USP, intitulado Religi\u00f5es afro-brasileiras na escola: silenciamentos que a lei 10.639\/03 (ainda) n\u00e3o p\u00f4de revogar, Caio teve a orienta\u00e7\u00e3o da professora Fabiana Augusta Alves Jardim, da FE. A pesquisa foi desenvolvida entre as observa\u00e7\u00f5es realizadas pelo educador ao longo de seu trabalho nas escolas e no contato com a literatura produzida em torno da lei.<\/p>\n<p>De acordo com o pesquisador, a promulga\u00e7\u00e3o da Lei 10.639\/03 concretizou uma s\u00e9rie de lutas do Movimento Negro pelo direito \u00e0 educa\u00e7\u00e3o da popula\u00e7\u00e3o negra brasileira, mesmo consciente de que a dist\u00e2ncia entre a aprova\u00e7\u00e3o de uma lei e sua real efetiva\u00e7\u00e3o dependeria de outros tantos embates pol\u00edticos.<\/p>\n<p>O educador estabeleceu como eixo investigativo a atua\u00e7\u00e3o do professor, para entendermos quais as configura\u00e7\u00f5es e sentidos que o silenciamento das religi\u00f5es afro-brasileiras assume nas unidades de ensino da Rede Municipal de Educa\u00e7\u00e3o de S\u00e3o Paulo. O ponto inicial do estudo foi a an\u00e1lise dos trabalhos apresentados no I Congresso Municipal de Educa\u00e7\u00e3o para as Rela\u00e7\u00f5es \u00c9tnico-Raciais.<\/p>\n","protected":false},"excerpt":{"rendered":"<p>Em entrevista ao podcast Os Novos Cientistas, o educador Caio C\u00e2ndido Ferraro deu detalhes de sua pesquisa em que analisou a lei que obriga a presen\u00e7a da tem\u00e1tica \u201cHist\u00f3ria e Cultura Afro-Brasileira e Africana\u201d em todas as institui\u00e7\u00f5es de ensino b\u00e1sico do Pa\u00eds. A Lei 10.639\/03 foi sancionada em 2003.<\/p>\n","protected":false},"author":4,"featured_media":0,"comment_status":"closed","ping_status":"closed","sticky":false,"template":"","format":"standard","meta":{"footnotes":"","_links_to":"","_links_to_target":""},"categories":[9],"tags":[],"class_list":["post-12648","post","type-post","status-publish","format-standard","hentry","category-noticias-da-imprensa"],"yoast_head":"<!-- This site is optimized with the Yoast SEO plugin v15.1 - https:\/\/yoast.com\/wordpress\/plugins\/seo\/ -->\n<title>Educador avalia a efetividade da Lei 10.639\/03 na rede de ensino municipal de S\u00e3o Paulo &raquo; Abrelivros<\/title>\n<meta name=\"robots\" content=\"index, follow, max-snippet:-1, max-image-preview:large, max-video-preview:-1\" \/>\n<link rel=\"canonical\" href=\"https:\/\/abrelivros.org.br\/site\/educador-avalia-a-efetividade-da-lei-10-639-03-na-rede-de-ensino-municipal-de-sao-paulo\/\" \/>\n<meta property=\"og:locale\" content=\"pt_BR\" \/>\n<meta property=\"og:type\" content=\"article\" \/>\n<meta property=\"og:title\" content=\"Educador avalia a efetividade da Lei 10.639\/03 na rede de ensino municipal de S\u00e3o Paulo &raquo; Abrelivros\" \/>\n<meta property=\"og:description\" content=\"Em entrevista ao podcast Os Novos Cientistas, o educador Caio C\u00e2ndido Ferraro deu detalhes de sua pesquisa em que analisou a lei que obriga a presen\u00e7a da tem\u00e1tica \u201cHist\u00f3ria e Cultura Afro-Brasileira e Africana\u201d em todas as institui\u00e7\u00f5es de ensino b\u00e1sico do Pa\u00eds. A Lei 10.639\/03 foi sancionada em 2003.\" \/>\n<meta property=\"og:url\" content=\"https:\/\/abrelivros.org.br\/site\/educador-avalia-a-efetividade-da-lei-10-639-03-na-rede-de-ensino-municipal-de-sao-paulo\/\" \/>\n<meta property=\"og:site_name\" content=\"Abrelivros\" \/>\n<meta property=\"article:published_time\" content=\"2020-12-02T16:54:20+00:00\" \/>\n<meta name=\"twitter:card\" content=\"summary_large_image\" \/>\n<script type=\"application\/ld+json\" class=\"yoast-schema-graph\">{\"@context\":\"https:\/\/schema.org\",\"@graph\":[{\"@type\":\"WebSite\",\"@id\":\"https:\/\/abrelivros.org.br\/site\/#website\",\"url\":\"https:\/\/abrelivros.org.br\/site\/\",\"name\":\"Abrelivros\",\"description\":\"\",\"potentialAction\":[{\"@type\":\"SearchAction\",\"target\":\"https:\/\/abrelivros.org.br\/site\/?s={search_term_string}\",\"query-input\":\"required name=search_term_string\"}],\"inLanguage\":\"pt-BR\"},{\"@type\":\"WebPage\",\"@id\":\"https:\/\/abrelivros.org.br\/site\/educador-avalia-a-efetividade-da-lei-10-639-03-na-rede-de-ensino-municipal-de-sao-paulo\/#webpage\",\"url\":\"https:\/\/abrelivros.org.br\/site\/educador-avalia-a-efetividade-da-lei-10-639-03-na-rede-de-ensino-municipal-de-sao-paulo\/\",\"name\":\"Educador avalia a efetividade da Lei 10.639\/03 na rede de ensino municipal de S\\u00e3o Paulo &raquo; Abrelivros\",\"isPartOf\":{\"@id\":\"https:\/\/abrelivros.org.br\/site\/#website\"},\"datePublished\":\"2020-12-02T16:54:20+00:00\",\"dateModified\":\"2020-12-02T16:54:20+00:00\",\"author\":{\"@id\":\"https:\/\/abrelivros.org.br\/site\/#\/schema\/person\/65db80e26409802ce15ac5feec6a15fd\"},\"breadcrumb\":{\"@id\":\"https:\/\/abrelivros.org.br\/site\/educador-avalia-a-efetividade-da-lei-10-639-03-na-rede-de-ensino-municipal-de-sao-paulo\/#breadcrumb\"},\"inLanguage\":\"pt-BR\",\"potentialAction\":[{\"@type\":\"ReadAction\",\"target\":[\"https:\/\/abrelivros.org.br\/site\/educador-avalia-a-efetividade-da-lei-10-639-03-na-rede-de-ensino-municipal-de-sao-paulo\/\"]}]},{\"@type\":\"BreadcrumbList\",\"@id\":\"https:\/\/abrelivros.org.br\/site\/educador-avalia-a-efetividade-da-lei-10-639-03-na-rede-de-ensino-municipal-de-sao-paulo\/#breadcrumb\",\"itemListElement\":[{\"@type\":\"ListItem\",\"position\":1,\"item\":{\"@type\":\"WebPage\",\"@id\":\"https:\/\/abrelivros.org.br\/site\/\",\"url\":\"https:\/\/abrelivros.org.br\/site\/\",\"name\":\"In\\u00edcio\"}},{\"@type\":\"ListItem\",\"position\":2,\"item\":{\"@type\":\"WebPage\",\"@id\":\"https:\/\/abrelivros.org.br\/site\/category\/noticias\/\",\"url\":\"https:\/\/abrelivros.org.br\/site\/category\/noticias\/\",\"name\":\"Not\\u00edcias\"}},{\"@type\":\"ListItem\",\"position\":3,\"item\":{\"@type\":\"WebPage\",\"@id\":\"https:\/\/abrelivros.org.br\/site\/category\/noticias\/noticias-da-imprensa\/\",\"url\":\"https:\/\/abrelivros.org.br\/site\/category\/noticias\/noticias-da-imprensa\/\",\"name\":\"Not\\u00edcias da imprensa\"}},{\"@type\":\"ListItem\",\"position\":4,\"item\":{\"@type\":\"WebPage\",\"@id\":\"https:\/\/abrelivros.org.br\/site\/educador-avalia-a-efetividade-da-lei-10-639-03-na-rede-de-ensino-municipal-de-sao-paulo\/\",\"url\":\"https:\/\/abrelivros.org.br\/site\/educador-avalia-a-efetividade-da-lei-10-639-03-na-rede-de-ensino-municipal-de-sao-paulo\/\",\"name\":\"Educador avalia a efetividade da Lei 10.639\/03 na rede de ensino municipal de S\\u00e3o Paulo\"}}]},{\"@type\":\"Person\",\"@id\":\"https:\/\/abrelivros.org.br\/site\/#\/schema\/person\/65db80e26409802ce15ac5feec6a15fd\",\"name\":\"Reda\\u00e7\\u00e3o Abrelivros\",\"image\":{\"@type\":\"ImageObject\",\"@id\":\"https:\/\/abrelivros.org.br\/site\/#personlogo\",\"inLanguage\":\"pt-BR\",\"url\":\"https:\/\/secure.gravatar.com\/avatar\/c4e57f9c7e3482965bd428192061218520756c39080b1d1820b679fa5e9af192?s=96&d=mm&r=g\",\"caption\":\"Reda\\u00e7\\u00e3o Abrelivros\"}}]}<\/script>\n<!-- \/ Yoast SEO plugin. -->","_links":{"self":[{"href":"https:\/\/abrelivros.org.br\/site\/wp-json\/wp\/v2\/posts\/12648","targetHints":{"allow":["GET"]}}],"collection":[{"href":"https:\/\/abrelivros.org.br\/site\/wp-json\/wp\/v2\/posts"}],"about":[{"href":"https:\/\/abrelivros.org.br\/site\/wp-json\/wp\/v2\/types\/post"}],"author":[{"embeddable":true,"href":"https:\/\/abrelivros.org.br\/site\/wp-json\/wp\/v2\/users\/4"}],"replies":[{"embeddable":true,"href":"https:\/\/abrelivros.org.br\/site\/wp-json\/wp\/v2\/comments?post=12648"}],"version-history":[{"count":1,"href":"https:\/\/abrelivros.org.br\/site\/wp-json\/wp\/v2\/posts\/12648\/revisions"}],"predecessor-version":[{"id":12649,"href":"https:\/\/abrelivros.org.br\/site\/wp-json\/wp\/v2\/posts\/12648\/revisions\/12649"}],"wp:attachment":[{"href":"https:\/\/abrelivros.org.br\/site\/wp-json\/wp\/v2\/media?parent=12648"}],"wp:term":[{"taxonomy":"category","embeddable":true,"href":"https:\/\/abrelivros.org.br\/site\/wp-json\/wp\/v2\/categories?post=12648"},{"taxonomy":"post_tag","embeddable":true,"href":"https:\/\/abrelivros.org.br\/site\/wp-json\/wp\/v2\/tags?post=12648"}],"curies":[{"name":"wp","href":"https:\/\/api.w.org\/{rel}","templated":true}]}}