{"id":12644,"date":"2020-12-01T15:09:06","date_gmt":"2020-12-01T18:09:06","guid":{"rendered":"https:\/\/abrelivros.org.br\/site\/?p=12644"},"modified":"2020-12-01T15:09:06","modified_gmt":"2020-12-01T18:09:06","slug":"live-debate-o-papel-da-lei-brasileira-de-inclusao-na-ampliacao-da-leitura","status":"publish","type":"post","link":"https:\/\/abrelivros.org.br\/site\/live-debate-o-papel-da-lei-brasileira-de-inclusao-na-ampliacao-da-leitura\/","title":{"rendered":"Live debate o papel da Lei Brasileira de Inclus\u00e3o na amplia\u00e7\u00e3o da leitura"},"content":{"rendered":"<p>Em 2020, a Lei Brasileira de Inclus\u00e3o (LBI) completa cinco anos. Considerada um avan\u00e7o na garantia dos direitos das pessoas com defici\u00eancia, a lei estabelece normas inclusive no campo dos livros e da leitura. Na pr\u00f3xima quarta-feira (02), \u00e0s 10h30, Carlos Ferrari, diretor de Rela\u00e7\u00f5es Institucionais da Organiza\u00e7\u00e3o Nacional de Cegos do Brasil; Fabiano de Moraes, procurador da Rep\u00fablica do Minist\u00e9rio P\u00fablico Federal do Estado do Rio Grande do Sul, o deputado federal Felipe Rigoni (PSB\/ES) e Nadja Cezar Ianzer Rodrigues, coordenadora-geral dos Programas do Livro FNDE\/MEC debater\u00e3o sobre a LBI e as suas implica\u00e7\u00f5es na amplia\u00e7\u00e3o da leitura. O evento virtual ser\u00e1 transmitido pelo <a href=\"https:\/\/www.facebook.com\/camaradolivro\" target=\"_blank\" rel=\"noopener noreferrer\">Facebook da C\u00e2mara Brasileira do Livro<\/a> (CBL) e ter\u00e1 media\u00e7\u00e3o de Lauri Cericato. Al\u00e9m da CBL, a Associa\u00e7\u00e3o Brasileira de Editores e Produtores de Conte\u00fado e Tecnologia Educacional (Abrelivros) e o Sindicato Nacional dos Editores de Livros (SNEL) s\u00e3o os promotores do debate.<!--more--><\/p>\n","protected":false},"excerpt":{"rendered":"<p>Em 2020, a Lei Brasileira de Inclus\u00e3o (LBI) completa cinco anos. Considerada um avan\u00e7o na garantia dos direitos das pessoas com defici\u00eancia, a lei estabelece normas inclusive no campo dos livros e da leitura. Na pr\u00f3xima quarta-feira (02), \u00e0s 10h30, Carlos Ferrari, diretor de Rela\u00e7\u00f5es Institucionais da Organiza\u00e7\u00e3o Nacional de Cegos do Brasil; Fabiano de [&hellip;]<\/p>\n","protected":false},"author":4,"featured_media":0,"comment_status":"closed","ping_status":"closed","sticky":false,"template":"","format":"standard","meta":{"footnotes":"","_links_to":"","_links_to_target":""},"categories":[9],"tags":[],"class_list":["post-12644","post","type-post","status-publish","format-standard","hentry","category-noticias-da-imprensa"],"yoast_head":"<!-- This site is optimized with the Yoast SEO plugin v15.1 - https:\/\/yoast.com\/wordpress\/plugins\/seo\/ -->\n<title>Live debate o papel da Lei Brasileira de Inclus\u00e3o na amplia\u00e7\u00e3o da leitura &raquo; Abrelivros<\/title>\n<meta name=\"robots\" content=\"index, follow, max-snippet:-1, max-image-preview:large, max-video-preview:-1\" \/>\n<link rel=\"canonical\" href=\"https:\/\/abrelivros.org.br\/site\/live-debate-o-papel-da-lei-brasileira-de-inclusao-na-ampliacao-da-leitura\/\" \/>\n<meta property=\"og:locale\" content=\"pt_BR\" \/>\n<meta property=\"og:type\" content=\"article\" \/>\n<meta property=\"og:title\" content=\"Live debate o papel da Lei Brasileira de Inclus\u00e3o na amplia\u00e7\u00e3o da leitura &raquo; Abrelivros\" \/>\n<meta property=\"og:description\" content=\"Em 2020, a Lei Brasileira de Inclus\u00e3o (LBI) completa cinco anos. Considerada um avan\u00e7o na garantia dos direitos das pessoas com defici\u00eancia, a lei estabelece normas inclusive no campo dos livros e da leitura. Na pr\u00f3xima quarta-feira (02), \u00e0s 10h30, Carlos Ferrari, diretor de Rela\u00e7\u00f5es Institucionais da Organiza\u00e7\u00e3o Nacional de Cegos do Brasil; Fabiano de [&hellip;]\" \/>\n<meta property=\"og:url\" content=\"https:\/\/abrelivros.org.br\/site\/live-debate-o-papel-da-lei-brasileira-de-inclusao-na-ampliacao-da-leitura\/\" \/>\n<meta property=\"og:site_name\" content=\"Abrelivros\" \/>\n<meta property=\"article:published_time\" content=\"2020-12-01T18:09:06+00:00\" \/>\n<meta name=\"twitter:card\" content=\"summary_large_image\" \/>\n<script type=\"application\/ld+json\" class=\"yoast-schema-graph\">{\"@context\":\"https:\/\/schema.org\",\"@graph\":[{\"@type\":\"WebSite\",\"@id\":\"https:\/\/abrelivros.org.br\/site\/#website\",\"url\":\"https:\/\/abrelivros.org.br\/site\/\",\"name\":\"Abrelivros\",\"description\":\"\",\"potentialAction\":[{\"@type\":\"SearchAction\",\"target\":\"https:\/\/abrelivros.org.br\/site\/?s={search_term_string}\",\"query-input\":\"required name=search_term_string\"}],\"inLanguage\":\"pt-BR\"},{\"@type\":\"WebPage\",\"@id\":\"https:\/\/abrelivros.org.br\/site\/live-debate-o-papel-da-lei-brasileira-de-inclusao-na-ampliacao-da-leitura\/#webpage\",\"url\":\"https:\/\/abrelivros.org.br\/site\/live-debate-o-papel-da-lei-brasileira-de-inclusao-na-ampliacao-da-leitura\/\",\"name\":\"Live debate o papel da Lei Brasileira de Inclus\\u00e3o na amplia\\u00e7\\u00e3o da leitura &raquo; Abrelivros\",\"isPartOf\":{\"@id\":\"https:\/\/abrelivros.org.br\/site\/#website\"},\"datePublished\":\"2020-12-01T18:09:06+00:00\",\"dateModified\":\"2020-12-01T18:09:06+00:00\",\"author\":{\"@id\":\"https:\/\/abrelivros.org.br\/site\/#\/schema\/person\/65db80e26409802ce15ac5feec6a15fd\"},\"breadcrumb\":{\"@id\":\"https:\/\/abrelivros.org.br\/site\/live-debate-o-papel-da-lei-brasileira-de-inclusao-na-ampliacao-da-leitura\/#breadcrumb\"},\"inLanguage\":\"pt-BR\",\"potentialAction\":[{\"@type\":\"ReadAction\",\"target\":[\"https:\/\/abrelivros.org.br\/site\/live-debate-o-papel-da-lei-brasileira-de-inclusao-na-ampliacao-da-leitura\/\"]}]},{\"@type\":\"BreadcrumbList\",\"@id\":\"https:\/\/abrelivros.org.br\/site\/live-debate-o-papel-da-lei-brasileira-de-inclusao-na-ampliacao-da-leitura\/#breadcrumb\",\"itemListElement\":[{\"@type\":\"ListItem\",\"position\":1,\"item\":{\"@type\":\"WebPage\",\"@id\":\"https:\/\/abrelivros.org.br\/site\/\",\"url\":\"https:\/\/abrelivros.org.br\/site\/\",\"name\":\"In\\u00edcio\"}},{\"@type\":\"ListItem\",\"position\":2,\"item\":{\"@type\":\"WebPage\",\"@id\":\"https:\/\/abrelivros.org.br\/site\/category\/noticias\/\",\"url\":\"https:\/\/abrelivros.org.br\/site\/category\/noticias\/\",\"name\":\"Not\\u00edcias\"}},{\"@type\":\"ListItem\",\"position\":3,\"item\":{\"@type\":\"WebPage\",\"@id\":\"https:\/\/abrelivros.org.br\/site\/category\/noticias\/noticias-da-imprensa\/\",\"url\":\"https:\/\/abrelivros.org.br\/site\/category\/noticias\/noticias-da-imprensa\/\",\"name\":\"Not\\u00edcias da imprensa\"}},{\"@type\":\"ListItem\",\"position\":4,\"item\":{\"@type\":\"WebPage\",\"@id\":\"https:\/\/abrelivros.org.br\/site\/live-debate-o-papel-da-lei-brasileira-de-inclusao-na-ampliacao-da-leitura\/\",\"url\":\"https:\/\/abrelivros.org.br\/site\/live-debate-o-papel-da-lei-brasileira-de-inclusao-na-ampliacao-da-leitura\/\",\"name\":\"Live debate o papel da Lei Brasileira de Inclus\\u00e3o na amplia\\u00e7\\u00e3o da leitura\"}}]},{\"@type\":\"Person\",\"@id\":\"https:\/\/abrelivros.org.br\/site\/#\/schema\/person\/65db80e26409802ce15ac5feec6a15fd\",\"name\":\"Reda\\u00e7\\u00e3o Abrelivros\",\"image\":{\"@type\":\"ImageObject\",\"@id\":\"https:\/\/abrelivros.org.br\/site\/#personlogo\",\"inLanguage\":\"pt-BR\",\"url\":\"https:\/\/secure.gravatar.com\/avatar\/c4e57f9c7e3482965bd428192061218520756c39080b1d1820b679fa5e9af192?s=96&d=mm&r=g\",\"caption\":\"Reda\\u00e7\\u00e3o Abrelivros\"}}]}<\/script>\n<!-- \/ Yoast SEO plugin. -->","_links":{"self":[{"href":"https:\/\/abrelivros.org.br\/site\/wp-json\/wp\/v2\/posts\/12644","targetHints":{"allow":["GET"]}}],"collection":[{"href":"https:\/\/abrelivros.org.br\/site\/wp-json\/wp\/v2\/posts"}],"about":[{"href":"https:\/\/abrelivros.org.br\/site\/wp-json\/wp\/v2\/types\/post"}],"author":[{"embeddable":true,"href":"https:\/\/abrelivros.org.br\/site\/wp-json\/wp\/v2\/users\/4"}],"replies":[{"embeddable":true,"href":"https:\/\/abrelivros.org.br\/site\/wp-json\/wp\/v2\/comments?post=12644"}],"version-history":[{"count":1,"href":"https:\/\/abrelivros.org.br\/site\/wp-json\/wp\/v2\/posts\/12644\/revisions"}],"predecessor-version":[{"id":12645,"href":"https:\/\/abrelivros.org.br\/site\/wp-json\/wp\/v2\/posts\/12644\/revisions\/12645"}],"wp:attachment":[{"href":"https:\/\/abrelivros.org.br\/site\/wp-json\/wp\/v2\/media?parent=12644"}],"wp:term":[{"taxonomy":"category","embeddable":true,"href":"https:\/\/abrelivros.org.br\/site\/wp-json\/wp\/v2\/categories?post=12644"},{"taxonomy":"post_tag","embeddable":true,"href":"https:\/\/abrelivros.org.br\/site\/wp-json\/wp\/v2\/tags?post=12644"}],"curies":[{"name":"wp","href":"https:\/\/api.w.org\/{rel}","templated":true}]}}