{"id":12642,"date":"2020-12-01T14:44:27","date_gmt":"2020-12-01T17:44:27","guid":{"rendered":"https:\/\/abrelivros.org.br\/site\/?p=12642"},"modified":"2020-12-01T14:44:27","modified_gmt":"2020-12-01T17:44:27","slug":"deputados-querem-recursos-para-ampliar-acesso-de-estudantes-a-internet","status":"publish","type":"post","link":"https:\/\/abrelivros.org.br\/site\/deputados-querem-recursos-para-ampliar-acesso-de-estudantes-a-internet\/","title":{"rendered":"Deputados querem recursos para ampliar acesso de estudantes \u00e0 internet"},"content":{"rendered":"<p>A reuni\u00e3o virtual foi coordenada pela deputada <a href=\"https:\/\/www.camara.leg.br\/deputados\/204534\" target=\"_blank\" rel=\"noopener noreferrer\">Tabata Amaral<\/a> (PDT-SP), relatora da proposta. Ela destacou que, atualmente, seis milh\u00f5es de alunos n\u00e3o t\u00eam acesso \u00e0 rede mundial de computadores e ficaram sem nenhuma aula desde o in\u00edcio do isolamento social.<!--more--><\/p>\n<p>\u201cAt\u00e9 que n\u00f3s tenhamos uma vacina, muitos professores e alunos, por se encontrarem em grupo de risco, n\u00e3o poder\u00e3o voltar \u00e0s aulas. Mesmo defendendo uma retomada segura, eu entendo que a gente vai sim ter um modelo h\u00edbrido \u2014com conte\u00fado sendo oferecido tanto de forma on line quanto presencial. Ent\u00e3o, para os pr\u00f3ximos seis meses pelo menos, esse projeto vai ser de suma import\u00e2ncia\u201d, afirmou.<\/p>\n<p>A proposta prev\u00ea o uso de cr\u00e9ditos extraordin\u00e1rios do or\u00e7amento deste ano, al\u00e9m de recursos do Fust, que n\u00e3o t\u00eam sido destinados h\u00e1 v\u00e1rios anos.<\/p>\n<p>O representante do Minist\u00e9rio de Educa\u00e7\u00e3o, Alexsander Moreira, lembrou que a conectividade est\u00e1 presente em tr\u00eas das metas da Base Nacional Curricular, e por isso o MEC desenvolve, desde 2017, com a aprova\u00e7\u00e3o da pol\u00edtica de educa\u00e7\u00e3o conectada, v\u00e1rias a\u00e7\u00f5es para garantir o acesso e o bom uso da internet por parte de professores e alunos.<\/p>\n<p>\u201cN\u00e3o \u00e9 s\u00f3 conectividade, n\u00e3o \u00e9 s\u00f3 conectar as escolas. O aluno precisa utilizar esse meio para que ele aprenda, para que tenha uma educa\u00e7\u00e3o de qualidade\u201d.<\/p>\n<p>O secret\u00e1rio de Educa\u00e7\u00e3o do estado de S\u00e3o Paulo, Rossieli Soares, destacou que, para o sucesso de qualquer pol\u00edtica de conectividade, \u00e9 preciso garantir os materiais adequados para os estudantes, a forma\u00e7\u00e3o dos professores e a infraestrutura.<\/p>\n<p>Segundo Rossieli Soares, a garantia de acesso \u00e0 internet vai al\u00e9m do momento atual de pandemia e deve ser utilizada tamb\u00e9m para atividades complementares, principalmente para os estudantes do ensino m\u00e9dio. Ele tamb\u00e9m falou da import\u00e2ncia de se ter uma proposta direcionada para &#8220;o desenvolvimento do projeto de vida&#8221;, com a inclus\u00e3o da educa\u00e7\u00e3o t\u00e9cnica.<\/p>\n<p>\u201cPorque eles v\u00e3o se perguntar: eu vou para a escola ou eu vou ajudar a minha fam\u00edlia a botar o que comer dentro de casa? Especialmente no ano de 2021. Essa pergunta nunca deveria ser feita por um jovem. A gente precisa dizer que escola e educa\u00e7\u00e3o fazem sentido para o seu projeto de vida e que a gente vai estar apoiando.&#8221;<\/p>\n<p><strong>Celeridade<\/strong><\/p>\n<p>O consultor de or\u00e7amento da C\u00e2mara Cl\u00e1udio Tanno afirmou que \u00e9 preciso aprovar o projeto com celeridade para que a Uni\u00e3o possa repassar os recursos para estados e munic\u00edpios ainda este ano, uma vez que o or\u00e7amento de guerra aprovado durante o per\u00edodo da pandemia s\u00f3 tem validade at\u00e9 31 de dezembro.<\/p>\n","protected":false},"excerpt":{"rendered":"<p>A reuni\u00e3o virtual foi coordenada pela deputada Tabata Amaral (PDT-SP), relatora da proposta. Ela destacou que, atualmente, seis milh\u00f5es de alunos n\u00e3o t\u00eam acesso \u00e0 rede mundial de computadores e ficaram sem nenhuma aula desde o in\u00edcio do isolamento social.<\/p>\n","protected":false},"author":4,"featured_media":0,"comment_status":"closed","ping_status":"closed","sticky":false,"template":"","format":"standard","meta":{"footnotes":"","_links_to":"","_links_to_target":""},"categories":[9],"tags":[],"class_list":["post-12642","post","type-post","status-publish","format-standard","hentry","category-noticias-da-imprensa"],"yoast_head":"<!-- This site is optimized with the Yoast SEO plugin v15.1 - https:\/\/yoast.com\/wordpress\/plugins\/seo\/ -->\n<title>Deputados querem recursos para ampliar acesso de estudantes \u00e0 internet &raquo; Abrelivros<\/title>\n<meta name=\"robots\" content=\"index, follow, max-snippet:-1, max-image-preview:large, max-video-preview:-1\" \/>\n<link rel=\"canonical\" href=\"https:\/\/abrelivros.org.br\/site\/deputados-querem-recursos-para-ampliar-acesso-de-estudantes-a-internet\/\" \/>\n<meta property=\"og:locale\" content=\"pt_BR\" \/>\n<meta property=\"og:type\" content=\"article\" \/>\n<meta property=\"og:title\" content=\"Deputados querem recursos para ampliar acesso de estudantes \u00e0 internet &raquo; Abrelivros\" \/>\n<meta property=\"og:description\" content=\"A reuni\u00e3o virtual foi coordenada pela deputada Tabata Amaral (PDT-SP), relatora da proposta. Ela destacou que, atualmente, seis milh\u00f5es de alunos n\u00e3o t\u00eam acesso \u00e0 rede mundial de computadores e ficaram sem nenhuma aula desde o in\u00edcio do isolamento social.\" \/>\n<meta property=\"og:url\" content=\"https:\/\/abrelivros.org.br\/site\/deputados-querem-recursos-para-ampliar-acesso-de-estudantes-a-internet\/\" \/>\n<meta property=\"og:site_name\" content=\"Abrelivros\" \/>\n<meta property=\"article:published_time\" content=\"2020-12-01T17:44:27+00:00\" \/>\n<meta name=\"twitter:card\" content=\"summary_large_image\" \/>\n<script type=\"application\/ld+json\" class=\"yoast-schema-graph\">{\"@context\":\"https:\/\/schema.org\",\"@graph\":[{\"@type\":\"WebSite\",\"@id\":\"https:\/\/abrelivros.org.br\/site\/#website\",\"url\":\"https:\/\/abrelivros.org.br\/site\/\",\"name\":\"Abrelivros\",\"description\":\"\",\"potentialAction\":[{\"@type\":\"SearchAction\",\"target\":\"https:\/\/abrelivros.org.br\/site\/?s={search_term_string}\",\"query-input\":\"required name=search_term_string\"}],\"inLanguage\":\"pt-BR\"},{\"@type\":\"WebPage\",\"@id\":\"https:\/\/abrelivros.org.br\/site\/deputados-querem-recursos-para-ampliar-acesso-de-estudantes-a-internet\/#webpage\",\"url\":\"https:\/\/abrelivros.org.br\/site\/deputados-querem-recursos-para-ampliar-acesso-de-estudantes-a-internet\/\",\"name\":\"Deputados querem recursos para ampliar acesso de estudantes \\u00e0 internet &raquo; Abrelivros\",\"isPartOf\":{\"@id\":\"https:\/\/abrelivros.org.br\/site\/#website\"},\"datePublished\":\"2020-12-01T17:44:27+00:00\",\"dateModified\":\"2020-12-01T17:44:27+00:00\",\"author\":{\"@id\":\"https:\/\/abrelivros.org.br\/site\/#\/schema\/person\/65db80e26409802ce15ac5feec6a15fd\"},\"breadcrumb\":{\"@id\":\"https:\/\/abrelivros.org.br\/site\/deputados-querem-recursos-para-ampliar-acesso-de-estudantes-a-internet\/#breadcrumb\"},\"inLanguage\":\"pt-BR\",\"potentialAction\":[{\"@type\":\"ReadAction\",\"target\":[\"https:\/\/abrelivros.org.br\/site\/deputados-querem-recursos-para-ampliar-acesso-de-estudantes-a-internet\/\"]}]},{\"@type\":\"BreadcrumbList\",\"@id\":\"https:\/\/abrelivros.org.br\/site\/deputados-querem-recursos-para-ampliar-acesso-de-estudantes-a-internet\/#breadcrumb\",\"itemListElement\":[{\"@type\":\"ListItem\",\"position\":1,\"item\":{\"@type\":\"WebPage\",\"@id\":\"https:\/\/abrelivros.org.br\/site\/\",\"url\":\"https:\/\/abrelivros.org.br\/site\/\",\"name\":\"In\\u00edcio\"}},{\"@type\":\"ListItem\",\"position\":2,\"item\":{\"@type\":\"WebPage\",\"@id\":\"https:\/\/abrelivros.org.br\/site\/category\/noticias\/\",\"url\":\"https:\/\/abrelivros.org.br\/site\/category\/noticias\/\",\"name\":\"Not\\u00edcias\"}},{\"@type\":\"ListItem\",\"position\":3,\"item\":{\"@type\":\"WebPage\",\"@id\":\"https:\/\/abrelivros.org.br\/site\/category\/noticias\/noticias-da-imprensa\/\",\"url\":\"https:\/\/abrelivros.org.br\/site\/category\/noticias\/noticias-da-imprensa\/\",\"name\":\"Not\\u00edcias da imprensa\"}},{\"@type\":\"ListItem\",\"position\":4,\"item\":{\"@type\":\"WebPage\",\"@id\":\"https:\/\/abrelivros.org.br\/site\/deputados-querem-recursos-para-ampliar-acesso-de-estudantes-a-internet\/\",\"url\":\"https:\/\/abrelivros.org.br\/site\/deputados-querem-recursos-para-ampliar-acesso-de-estudantes-a-internet\/\",\"name\":\"Deputados querem recursos para ampliar acesso de estudantes \\u00e0 internet\"}}]},{\"@type\":\"Person\",\"@id\":\"https:\/\/abrelivros.org.br\/site\/#\/schema\/person\/65db80e26409802ce15ac5feec6a15fd\",\"name\":\"Reda\\u00e7\\u00e3o Abrelivros\",\"image\":{\"@type\":\"ImageObject\",\"@id\":\"https:\/\/abrelivros.org.br\/site\/#personlogo\",\"inLanguage\":\"pt-BR\",\"url\":\"https:\/\/secure.gravatar.com\/avatar\/c4e57f9c7e3482965bd428192061218520756c39080b1d1820b679fa5e9af192?s=96&d=mm&r=g\",\"caption\":\"Reda\\u00e7\\u00e3o Abrelivros\"}}]}<\/script>\n<!-- \/ Yoast SEO plugin. -->","_links":{"self":[{"href":"https:\/\/abrelivros.org.br\/site\/wp-json\/wp\/v2\/posts\/12642","targetHints":{"allow":["GET"]}}],"collection":[{"href":"https:\/\/abrelivros.org.br\/site\/wp-json\/wp\/v2\/posts"}],"about":[{"href":"https:\/\/abrelivros.org.br\/site\/wp-json\/wp\/v2\/types\/post"}],"author":[{"embeddable":true,"href":"https:\/\/abrelivros.org.br\/site\/wp-json\/wp\/v2\/users\/4"}],"replies":[{"embeddable":true,"href":"https:\/\/abrelivros.org.br\/site\/wp-json\/wp\/v2\/comments?post=12642"}],"version-history":[{"count":1,"href":"https:\/\/abrelivros.org.br\/site\/wp-json\/wp\/v2\/posts\/12642\/revisions"}],"predecessor-version":[{"id":12643,"href":"https:\/\/abrelivros.org.br\/site\/wp-json\/wp\/v2\/posts\/12642\/revisions\/12643"}],"wp:attachment":[{"href":"https:\/\/abrelivros.org.br\/site\/wp-json\/wp\/v2\/media?parent=12642"}],"wp:term":[{"taxonomy":"category","embeddable":true,"href":"https:\/\/abrelivros.org.br\/site\/wp-json\/wp\/v2\/categories?post=12642"},{"taxonomy":"post_tag","embeddable":true,"href":"https:\/\/abrelivros.org.br\/site\/wp-json\/wp\/v2\/tags?post=12642"}],"curies":[{"name":"wp","href":"https:\/\/api.w.org\/{rel}","templated":true}]}}