{"id":12629,"date":"2020-11-30T15:11:36","date_gmt":"2020-11-30T18:11:36","guid":{"rendered":"https:\/\/abrelivros.org.br\/site\/?p=12629"},"modified":"2020-11-30T15:11:36","modified_gmt":"2020-11-30T18:11:36","slug":"gfk-varejo-de-livros-se-aproxima-dos-numeros-registrados-em-2019","status":"publish","type":"post","link":"https:\/\/abrelivros.org.br\/site\/gfk-varejo-de-livros-se-aproxima-dos-numeros-registrados-em-2019\/","title":{"rendered":"GfK: varejo de livros se aproxima dos n\u00fameros registrados em 2019"},"content":{"rendered":"<p>No \u00faltimo dia 18, o PublishNews trouxe uma mat\u00e9ria intitulada &#8220;<a href=\"https:\/\/www.publishnews.com.br\/materias\/2020\/11\/18\/varejo-de-livros-cada-vez-mais-perto-de-alcancar-os-numeros-de-2019\" target=\"_blank\" rel=\"noopener noreferrer\">Varejo de livros cada vez mais perto de alcan\u00e7ar os n\u00fameros de 2019<\/a>&#8220;. No artigo, estavam os resultados do Painel do Varejo de Livros no Brasil de outubro, realizado pela Nielsen em parceria com o Sindicato Nacional dos Editores de Livros (SNEL). Agora, a GfK, que tamb\u00e9m realiza um relat\u00f3rio semelhante, s\u00f3 que ao lado da Associa\u00e7\u00e3o Nacional de Livrarias (ANL), tamb\u00e9m trouxe os resultados referentes ao per\u00edodo de 28 de setembro a 8 de novembro. O que se l\u00ea nos dados \u00e9 que, de janeiro a outubro, o varejo de livros vendeu 39 milh\u00f5es de unidades, apurando faturamento de R$ 1,68 bilh\u00e3o. Na compara\u00e7\u00e3o com igual per\u00edodo de 2019, os n\u00fameros ainda est\u00e3o negativos, mas muito pr\u00f3ximos de se alcan\u00e7ar os apurados no ano passado. Em volume, a perda \u00e9 de 1% e, em valor, de 3%.<!--more--><\/p>\n<p>O crescimento expressivo apontado em outubro \u2013 35% no n\u00famero de exemplares e 30% no faturamento \u2013 ajudou nesse desempenho anual. No m\u00eas, foram vendidas 5,4 milh\u00f5es de unidades e os estabelecimentos monitorados pelo instituto de pesquisa registraram faturamento total de R$ 209 milh\u00f5es. Em outubro do ano passado, esses n\u00fameros eram 4 milh\u00f5es de unidades e R$ 161 milh\u00f5es em faturamento.<\/p>\n<p>O relat\u00f3rio n\u00e3o esmi\u00fa\u00e7a onde as vendas foram realizadas, mas afirma que o crescimento foi \u201cimpulsionado pelas vendas on-line\u201d. O canal \u201clivrarias\u201d \u2013 a GfK contabiliza aqui as vendas feitas em livrarias de argamassa e tijolo e nas virtuais \u2013 registrou aumento de 4% no seu faturamento enquanto \u201coutros canais\u201d \u2013 onde est\u00e3o os supermercados e lojas de autoatendimento \u2013 apresentaram retra\u00e7\u00e3o de 20%.<\/p>\n<p>As categorias Ci\u00eancias (34%), Literatura Estrangeira (17%), Religi\u00f5es \/ Cren\u00e7as \/ Esoterismo (11%) e HQ \/ Jogos (10%) foram as que mais cresceram no per\u00edodo. Os livros de Concursos p\u00fablicos (-43%), Direito (-34%) e Dicion\u00e1rios \/ Idiomas (-20%) est\u00e3o em baixa.<\/p>\n<p><a href=\"https:\/\/www.publishnews.com.br\/estaticos\/uploads\/2020\/11\/WXxU8o9LOJE2owWTlmoBmGbcvpo0HXmpqj9fxUbEvChbQ8zNq7wQxDIfRWJXgheLCCo6nJKYiLQJBQ42.pdf\" target=\"_blank\" rel=\"noopener noreferrer\">Clique aqui<\/a> para baixar a \u00edntegra do relat\u00f3rio.<\/p>\n","protected":false},"excerpt":{"rendered":"<p>No \u00faltimo dia 18, o PublishNews trouxe uma mat\u00e9ria intitulada &#8220;Varejo de livros cada vez mais perto de alcan\u00e7ar os n\u00fameros de 2019&#8220;. No artigo, estavam os resultados do Painel do Varejo de Livros no Brasil de outubro, realizado pela Nielsen em parceria com o Sindicato Nacional dos Editores de Livros (SNEL). Agora, a GfK, [&hellip;]<\/p>\n","protected":false},"author":4,"featured_media":0,"comment_status":"closed","ping_status":"closed","sticky":false,"template":"","format":"standard","meta":{"footnotes":"","_links_to":"","_links_to_target":""},"categories":[9],"tags":[],"class_list":["post-12629","post","type-post","status-publish","format-standard","hentry","category-noticias-da-imprensa"],"yoast_head":"<!-- This site is optimized with the Yoast SEO plugin v15.1 - https:\/\/yoast.com\/wordpress\/plugins\/seo\/ -->\n<title>GfK: varejo de livros se aproxima dos n\u00fameros registrados em 2019 &raquo; Abrelivros<\/title>\n<meta name=\"robots\" content=\"index, follow, max-snippet:-1, max-image-preview:large, max-video-preview:-1\" \/>\n<link rel=\"canonical\" href=\"https:\/\/abrelivros.org.br\/site\/gfk-varejo-de-livros-se-aproxima-dos-numeros-registrados-em-2019\/\" \/>\n<meta property=\"og:locale\" content=\"pt_BR\" \/>\n<meta property=\"og:type\" content=\"article\" \/>\n<meta property=\"og:title\" content=\"GfK: varejo de livros se aproxima dos n\u00fameros registrados em 2019 &raquo; Abrelivros\" \/>\n<meta property=\"og:description\" content=\"No \u00faltimo dia 18, o PublishNews trouxe uma mat\u00e9ria intitulada &#8220;Varejo de livros cada vez mais perto de alcan\u00e7ar os n\u00fameros de 2019&#8220;. No artigo, estavam os resultados do Painel do Varejo de Livros no Brasil de outubro, realizado pela Nielsen em parceria com o Sindicato Nacional dos Editores de Livros (SNEL). Agora, a GfK, [&hellip;]\" \/>\n<meta property=\"og:url\" content=\"https:\/\/abrelivros.org.br\/site\/gfk-varejo-de-livros-se-aproxima-dos-numeros-registrados-em-2019\/\" \/>\n<meta property=\"og:site_name\" content=\"Abrelivros\" \/>\n<meta property=\"article:published_time\" content=\"2020-11-30T18:11:36+00:00\" \/>\n<meta name=\"twitter:card\" content=\"summary_large_image\" \/>\n<script type=\"application\/ld+json\" class=\"yoast-schema-graph\">{\"@context\":\"https:\/\/schema.org\",\"@graph\":[{\"@type\":\"WebSite\",\"@id\":\"https:\/\/abrelivros.org.br\/site\/#website\",\"url\":\"https:\/\/abrelivros.org.br\/site\/\",\"name\":\"Abrelivros\",\"description\":\"\",\"potentialAction\":[{\"@type\":\"SearchAction\",\"target\":\"https:\/\/abrelivros.org.br\/site\/?s={search_term_string}\",\"query-input\":\"required name=search_term_string\"}],\"inLanguage\":\"pt-BR\"},{\"@type\":\"WebPage\",\"@id\":\"https:\/\/abrelivros.org.br\/site\/gfk-varejo-de-livros-se-aproxima-dos-numeros-registrados-em-2019\/#webpage\",\"url\":\"https:\/\/abrelivros.org.br\/site\/gfk-varejo-de-livros-se-aproxima-dos-numeros-registrados-em-2019\/\",\"name\":\"GfK: varejo de livros se aproxima dos n\\u00fameros registrados em 2019 &raquo; Abrelivros\",\"isPartOf\":{\"@id\":\"https:\/\/abrelivros.org.br\/site\/#website\"},\"datePublished\":\"2020-11-30T18:11:36+00:00\",\"dateModified\":\"2020-11-30T18:11:36+00:00\",\"author\":{\"@id\":\"https:\/\/abrelivros.org.br\/site\/#\/schema\/person\/65db80e26409802ce15ac5feec6a15fd\"},\"breadcrumb\":{\"@id\":\"https:\/\/abrelivros.org.br\/site\/gfk-varejo-de-livros-se-aproxima-dos-numeros-registrados-em-2019\/#breadcrumb\"},\"inLanguage\":\"pt-BR\",\"potentialAction\":[{\"@type\":\"ReadAction\",\"target\":[\"https:\/\/abrelivros.org.br\/site\/gfk-varejo-de-livros-se-aproxima-dos-numeros-registrados-em-2019\/\"]}]},{\"@type\":\"BreadcrumbList\",\"@id\":\"https:\/\/abrelivros.org.br\/site\/gfk-varejo-de-livros-se-aproxima-dos-numeros-registrados-em-2019\/#breadcrumb\",\"itemListElement\":[{\"@type\":\"ListItem\",\"position\":1,\"item\":{\"@type\":\"WebPage\",\"@id\":\"https:\/\/abrelivros.org.br\/site\/\",\"url\":\"https:\/\/abrelivros.org.br\/site\/\",\"name\":\"In\\u00edcio\"}},{\"@type\":\"ListItem\",\"position\":2,\"item\":{\"@type\":\"WebPage\",\"@id\":\"https:\/\/abrelivros.org.br\/site\/category\/noticias\/\",\"url\":\"https:\/\/abrelivros.org.br\/site\/category\/noticias\/\",\"name\":\"Not\\u00edcias\"}},{\"@type\":\"ListItem\",\"position\":3,\"item\":{\"@type\":\"WebPage\",\"@id\":\"https:\/\/abrelivros.org.br\/site\/category\/noticias\/noticias-da-imprensa\/\",\"url\":\"https:\/\/abrelivros.org.br\/site\/category\/noticias\/noticias-da-imprensa\/\",\"name\":\"Not\\u00edcias da imprensa\"}},{\"@type\":\"ListItem\",\"position\":4,\"item\":{\"@type\":\"WebPage\",\"@id\":\"https:\/\/abrelivros.org.br\/site\/gfk-varejo-de-livros-se-aproxima-dos-numeros-registrados-em-2019\/\",\"url\":\"https:\/\/abrelivros.org.br\/site\/gfk-varejo-de-livros-se-aproxima-dos-numeros-registrados-em-2019\/\",\"name\":\"GfK: varejo de livros se aproxima dos n\\u00fameros registrados em 2019\"}}]},{\"@type\":\"Person\",\"@id\":\"https:\/\/abrelivros.org.br\/site\/#\/schema\/person\/65db80e26409802ce15ac5feec6a15fd\",\"name\":\"Reda\\u00e7\\u00e3o Abrelivros\",\"image\":{\"@type\":\"ImageObject\",\"@id\":\"https:\/\/abrelivros.org.br\/site\/#personlogo\",\"inLanguage\":\"pt-BR\",\"url\":\"https:\/\/secure.gravatar.com\/avatar\/c4e57f9c7e3482965bd428192061218520756c39080b1d1820b679fa5e9af192?s=96&d=mm&r=g\",\"caption\":\"Reda\\u00e7\\u00e3o Abrelivros\"}}]}<\/script>\n<!-- \/ Yoast SEO plugin. -->","_links":{"self":[{"href":"https:\/\/abrelivros.org.br\/site\/wp-json\/wp\/v2\/posts\/12629","targetHints":{"allow":["GET"]}}],"collection":[{"href":"https:\/\/abrelivros.org.br\/site\/wp-json\/wp\/v2\/posts"}],"about":[{"href":"https:\/\/abrelivros.org.br\/site\/wp-json\/wp\/v2\/types\/post"}],"author":[{"embeddable":true,"href":"https:\/\/abrelivros.org.br\/site\/wp-json\/wp\/v2\/users\/4"}],"replies":[{"embeddable":true,"href":"https:\/\/abrelivros.org.br\/site\/wp-json\/wp\/v2\/comments?post=12629"}],"version-history":[{"count":1,"href":"https:\/\/abrelivros.org.br\/site\/wp-json\/wp\/v2\/posts\/12629\/revisions"}],"predecessor-version":[{"id":12630,"href":"https:\/\/abrelivros.org.br\/site\/wp-json\/wp\/v2\/posts\/12629\/revisions\/12630"}],"wp:attachment":[{"href":"https:\/\/abrelivros.org.br\/site\/wp-json\/wp\/v2\/media?parent=12629"}],"wp:term":[{"taxonomy":"category","embeddable":true,"href":"https:\/\/abrelivros.org.br\/site\/wp-json\/wp\/v2\/categories?post=12629"},{"taxonomy":"post_tag","embeddable":true,"href":"https:\/\/abrelivros.org.br\/site\/wp-json\/wp\/v2\/tags?post=12629"}],"curies":[{"name":"wp","href":"https:\/\/api.w.org\/{rel}","templated":true}]}}