{"id":12627,"date":"2020-11-30T15:08:34","date_gmt":"2020-11-30T18:08:34","guid":{"rendered":"https:\/\/abrelivros.org.br\/site\/?p=12627"},"modified":"2020-11-30T15:08:34","modified_gmt":"2020-11-30T18:08:34","slug":"estados-querem-escolas-abertas-mesmo-em-fases-mais-restritivas-da-pandemia","status":"publish","type":"post","link":"https:\/\/abrelivros.org.br\/site\/estados-querem-escolas-abertas-mesmo-em-fases-mais-restritivas-da-pandemia\/","title":{"rendered":"Estados querem escolas abertas mesmo em fases mais restritivas da pandemia"},"content":{"rendered":"<p>Ao menos seis estados estudam ou j\u00e1 mudaram a classifica\u00e7\u00e3o das escolas nos planos de conten\u00e7\u00e3o da <a href=\"https:\/\/www1.folha.uol.com.br\/equilibrioesaude\/2020\/11\/brasil-registra-mais-de-45-mil-casos-de-covid-19-nesta-quarta.shtml\" target=\"_blank\" rel=\"noopener noreferrer\">pandemia do coronav\u00edrus<\/a> para que continuem abertas mesmo em <a href=\"https:\/\/www1.folha.uol.com.br\/equilibrioesaude\/2020\/11\/com-salto-de-22-nas-internacoes-por-covid-em-sp-conselheiros-de-doria-pedem-para-endurecer-quarentena-ja.shtml\" target=\"_blank\" rel=\"noopener noreferrer\">est\u00e1gios mais restritivos de isolamento<\/a>.<!--more--><\/p>\n<p>No momento em que os dados do pa\u00eds e especialistas apontam<a href=\"https:\/\/www1.folha.uol.com.br\/equilibrioesaude\/2020\/11\/coronavirus-brasil-ja-esta-na-2a-onda-de-covid-19-diz-pesquisador-da-usp.shtml\" target=\"_blank\" rel=\"noopener noreferrer\"> tend\u00eancia de aumento de casos de Covid-19<\/a>, os governos estaduais querem incluir as unidades de ensino na lista de servi\u00e7os essenciais e concentrar poss\u00edveis restri\u00e7\u00f5es a outros setores, como o de lazer.<\/p>\n<p>A avalia\u00e7\u00e3o \u00e9 a de que um novo fechamento das unidades, ainda que ao final do ano letivo, pode atrapalhar o planejamento e a sensa\u00e7\u00e3o de<a href=\"https:\/\/www1.folha.uol.com.br\/educacao\/2020\/11\/4-em-cada-5-pais-em-sp-e-rj-dizem-que-aproveitamento-escolar-dos-filhos-piorou-na-pandemia.shtml\" target=\"_blank\" rel=\"noopener noreferrer\"> seguran\u00e7a das fam\u00edlias<\/a> e professores para o <a href=\"https:\/\/www1.folha.uol.com.br\/educacao\/2020\/10\/escolas-particulares-querem-ensino-remoto-como-excecao-em-2021.shtml\" target=\"_blank\" rel=\"noopener noreferrer\">in\u00edcio das aulas presenciais em 2021<\/a>.<\/p>\n<p>A decis\u00e3o j\u00e1 foi anunciada no Rio Grande do Sul e no Esp\u00edrito Santo, que v\u00e3o manter as escolas abertas mesmo em regi\u00f5es que<a href=\"https:\/\/www1.folha.uol.com.br\/cotidiano\/2020\/11\/seis-capitais-tem-mais-de-80-de-lotacao-de-utis-para-covid-19.shtml\" target=\"_blank\" rel=\"noopener noreferrer\"> regrediram de fase por conta do aumento de casos<\/a>. A medida ainda \u00e9 avaliada pelas equipes de sa\u00fade e educa\u00e7\u00e3o dos governos de S\u00e3o Paulo, Cear\u00e1, Pernambuco e Sergipe.<\/p>\n<p>No Rio Grande do Sul, a mudan\u00e7a permitiu que as aulas presenciais continuem mesmo em regi\u00f5es que passaram para a classifica\u00e7\u00e3o vermelha \u2014na sexta (27) todo o estado foi reclassificado para essa fase. O fechamento s\u00f3 deve ocorrer na bandeira preta, a de maior gravidade e restri\u00e7\u00e3o.<\/p>\n<p>O estado registrou aumento de casos e taxas de ocupa\u00e7\u00e3o de leitos cl\u00ednicos e de UTI nas \u00faltimas 3 semanas. Segundo Leany Lemos, coordenadora do Comit\u00ea de Crise do estado, a situa\u00e7\u00e3o pode exigir novas restri\u00e7\u00f5es, mas ele diz que as escolas n\u00e3o ser\u00e3o as primeiras a serem fechadas, como ocorreu no in\u00edcio da pandemia.<\/p>\n<p>\u201cAprendemos muito desde mar\u00e7o, por isso, se houver novas restri\u00e7\u00f5es, <a href=\"https:\/\/www1.folha.uol.com.br\/equilibrioesaude\/2020\/11\/mais-de-400-pediatras-assinam-carta-de-apoio-ao-retorno-das-aulas-presenciais.shtml\" target=\"_blank\" rel=\"noopener noreferrer\">elas ser\u00e3o em outras atividades com aglomera\u00e7\u00e3o<\/a>, n\u00e3o na educa\u00e7\u00e3o\u201d, disse.<\/p>\n<p>Para ela, al\u00e9m do preju\u00edzo pedag\u00f3gico, emocional e de assist\u00eancia social aos estudantes, um novo fechamento coloca em risco a adapta\u00e7\u00e3o das escolas \u00e0s novas regras sanit\u00e1rias.<\/p>\n<p>\u201cEscola n\u00e3o \u00e9 uma loja que voc\u00ea abre e fecha quando quiser, depende de uma s\u00e9rie de quest\u00f5es log\u00edsticas: merenda, transporte escolar, limpeza. Mais importante, a adapta\u00e7\u00e3o dos alunos \u00e0s novas regras. N\u00e3o queremos interromper esse processo, por isso, preferimos restringir outros setores.\u201d<\/p>\n<p>No Esp\u00edrito Santo, onde tamb\u00e9m houve regress\u00e3o de fase da quaretena na regi\u00e3o metropolitana de Vit\u00f3ria, foi anunciada a decis\u00e3o de manter as institui\u00e7\u00f5es de ensino abertas onde houver classifica\u00e7\u00e3o de \u201crisco moderado\u201d. Antes elas s\u00f3 podiam abrir com \u201crisco baixo\u201d.<\/p>\n<p>\u201cAs regras anteriores faziam a escola pagar o pre\u00e7o pelo n\u00e3o fechamento de outros setores, quando ela contribui pouco para a propaga\u00e7\u00e3o do v\u00edrus\u201d, disse Vitor de Angelo, secret\u00e1rio de Educa\u00e7\u00e3o do Esp\u00edrito Santo.<\/p>\n<p>Para a decis\u00e3o, al\u00e9m do aval das secretarias de sa\u00fade, os estados t\u00eam recorrido a consultorias externas que avaliam dados nacionais e internacionais do comportamento do v\u00edrus nas escolas e o impacto da reabertura na evolu\u00e7\u00e3o de casos nas cidades.<\/p>\n<p>Wanderson de Oliveira, que foi secret\u00e1rio nacional de Vigil\u00e2ncia do Minist\u00e9rio da Sa\u00fade na gest\u00e3o de Luiz Henrique Mandetta, tem dado consultoria a estados e munic\u00edpios e defende que eles mantenham as institui\u00e7\u00f5es de ensino abertas.<\/p>\n<p>\u201cNa conjuntura atual, caso tenham que optar por fechar algum setor, defendo que as escolas sejam as \u00faltimas a serem fechadas pela import\u00e2ncia do trabalho e pelo pouco papel que t\u00eam desempenhado na propaga\u00e7\u00e3o\u201d, disse.<\/p>\n<p>Ele j\u00e1 analisou dados epidemiol\u00f3gicos da reabertura de escolas em Manaus e em S\u00e3o Paulo. Segundo Oliveira, os protocolos adotados se mostraram eficientes para evitar contamina\u00e7\u00e3o no ambiente escolar.<\/p>\n<p>Em Manaus, de 18 de agosto a 19 de novembro, 12 mil professores e estudantes fizeram o teste, e o v\u00edrus foi encontrado na fase ativa em 6% deles. \u201cQuem testou positivo foi afastado e depois retornou. N\u00e3o houve nenhum caso de descontrole ou super transmiss\u00e3o nas escolas ou altera\u00e7\u00e3o no padr\u00e3o epidemiol\u00f3gico da cidade.\u201d<\/p>\n<p>Em S\u00e3o Paulo, o governador Jo\u00e3o Doria (PSDB) ir\u00e1 anunciar nesta segunda (30), um dia ap\u00f3s as elei\u00e7\u00f5es municipais em que seu aliado Bruno Covas (PSDB) foi reconduzido \u00e0 prefeitura da capital, novas restri\u00e7\u00f5es, embora n\u00e3o se soubesse ainda quais e em que cidades.<\/p>\n<p>Jos\u00e9 Medina, coordenador do Centro de Conting\u00eancia, indicou em entrevista na quinta (26) que os setores ou o formato de restri\u00e7\u00e3o devem ser diferentes do que foi feito no come\u00e7o da pandemia.<\/p>\n<p>Embora as escolas n\u00e3o estejam inclu\u00eddas no Plano SP de restri\u00e7\u00e3o de atividades para o controle da pandemia, neste ano seu funcionamento foi condicionado a essa classifica\u00e7\u00e3o, permitindo que ocorresse apenas na fase &#8220;amarela&#8221;, a terceira das cinco no programa.<\/p>\n<p>Agora, h\u00e1 uma defesa de que se mantenha a libera\u00e7\u00e3o para o funcionamento das escolas mesmo nas fases mais restritivas.<\/p>\n<p>Conselheiros de Doria avaliam estabelecer regras mais duras para outros servi\u00e7os, como os de lazer, e manter as escolas funcionando, j\u00e1 que as testagens indicam poucos casos de contamina\u00e7\u00e3o. Os testes feitos em alunos e professores das escolas estaduais encontraram apenas 56 casos ativos da doen\u00e7a.<\/p>\n<p>\u201c\u00c9 importante que os estados adotem medidas que de fato contribuam para a redu\u00e7\u00e3o de casos. Os dados mostram que n\u00e3o s\u00e3o as escolas abertas que est\u00e3o aumentando a dissemina\u00e7\u00e3o, mas outros setores em que h\u00e1 aglomera\u00e7\u00e3o e nos quais as regras sanit\u00e1rias s\u00e3o pouco cumpridas\u201d, disse Regina Esteves, diretora-presidente da Comunitas, que tamb\u00e9m tem prestado consultoria a estados e munic\u00edpios.<\/p>\n<p>Cec\u00edlia Motta, secret\u00e1ria de Educa\u00e7\u00e3o do Mato Grosso do Sul e presidente do Consed (Conselho Nacional de Secret\u00e1rios de Educa\u00e7\u00e3o), defende que os governos fa\u00e7am ainda neste ano a revis\u00e3o da classifica\u00e7\u00e3o das escolas dentro dos planos de conten\u00e7\u00e3o da pandemia. Isso, diz, daria tempo e seguran\u00e7a para que as redes de ensino planejassem o pr\u00f3ximo ano letivo.<\/p>\n<p>&#8220;Os governadores precisam definir se educa\u00e7\u00e3o ser\u00e1 o setor priorit\u00e1rio em 2021. O entendimento que temos da pandemia hoje \u00e9 diferente do que havia em mar\u00e7o, mas \u00e9 preciso garantir que as escolas v\u00e3o ser de fato tratadas como sendo servi\u00e7o essencial&#8221;, disse.<\/p>\n","protected":false},"excerpt":{"rendered":"<p>Ao menos seis estados estudam ou j\u00e1 mudaram a classifica\u00e7\u00e3o das escolas nos planos de conten\u00e7\u00e3o da pandemia do coronav\u00edrus para que continuem abertas mesmo em est\u00e1gios mais restritivos de isolamento.<\/p>\n","protected":false},"author":4,"featured_media":0,"comment_status":"closed","ping_status":"closed","sticky":false,"template":"","format":"standard","meta":{"footnotes":"","_links_to":"","_links_to_target":""},"categories":[9],"tags":[],"class_list":["post-12627","post","type-post","status-publish","format-standard","hentry","category-noticias-da-imprensa"],"yoast_head":"<!-- This site is optimized with the Yoast SEO plugin v15.1 - https:\/\/yoast.com\/wordpress\/plugins\/seo\/ -->\n<title>Estados querem escolas abertas mesmo em fases mais restritivas da pandemia &raquo; Abrelivros<\/title>\n<meta name=\"robots\" content=\"index, follow, max-snippet:-1, max-image-preview:large, max-video-preview:-1\" \/>\n<link rel=\"canonical\" href=\"https:\/\/abrelivros.org.br\/site\/estados-querem-escolas-abertas-mesmo-em-fases-mais-restritivas-da-pandemia\/\" \/>\n<meta property=\"og:locale\" content=\"pt_BR\" \/>\n<meta property=\"og:type\" content=\"article\" \/>\n<meta property=\"og:title\" content=\"Estados querem escolas abertas mesmo em fases mais restritivas da pandemia &raquo; Abrelivros\" \/>\n<meta property=\"og:description\" content=\"Ao menos seis estados estudam ou j\u00e1 mudaram a classifica\u00e7\u00e3o das escolas nos planos de conten\u00e7\u00e3o da pandemia do coronav\u00edrus para que continuem abertas mesmo em est\u00e1gios mais restritivos de isolamento.\" \/>\n<meta property=\"og:url\" content=\"https:\/\/abrelivros.org.br\/site\/estados-querem-escolas-abertas-mesmo-em-fases-mais-restritivas-da-pandemia\/\" \/>\n<meta property=\"og:site_name\" content=\"Abrelivros\" \/>\n<meta property=\"article:published_time\" content=\"2020-11-30T18:08:34+00:00\" \/>\n<meta name=\"twitter:card\" content=\"summary_large_image\" \/>\n<script type=\"application\/ld+json\" class=\"yoast-schema-graph\">{\"@context\":\"https:\/\/schema.org\",\"@graph\":[{\"@type\":\"WebSite\",\"@id\":\"https:\/\/abrelivros.org.br\/site\/#website\",\"url\":\"https:\/\/abrelivros.org.br\/site\/\",\"name\":\"Abrelivros\",\"description\":\"\",\"potentialAction\":[{\"@type\":\"SearchAction\",\"target\":\"https:\/\/abrelivros.org.br\/site\/?s={search_term_string}\",\"query-input\":\"required name=search_term_string\"}],\"inLanguage\":\"pt-BR\"},{\"@type\":\"WebPage\",\"@id\":\"https:\/\/abrelivros.org.br\/site\/estados-querem-escolas-abertas-mesmo-em-fases-mais-restritivas-da-pandemia\/#webpage\",\"url\":\"https:\/\/abrelivros.org.br\/site\/estados-querem-escolas-abertas-mesmo-em-fases-mais-restritivas-da-pandemia\/\",\"name\":\"Estados querem escolas abertas mesmo em fases mais restritivas da pandemia &raquo; Abrelivros\",\"isPartOf\":{\"@id\":\"https:\/\/abrelivros.org.br\/site\/#website\"},\"datePublished\":\"2020-11-30T18:08:34+00:00\",\"dateModified\":\"2020-11-30T18:08:34+00:00\",\"author\":{\"@id\":\"https:\/\/abrelivros.org.br\/site\/#\/schema\/person\/65db80e26409802ce15ac5feec6a15fd\"},\"breadcrumb\":{\"@id\":\"https:\/\/abrelivros.org.br\/site\/estados-querem-escolas-abertas-mesmo-em-fases-mais-restritivas-da-pandemia\/#breadcrumb\"},\"inLanguage\":\"pt-BR\",\"potentialAction\":[{\"@type\":\"ReadAction\",\"target\":[\"https:\/\/abrelivros.org.br\/site\/estados-querem-escolas-abertas-mesmo-em-fases-mais-restritivas-da-pandemia\/\"]}]},{\"@type\":\"BreadcrumbList\",\"@id\":\"https:\/\/abrelivros.org.br\/site\/estados-querem-escolas-abertas-mesmo-em-fases-mais-restritivas-da-pandemia\/#breadcrumb\",\"itemListElement\":[{\"@type\":\"ListItem\",\"position\":1,\"item\":{\"@type\":\"WebPage\",\"@id\":\"https:\/\/abrelivros.org.br\/site\/\",\"url\":\"https:\/\/abrelivros.org.br\/site\/\",\"name\":\"In\\u00edcio\"}},{\"@type\":\"ListItem\",\"position\":2,\"item\":{\"@type\":\"WebPage\",\"@id\":\"https:\/\/abrelivros.org.br\/site\/category\/noticias\/\",\"url\":\"https:\/\/abrelivros.org.br\/site\/category\/noticias\/\",\"name\":\"Not\\u00edcias\"}},{\"@type\":\"ListItem\",\"position\":3,\"item\":{\"@type\":\"WebPage\",\"@id\":\"https:\/\/abrelivros.org.br\/site\/category\/noticias\/noticias-da-imprensa\/\",\"url\":\"https:\/\/abrelivros.org.br\/site\/category\/noticias\/noticias-da-imprensa\/\",\"name\":\"Not\\u00edcias da imprensa\"}},{\"@type\":\"ListItem\",\"position\":4,\"item\":{\"@type\":\"WebPage\",\"@id\":\"https:\/\/abrelivros.org.br\/site\/estados-querem-escolas-abertas-mesmo-em-fases-mais-restritivas-da-pandemia\/\",\"url\":\"https:\/\/abrelivros.org.br\/site\/estados-querem-escolas-abertas-mesmo-em-fases-mais-restritivas-da-pandemia\/\",\"name\":\"Estados querem escolas abertas mesmo em fases mais restritivas da pandemia\"}}]},{\"@type\":\"Person\",\"@id\":\"https:\/\/abrelivros.org.br\/site\/#\/schema\/person\/65db80e26409802ce15ac5feec6a15fd\",\"name\":\"Reda\\u00e7\\u00e3o Abrelivros\",\"image\":{\"@type\":\"ImageObject\",\"@id\":\"https:\/\/abrelivros.org.br\/site\/#personlogo\",\"inLanguage\":\"pt-BR\",\"url\":\"https:\/\/secure.gravatar.com\/avatar\/c4e57f9c7e3482965bd428192061218520756c39080b1d1820b679fa5e9af192?s=96&d=mm&r=g\",\"caption\":\"Reda\\u00e7\\u00e3o Abrelivros\"}}]}<\/script>\n<!-- \/ Yoast SEO plugin. -->","_links":{"self":[{"href":"https:\/\/abrelivros.org.br\/site\/wp-json\/wp\/v2\/posts\/12627","targetHints":{"allow":["GET"]}}],"collection":[{"href":"https:\/\/abrelivros.org.br\/site\/wp-json\/wp\/v2\/posts"}],"about":[{"href":"https:\/\/abrelivros.org.br\/site\/wp-json\/wp\/v2\/types\/post"}],"author":[{"embeddable":true,"href":"https:\/\/abrelivros.org.br\/site\/wp-json\/wp\/v2\/users\/4"}],"replies":[{"embeddable":true,"href":"https:\/\/abrelivros.org.br\/site\/wp-json\/wp\/v2\/comments?post=12627"}],"version-history":[{"count":1,"href":"https:\/\/abrelivros.org.br\/site\/wp-json\/wp\/v2\/posts\/12627\/revisions"}],"predecessor-version":[{"id":12628,"href":"https:\/\/abrelivros.org.br\/site\/wp-json\/wp\/v2\/posts\/12627\/revisions\/12628"}],"wp:attachment":[{"href":"https:\/\/abrelivros.org.br\/site\/wp-json\/wp\/v2\/media?parent=12627"}],"wp:term":[{"taxonomy":"category","embeddable":true,"href":"https:\/\/abrelivros.org.br\/site\/wp-json\/wp\/v2\/categories?post=12627"},{"taxonomy":"post_tag","embeddable":true,"href":"https:\/\/abrelivros.org.br\/site\/wp-json\/wp\/v2\/tags?post=12627"}],"curies":[{"name":"wp","href":"https:\/\/api.w.org\/{rel}","templated":true}]}}