{"id":12625,"date":"2020-11-30T15:00:15","date_gmt":"2020-11-30T18:00:15","guid":{"rendered":"https:\/\/abrelivros.org.br\/site\/?p=12625"},"modified":"2020-11-30T15:00:15","modified_gmt":"2020-11-30T18:00:15","slug":"mec-nao-deve-homologar-aula-remota-em-2021","status":"publish","type":"post","link":"https:\/\/abrelivros.org.br\/site\/mec-nao-deve-homologar-aula-remota-em-2021\/","title":{"rendered":"MEC n\u00e3o deve homologar aula remota em 2021"},"content":{"rendered":"<p>O <a href=\"https:\/\/tudo-sobre.estadao.com.br\/ministerio-da-educacao\" target=\"_blank\" rel=\"noopener noreferrer\">Minist\u00e9rio da Educa\u00e7\u00e3o (MEC)<\/a> n\u00e3o deve homologar a decis\u00e3o do<strong> Conselho Nacional de Educa\u00e7\u00e3o<\/strong> (CNE) de permitir o<a href=\"https:\/\/tudo-sobre.estadao.com.br\/ensino-a-distancia\" target=\"_blank\" rel=\"noopener noreferrer\"> ensino remoto<\/a> at\u00e9 dezembro de 2021. A inten\u00e7\u00e3o do governo federal, segundo fontes, \u00e9 a de estimular uma volta presencial das escolas, mas acaba deixando uma lacuna nas diretrizes para Estados e munic\u00edpios. Uma resolu\u00e7\u00e3o do CNE com o artigo que permite continuar a educa\u00e7\u00e3o online por causa da pandemia est\u00e1 desde o dia 7 de outubro aguardando o aval do governo federal.<!--more--><\/p>\n<p>Com a negativa, Estados e munic\u00edpios ficar\u00e3o sem diretrizes oficiais sobre o assunto para escolas p\u00fablicas e particulares. Os conselhos estaduais e municipais costumam esperar a homologa\u00e7\u00e3o do MEC para fazer seus documentos locais com base na resolu\u00e7\u00e3o federal. Segundo especialistas, isso pode levar \u00e0 judicializa\u00e7\u00e3o j\u00e1 que a continuidade de ensino remoto \u00e9 dada como certa em 2021.<\/p>\n<p>Mesmo com uma eventual redu\u00e7\u00e3o no n\u00famero de casos, secret\u00e1rios de Educa\u00e7\u00e3o afirmam que vai ser preciso ao menos usar o ensino h\u00edbrido. Isso porque os protocolos exigem distanciamento nas salas de aula. Para que os alunos fiquem a 1,5 metro um do outro n\u00e3o \u00e9 poss\u00edvel que todos estejam ao mesmo tempo presencialmente. N\u00e3o h\u00e1 espa\u00e7o suficiente na maioria das escolas.<\/p>\n<p>Em live na semana passada com o presidente <a href=\"https:\/\/tudo-sobre.estadao.com.br\/jair-bolsonaro\" target=\"_blank\" rel=\"noopener noreferrer\">Jair Bolsonaro<\/a>, o ministro da Educa\u00e7\u00e3o, <a href=\"https:\/\/tudo-sobre.estadao.com.br\/milton-ribeiro\" target=\"_blank\" rel=\"noopener noreferrer\">Milton Ribeiro<\/a>, disse que o \u201cparecer do MEC \u00e9 em defesa do ensino presencial\u201d sem mencionar o documento. At\u00e9 a semana passada havia a expectativa de que o MEC homologasse a resolu\u00e7\u00e3o sem restri\u00e7\u00e3o. Tamb\u00e9m durante a transmiss\u00e3o ao vivo, Bolsonaro reclamou que muitas crian\u00e7as n\u00e3o conseguem fazer aulas a dist\u00e2ncia, apesar de a filha dele n\u00e3o ter problemas porque \u201ca m\u00e3e fica em cima\u201d.<\/p>\n<p>Apesar dessa lacuna no ensino b\u00e1sico, segundo apurou o <strong>Estad\u00e3o<\/strong>, o MEC deve editar uma portaria para dar suporte ao ensino remoto nas universidades privadas.<\/p>\n","protected":false},"excerpt":{"rendered":"<p>O Minist\u00e9rio da Educa\u00e7\u00e3o (MEC) n\u00e3o deve homologar a decis\u00e3o do Conselho Nacional de Educa\u00e7\u00e3o (CNE) de permitir o ensino remoto at\u00e9 dezembro de 2021. A inten\u00e7\u00e3o do governo federal, segundo fontes, \u00e9 a de estimular uma volta presencial das escolas, mas acaba deixando uma lacuna nas diretrizes para Estados e munic\u00edpios. Uma resolu\u00e7\u00e3o do [&hellip;]<\/p>\n","protected":false},"author":4,"featured_media":0,"comment_status":"closed","ping_status":"closed","sticky":false,"template":"","format":"standard","meta":{"footnotes":"","_links_to":"","_links_to_target":""},"categories":[9],"tags":[],"class_list":["post-12625","post","type-post","status-publish","format-standard","hentry","category-noticias-da-imprensa"],"yoast_head":"<!-- This site is optimized with the Yoast SEO plugin v15.1 - https:\/\/yoast.com\/wordpress\/plugins\/seo\/ -->\n<title>MEC n\u00e3o deve homologar aula remota em 2021 &raquo; Abrelivros<\/title>\n<meta name=\"robots\" content=\"index, follow, max-snippet:-1, max-image-preview:large, max-video-preview:-1\" \/>\n<link rel=\"canonical\" href=\"https:\/\/abrelivros.org.br\/site\/mec-nao-deve-homologar-aula-remota-em-2021\/\" \/>\n<meta property=\"og:locale\" content=\"pt_BR\" \/>\n<meta property=\"og:type\" content=\"article\" \/>\n<meta property=\"og:title\" content=\"MEC n\u00e3o deve homologar aula remota em 2021 &raquo; Abrelivros\" \/>\n<meta property=\"og:description\" content=\"O Minist\u00e9rio da Educa\u00e7\u00e3o (MEC) n\u00e3o deve homologar a decis\u00e3o do Conselho Nacional de Educa\u00e7\u00e3o (CNE) de permitir o ensino remoto at\u00e9 dezembro de 2021. A inten\u00e7\u00e3o do governo federal, segundo fontes, \u00e9 a de estimular uma volta presencial das escolas, mas acaba deixando uma lacuna nas diretrizes para Estados e munic\u00edpios. Uma resolu\u00e7\u00e3o do [&hellip;]\" \/>\n<meta property=\"og:url\" content=\"https:\/\/abrelivros.org.br\/site\/mec-nao-deve-homologar-aula-remota-em-2021\/\" \/>\n<meta property=\"og:site_name\" content=\"Abrelivros\" \/>\n<meta property=\"article:published_time\" content=\"2020-11-30T18:00:15+00:00\" \/>\n<meta name=\"twitter:card\" content=\"summary_large_image\" \/>\n<script type=\"application\/ld+json\" class=\"yoast-schema-graph\">{\"@context\":\"https:\/\/schema.org\",\"@graph\":[{\"@type\":\"WebSite\",\"@id\":\"https:\/\/abrelivros.org.br\/site\/#website\",\"url\":\"https:\/\/abrelivros.org.br\/site\/\",\"name\":\"Abrelivros\",\"description\":\"\",\"potentialAction\":[{\"@type\":\"SearchAction\",\"target\":\"https:\/\/abrelivros.org.br\/site\/?s={search_term_string}\",\"query-input\":\"required name=search_term_string\"}],\"inLanguage\":\"pt-BR\"},{\"@type\":\"WebPage\",\"@id\":\"https:\/\/abrelivros.org.br\/site\/mec-nao-deve-homologar-aula-remota-em-2021\/#webpage\",\"url\":\"https:\/\/abrelivros.org.br\/site\/mec-nao-deve-homologar-aula-remota-em-2021\/\",\"name\":\"MEC n\\u00e3o deve homologar aula remota em 2021 &raquo; Abrelivros\",\"isPartOf\":{\"@id\":\"https:\/\/abrelivros.org.br\/site\/#website\"},\"datePublished\":\"2020-11-30T18:00:15+00:00\",\"dateModified\":\"2020-11-30T18:00:15+00:00\",\"author\":{\"@id\":\"https:\/\/abrelivros.org.br\/site\/#\/schema\/person\/65db80e26409802ce15ac5feec6a15fd\"},\"breadcrumb\":{\"@id\":\"https:\/\/abrelivros.org.br\/site\/mec-nao-deve-homologar-aula-remota-em-2021\/#breadcrumb\"},\"inLanguage\":\"pt-BR\",\"potentialAction\":[{\"@type\":\"ReadAction\",\"target\":[\"https:\/\/abrelivros.org.br\/site\/mec-nao-deve-homologar-aula-remota-em-2021\/\"]}]},{\"@type\":\"BreadcrumbList\",\"@id\":\"https:\/\/abrelivros.org.br\/site\/mec-nao-deve-homologar-aula-remota-em-2021\/#breadcrumb\",\"itemListElement\":[{\"@type\":\"ListItem\",\"position\":1,\"item\":{\"@type\":\"WebPage\",\"@id\":\"https:\/\/abrelivros.org.br\/site\/\",\"url\":\"https:\/\/abrelivros.org.br\/site\/\",\"name\":\"In\\u00edcio\"}},{\"@type\":\"ListItem\",\"position\":2,\"item\":{\"@type\":\"WebPage\",\"@id\":\"https:\/\/abrelivros.org.br\/site\/category\/noticias\/\",\"url\":\"https:\/\/abrelivros.org.br\/site\/category\/noticias\/\",\"name\":\"Not\\u00edcias\"}},{\"@type\":\"ListItem\",\"position\":3,\"item\":{\"@type\":\"WebPage\",\"@id\":\"https:\/\/abrelivros.org.br\/site\/category\/noticias\/noticias-da-imprensa\/\",\"url\":\"https:\/\/abrelivros.org.br\/site\/category\/noticias\/noticias-da-imprensa\/\",\"name\":\"Not\\u00edcias da imprensa\"}},{\"@type\":\"ListItem\",\"position\":4,\"item\":{\"@type\":\"WebPage\",\"@id\":\"https:\/\/abrelivros.org.br\/site\/mec-nao-deve-homologar-aula-remota-em-2021\/\",\"url\":\"https:\/\/abrelivros.org.br\/site\/mec-nao-deve-homologar-aula-remota-em-2021\/\",\"name\":\"MEC n\\u00e3o deve homologar aula remota em 2021\"}}]},{\"@type\":\"Person\",\"@id\":\"https:\/\/abrelivros.org.br\/site\/#\/schema\/person\/65db80e26409802ce15ac5feec6a15fd\",\"name\":\"Reda\\u00e7\\u00e3o Abrelivros\",\"image\":{\"@type\":\"ImageObject\",\"@id\":\"https:\/\/abrelivros.org.br\/site\/#personlogo\",\"inLanguage\":\"pt-BR\",\"url\":\"https:\/\/secure.gravatar.com\/avatar\/c4e57f9c7e3482965bd428192061218520756c39080b1d1820b679fa5e9af192?s=96&d=mm&r=g\",\"caption\":\"Reda\\u00e7\\u00e3o Abrelivros\"}}]}<\/script>\n<!-- \/ Yoast SEO plugin. -->","_links":{"self":[{"href":"https:\/\/abrelivros.org.br\/site\/wp-json\/wp\/v2\/posts\/12625","targetHints":{"allow":["GET"]}}],"collection":[{"href":"https:\/\/abrelivros.org.br\/site\/wp-json\/wp\/v2\/posts"}],"about":[{"href":"https:\/\/abrelivros.org.br\/site\/wp-json\/wp\/v2\/types\/post"}],"author":[{"embeddable":true,"href":"https:\/\/abrelivros.org.br\/site\/wp-json\/wp\/v2\/users\/4"}],"replies":[{"embeddable":true,"href":"https:\/\/abrelivros.org.br\/site\/wp-json\/wp\/v2\/comments?post=12625"}],"version-history":[{"count":1,"href":"https:\/\/abrelivros.org.br\/site\/wp-json\/wp\/v2\/posts\/12625\/revisions"}],"predecessor-version":[{"id":12626,"href":"https:\/\/abrelivros.org.br\/site\/wp-json\/wp\/v2\/posts\/12625\/revisions\/12626"}],"wp:attachment":[{"href":"https:\/\/abrelivros.org.br\/site\/wp-json\/wp\/v2\/media?parent=12625"}],"wp:term":[{"taxonomy":"category","embeddable":true,"href":"https:\/\/abrelivros.org.br\/site\/wp-json\/wp\/v2\/categories?post=12625"},{"taxonomy":"post_tag","embeddable":true,"href":"https:\/\/abrelivros.org.br\/site\/wp-json\/wp\/v2\/tags?post=12625"}],"curies":[{"name":"wp","href":"https:\/\/api.w.org\/{rel}","templated":true}]}}