{"id":12623,"date":"2020-11-30T14:55:39","date_gmt":"2020-11-30T17:55:39","guid":{"rendered":"https:\/\/abrelivros.org.br\/site\/?p=12623"},"modified":"2020-11-30T14:55:39","modified_gmt":"2020-11-30T17:55:39","slug":"encontro-vai-debater-financiamento-para-a-conectividade-de-estudantes-e-professores","status":"publish","type":"post","link":"https:\/\/abrelivros.org.br\/site\/encontro-vai-debater-financiamento-para-a-conectividade-de-estudantes-e-professores\/","title":{"rendered":"Encontro vai debater financiamento para a conectividade de estudantes e professores"},"content":{"rendered":"<p>A C\u00e2mara dos Deputados discute hoje, \u00e0s 15h30, os meios de financiamento educacional para a conectividade. A audi\u00eancia ser\u00e1 coordenada pela deputada Tabata Amaral (PDT-SP). Ela \u00e9 relatora do projeto que destina recursos para o acesso gratuito \u00e0 internet de alunos e professores de escolas p\u00fablicas (PL <a href=\"https:\/\/www.camara.leg.br\/noticias\/673162-PROJETO-GARANTE-INTERNET-GRATUITA-A-PROFESSORES-E-ALUNOS-DE-ESCOLAS-PUBLICAS\" target=\"_blank\" rel=\"noopener noreferrer\">3477\/20<\/a>).<!--more--><\/p>\n<p>Foram convidados para o debate:<\/p>\n<p>&#8211; o secret\u00e1rio da Educa\u00e7\u00e3o do Estado de S\u00e3o Paulo, Rossieli Soares;<\/p>\n<p>&#8211; o diretor de Articula\u00e7\u00e3o e Apoio \u00e0s Redes de Educa\u00e7\u00e3o B\u00e1sica, Alexsander Moreira;<\/p>\n<p>&#8211; o diretor de Tecnologia e Inova\u00e7\u00e3o do FNDE, Paulo Roberto Arag\u00e3o Ramalho; e &#8211; o consultor de Or\u00e7amento da C\u00e2mara dos Deputados, Cl\u00e1udio Tanno.<\/p>\n<p><a href=\"https:\/\/edemocracia.camara.leg.br\/audiencias\/sala\/1685\" target=\"_blank\" rel=\"noopener noreferrer\">O evento ocorrer\u00e1 no plen\u00e1rio 8 e poder\u00e1 ser acompanhado de forma interativa<\/a>.<\/p>\n","protected":false},"excerpt":{"rendered":"<p>A C\u00e2mara dos Deputados discute hoje, \u00e0s 15h30, os meios de financiamento educacional para a conectividade. A audi\u00eancia ser\u00e1 coordenada pela deputada Tabata Amaral (PDT-SP). Ela \u00e9 relatora do projeto que destina recursos para o acesso gratuito \u00e0 internet de alunos e professores de escolas p\u00fablicas (PL 3477\/20).<\/p>\n","protected":false},"author":4,"featured_media":0,"comment_status":"closed","ping_status":"closed","sticky":false,"template":"","format":"standard","meta":{"footnotes":"","_links_to":"","_links_to_target":""},"categories":[9],"tags":[],"class_list":["post-12623","post","type-post","status-publish","format-standard","hentry","category-noticias-da-imprensa"],"yoast_head":"<!-- This site is optimized with the Yoast SEO plugin v15.1 - https:\/\/yoast.com\/wordpress\/plugins\/seo\/ -->\n<title>Encontro vai debater financiamento para a conectividade de estudantes e professores &raquo; Abrelivros<\/title>\n<meta name=\"robots\" content=\"index, follow, max-snippet:-1, max-image-preview:large, max-video-preview:-1\" \/>\n<link rel=\"canonical\" href=\"https:\/\/abrelivros.org.br\/site\/encontro-vai-debater-financiamento-para-a-conectividade-de-estudantes-e-professores\/\" \/>\n<meta property=\"og:locale\" content=\"pt_BR\" \/>\n<meta property=\"og:type\" content=\"article\" \/>\n<meta property=\"og:title\" content=\"Encontro vai debater financiamento para a conectividade de estudantes e professores &raquo; Abrelivros\" \/>\n<meta property=\"og:description\" content=\"A C\u00e2mara dos Deputados discute hoje, \u00e0s 15h30, os meios de financiamento educacional para a conectividade. A audi\u00eancia ser\u00e1 coordenada pela deputada Tabata Amaral (PDT-SP). Ela \u00e9 relatora do projeto que destina recursos para o acesso gratuito \u00e0 internet de alunos e professores de escolas p\u00fablicas (PL 3477\/20).\" \/>\n<meta property=\"og:url\" content=\"https:\/\/abrelivros.org.br\/site\/encontro-vai-debater-financiamento-para-a-conectividade-de-estudantes-e-professores\/\" \/>\n<meta property=\"og:site_name\" content=\"Abrelivros\" \/>\n<meta property=\"article:published_time\" content=\"2020-11-30T17:55:39+00:00\" \/>\n<meta name=\"twitter:card\" content=\"summary_large_image\" \/>\n<script type=\"application\/ld+json\" class=\"yoast-schema-graph\">{\"@context\":\"https:\/\/schema.org\",\"@graph\":[{\"@type\":\"WebSite\",\"@id\":\"https:\/\/abrelivros.org.br\/site\/#website\",\"url\":\"https:\/\/abrelivros.org.br\/site\/\",\"name\":\"Abrelivros\",\"description\":\"\",\"potentialAction\":[{\"@type\":\"SearchAction\",\"target\":\"https:\/\/abrelivros.org.br\/site\/?s={search_term_string}\",\"query-input\":\"required name=search_term_string\"}],\"inLanguage\":\"pt-BR\"},{\"@type\":\"WebPage\",\"@id\":\"https:\/\/abrelivros.org.br\/site\/encontro-vai-debater-financiamento-para-a-conectividade-de-estudantes-e-professores\/#webpage\",\"url\":\"https:\/\/abrelivros.org.br\/site\/encontro-vai-debater-financiamento-para-a-conectividade-de-estudantes-e-professores\/\",\"name\":\"Encontro vai debater financiamento para a conectividade de estudantes e professores &raquo; Abrelivros\",\"isPartOf\":{\"@id\":\"https:\/\/abrelivros.org.br\/site\/#website\"},\"datePublished\":\"2020-11-30T17:55:39+00:00\",\"dateModified\":\"2020-11-30T17:55:39+00:00\",\"author\":{\"@id\":\"https:\/\/abrelivros.org.br\/site\/#\/schema\/person\/65db80e26409802ce15ac5feec6a15fd\"},\"breadcrumb\":{\"@id\":\"https:\/\/abrelivros.org.br\/site\/encontro-vai-debater-financiamento-para-a-conectividade-de-estudantes-e-professores\/#breadcrumb\"},\"inLanguage\":\"pt-BR\",\"potentialAction\":[{\"@type\":\"ReadAction\",\"target\":[\"https:\/\/abrelivros.org.br\/site\/encontro-vai-debater-financiamento-para-a-conectividade-de-estudantes-e-professores\/\"]}]},{\"@type\":\"BreadcrumbList\",\"@id\":\"https:\/\/abrelivros.org.br\/site\/encontro-vai-debater-financiamento-para-a-conectividade-de-estudantes-e-professores\/#breadcrumb\",\"itemListElement\":[{\"@type\":\"ListItem\",\"position\":1,\"item\":{\"@type\":\"WebPage\",\"@id\":\"https:\/\/abrelivros.org.br\/site\/\",\"url\":\"https:\/\/abrelivros.org.br\/site\/\",\"name\":\"In\\u00edcio\"}},{\"@type\":\"ListItem\",\"position\":2,\"item\":{\"@type\":\"WebPage\",\"@id\":\"https:\/\/abrelivros.org.br\/site\/category\/noticias\/\",\"url\":\"https:\/\/abrelivros.org.br\/site\/category\/noticias\/\",\"name\":\"Not\\u00edcias\"}},{\"@type\":\"ListItem\",\"position\":3,\"item\":{\"@type\":\"WebPage\",\"@id\":\"https:\/\/abrelivros.org.br\/site\/category\/noticias\/noticias-da-imprensa\/\",\"url\":\"https:\/\/abrelivros.org.br\/site\/category\/noticias\/noticias-da-imprensa\/\",\"name\":\"Not\\u00edcias da imprensa\"}},{\"@type\":\"ListItem\",\"position\":4,\"item\":{\"@type\":\"WebPage\",\"@id\":\"https:\/\/abrelivros.org.br\/site\/encontro-vai-debater-financiamento-para-a-conectividade-de-estudantes-e-professores\/\",\"url\":\"https:\/\/abrelivros.org.br\/site\/encontro-vai-debater-financiamento-para-a-conectividade-de-estudantes-e-professores\/\",\"name\":\"Encontro vai debater financiamento para a conectividade de estudantes e professores\"}}]},{\"@type\":\"Person\",\"@id\":\"https:\/\/abrelivros.org.br\/site\/#\/schema\/person\/65db80e26409802ce15ac5feec6a15fd\",\"name\":\"Reda\\u00e7\\u00e3o Abrelivros\",\"image\":{\"@type\":\"ImageObject\",\"@id\":\"https:\/\/abrelivros.org.br\/site\/#personlogo\",\"inLanguage\":\"pt-BR\",\"url\":\"https:\/\/secure.gravatar.com\/avatar\/c4e57f9c7e3482965bd428192061218520756c39080b1d1820b679fa5e9af192?s=96&d=mm&r=g\",\"caption\":\"Reda\\u00e7\\u00e3o Abrelivros\"}}]}<\/script>\n<!-- \/ Yoast SEO plugin. -->","_links":{"self":[{"href":"https:\/\/abrelivros.org.br\/site\/wp-json\/wp\/v2\/posts\/12623","targetHints":{"allow":["GET"]}}],"collection":[{"href":"https:\/\/abrelivros.org.br\/site\/wp-json\/wp\/v2\/posts"}],"about":[{"href":"https:\/\/abrelivros.org.br\/site\/wp-json\/wp\/v2\/types\/post"}],"author":[{"embeddable":true,"href":"https:\/\/abrelivros.org.br\/site\/wp-json\/wp\/v2\/users\/4"}],"replies":[{"embeddable":true,"href":"https:\/\/abrelivros.org.br\/site\/wp-json\/wp\/v2\/comments?post=12623"}],"version-history":[{"count":1,"href":"https:\/\/abrelivros.org.br\/site\/wp-json\/wp\/v2\/posts\/12623\/revisions"}],"predecessor-version":[{"id":12624,"href":"https:\/\/abrelivros.org.br\/site\/wp-json\/wp\/v2\/posts\/12623\/revisions\/12624"}],"wp:attachment":[{"href":"https:\/\/abrelivros.org.br\/site\/wp-json\/wp\/v2\/media?parent=12623"}],"wp:term":[{"taxonomy":"category","embeddable":true,"href":"https:\/\/abrelivros.org.br\/site\/wp-json\/wp\/v2\/categories?post=12623"},{"taxonomy":"post_tag","embeddable":true,"href":"https:\/\/abrelivros.org.br\/site\/wp-json\/wp\/v2\/tags?post=12623"}],"curies":[{"name":"wp","href":"https:\/\/api.w.org\/{rel}","templated":true}]}}