{"id":12614,"date":"2020-11-27T15:17:24","date_gmt":"2020-11-27T18:17:24","guid":{"rendered":"https:\/\/abrelivros.org.br\/site\/?p=12614"},"modified":"2020-11-27T15:17:24","modified_gmt":"2020-11-27T18:17:24","slug":"solo-para-vialejo-vence-o-jabuti","status":"publish","type":"post","link":"https:\/\/abrelivros.org.br\/site\/solo-para-vialejo-vence-o-jabuti\/","title":{"rendered":"\u2018Solo para vialejo\u2019 vence o Jabuti"},"content":{"rendered":"<p>Em uma cerim\u00f4nia virtual comandada pela jornalista Maju Coutinho, o Pr\u00eamio Jabuti anunciou os vencedores da sua 62\u00aa edi\u00e7\u00e3o. Pela segunda vez na hist\u00f3ria recente do Pr\u00eamio, um livro de poesia escrito por uma pessoa nordestina foi escolhido como Livro do Ano. Em 2018, o cearense Mailson Furtado levou o Jabuti Dourado por \u00c0 cidade. Agora, foi a vez da autora pernambucana Cida Pedrosa ganhar o pr\u00eamio com o livro Solo para vialejo, publicado pela Cepe Editora. Al\u00e9m da estatueta, a autora recebe o pr\u00eamio de R$ 100 mil. O livro tamb\u00e9m venceu na categoria Poesia.<!--more--><\/p>\n<p>Ao agradecer pelo pr\u00eamio, Cida declarou que Ad\u00e9lia Prado, a homenageada desta edi\u00e7\u00e3o, \u00e9 sua refer\u00eancia po\u00e9tica e falou sobre o significado da sua obra que demorou dois anos para ficar pronta. \u201cEste livro \u00e9 minha entrega pra literatura\u201d, declarou. \u201cEsse \u00e9 um livro sobre nossas negritudes, v\u00e1rias, sobre nossas indigenices, sobre nossas branquitudes. Este \u00e9 um livro em busca da m\u00fasica, em busca de mim, das minhas ra\u00edzes sertanejas. \u00c9 um livro que eu me entrego inteira ao sert\u00e3o e suas negritudes\u201d, disse. Cida, que acaba de se eleger vereadora por Recife, nasceu em Bodoc\u00f3, na regi\u00e3o do Sert\u00e3o do Araripe, em Pernambuco e tem sete livros de poemas publicados. No seu discurso, ela declarou que doar\u00e1 parte do pr\u00eamio ao seu partido, o PCdoB.<\/p>\n<p>Em Romance Liter\u00e1rio, o ganhador foi Torto arado (Todavia), de Itamar Vieira Jr. Uma mulher no escuro (Companhia das Letras), de Raphael Montes, venceu a categoria Romance de Entretenimento, novidade desta edi\u00e7\u00e3o. Em Conto, o primeiro lugar ficou com Urubus (Confraria do Vento), de Carla Bessa. Em Cr\u00f4nica, Uma furtiva l\u00e1grima (Record), de N\u00e9lida Pi\u00f1on.<\/p>\n<p>A categoria Hist\u00f3ria em Quadrinhos ficou para Silvestre (DarkSide), de Wagner Willian Menezes de Ara\u00fajo. Da minha janela (Companhia das Letrinhas), de Ot\u00e1vio Cesar Jr., ficou com o trof\u00e9u na categoria Infantil. Em Juvenil, o vencedor foi Palmares de Zumbi (Nemo \/ Aut\u00eantica), de Leonardo Chalub.<\/p>\n<p>Os vencedores dos eixos Ensaios, Livros e Inova\u00e7\u00e3o podem ser consultados diretamente no<a href=\"https:\/\/www.premiojabuti.com.br\/premiados-por-edicao\/premiacao\/?ano=2020\" target=\"_blank\" rel=\"noopener noreferrer\"> site do Pr\u00eamio<\/a>.<\/p>\n<p>Os autores premiados em cada uma das 20 categorias levaram a estatueta e o valor de R$ 5 mil cada, exceto a categoria Livro Brasileiro Publicado no Exterior, que recebe s\u00f3 a estatueta. Os editores das obras vencedoras tamb\u00e9m ganharam a estatueta do Jabuti.<\/p>\n<p>Assista \u00e0 cerim\u00f4nia de premia\u00e7\u00e3o, que teve a participa\u00e7\u00e3o de Ad\u00e9lia Prado, Mariana Ximenes e F\u00e1bio Porchat.<\/p>\n<p><iframe title=\"Cerim\u00f4nia 62\u00ba Pr\u00eamio Jabuti\" width=\"800\" height=\"450\" src=\"https:\/\/www.youtube.com\/embed\/ISEHUbLS7fQ?feature=oembed\" frameborder=\"0\" allow=\"accelerometer; autoplay; clipboard-write; encrypted-media; gyroscope; picture-in-picture\" allowfullscreen><\/iframe><\/p>\n","protected":false},"excerpt":{"rendered":"<p>Em uma cerim\u00f4nia virtual comandada pela jornalista Maju Coutinho, o Pr\u00eamio Jabuti anunciou os vencedores da sua 62\u00aa edi\u00e7\u00e3o. Pela segunda vez na hist\u00f3ria recente do Pr\u00eamio, um livro de poesia escrito por uma pessoa nordestina foi escolhido como Livro do Ano. Em 2018, o cearense Mailson Furtado levou o Jabuti Dourado por \u00c0 cidade. [&hellip;]<\/p>\n","protected":false},"author":4,"featured_media":0,"comment_status":"closed","ping_status":"closed","sticky":false,"template":"","format":"standard","meta":{"footnotes":"","_links_to":"","_links_to_target":""},"categories":[9],"tags":[],"class_list":["post-12614","post","type-post","status-publish","format-standard","hentry","category-noticias-da-imprensa"],"yoast_head":"<!-- This site is optimized with the Yoast SEO plugin v15.1 - https:\/\/yoast.com\/wordpress\/plugins\/seo\/ -->\n<title>\u2018Solo para vialejo\u2019 vence o Jabuti &raquo; Abrelivros<\/title>\n<meta name=\"robots\" content=\"index, follow, max-snippet:-1, max-image-preview:large, max-video-preview:-1\" \/>\n<link rel=\"canonical\" href=\"https:\/\/abrelivros.org.br\/site\/solo-para-vialejo-vence-o-jabuti\/\" \/>\n<meta property=\"og:locale\" content=\"pt_BR\" \/>\n<meta property=\"og:type\" content=\"article\" \/>\n<meta property=\"og:title\" content=\"\u2018Solo para vialejo\u2019 vence o Jabuti &raquo; Abrelivros\" \/>\n<meta property=\"og:description\" content=\"Em uma cerim\u00f4nia virtual comandada pela jornalista Maju Coutinho, o Pr\u00eamio Jabuti anunciou os vencedores da sua 62\u00aa edi\u00e7\u00e3o. Pela segunda vez na hist\u00f3ria recente do Pr\u00eamio, um livro de poesia escrito por uma pessoa nordestina foi escolhido como Livro do Ano. Em 2018, o cearense Mailson Furtado levou o Jabuti Dourado por \u00c0 cidade. [&hellip;]\" \/>\n<meta property=\"og:url\" content=\"https:\/\/abrelivros.org.br\/site\/solo-para-vialejo-vence-o-jabuti\/\" \/>\n<meta property=\"og:site_name\" content=\"Abrelivros\" \/>\n<meta property=\"article:published_time\" content=\"2020-11-27T18:17:24+00:00\" \/>\n<meta name=\"twitter:card\" content=\"summary_large_image\" \/>\n<script type=\"application\/ld+json\" class=\"yoast-schema-graph\">{\"@context\":\"https:\/\/schema.org\",\"@graph\":[{\"@type\":\"WebSite\",\"@id\":\"https:\/\/abrelivros.org.br\/site\/#website\",\"url\":\"https:\/\/abrelivros.org.br\/site\/\",\"name\":\"Abrelivros\",\"description\":\"\",\"potentialAction\":[{\"@type\":\"SearchAction\",\"target\":\"https:\/\/abrelivros.org.br\/site\/?s={search_term_string}\",\"query-input\":\"required name=search_term_string\"}],\"inLanguage\":\"pt-BR\"},{\"@type\":\"WebPage\",\"@id\":\"https:\/\/abrelivros.org.br\/site\/solo-para-vialejo-vence-o-jabuti\/#webpage\",\"url\":\"https:\/\/abrelivros.org.br\/site\/solo-para-vialejo-vence-o-jabuti\/\",\"name\":\"\\u2018Solo para vialejo\\u2019 vence o Jabuti &raquo; Abrelivros\",\"isPartOf\":{\"@id\":\"https:\/\/abrelivros.org.br\/site\/#website\"},\"datePublished\":\"2020-11-27T18:17:24+00:00\",\"dateModified\":\"2020-11-27T18:17:24+00:00\",\"author\":{\"@id\":\"https:\/\/abrelivros.org.br\/site\/#\/schema\/person\/65db80e26409802ce15ac5feec6a15fd\"},\"breadcrumb\":{\"@id\":\"https:\/\/abrelivros.org.br\/site\/solo-para-vialejo-vence-o-jabuti\/#breadcrumb\"},\"inLanguage\":\"pt-BR\",\"potentialAction\":[{\"@type\":\"ReadAction\",\"target\":[\"https:\/\/abrelivros.org.br\/site\/solo-para-vialejo-vence-o-jabuti\/\"]}]},{\"@type\":\"BreadcrumbList\",\"@id\":\"https:\/\/abrelivros.org.br\/site\/solo-para-vialejo-vence-o-jabuti\/#breadcrumb\",\"itemListElement\":[{\"@type\":\"ListItem\",\"position\":1,\"item\":{\"@type\":\"WebPage\",\"@id\":\"https:\/\/abrelivros.org.br\/site\/\",\"url\":\"https:\/\/abrelivros.org.br\/site\/\",\"name\":\"In\\u00edcio\"}},{\"@type\":\"ListItem\",\"position\":2,\"item\":{\"@type\":\"WebPage\",\"@id\":\"https:\/\/abrelivros.org.br\/site\/category\/noticias\/\",\"url\":\"https:\/\/abrelivros.org.br\/site\/category\/noticias\/\",\"name\":\"Not\\u00edcias\"}},{\"@type\":\"ListItem\",\"position\":3,\"item\":{\"@type\":\"WebPage\",\"@id\":\"https:\/\/abrelivros.org.br\/site\/category\/noticias\/noticias-da-imprensa\/\",\"url\":\"https:\/\/abrelivros.org.br\/site\/category\/noticias\/noticias-da-imprensa\/\",\"name\":\"Not\\u00edcias da imprensa\"}},{\"@type\":\"ListItem\",\"position\":4,\"item\":{\"@type\":\"WebPage\",\"@id\":\"https:\/\/abrelivros.org.br\/site\/solo-para-vialejo-vence-o-jabuti\/\",\"url\":\"https:\/\/abrelivros.org.br\/site\/solo-para-vialejo-vence-o-jabuti\/\",\"name\":\"\\u2018Solo para vialejo\\u2019 vence o Jabuti\"}}]},{\"@type\":\"Person\",\"@id\":\"https:\/\/abrelivros.org.br\/site\/#\/schema\/person\/65db80e26409802ce15ac5feec6a15fd\",\"name\":\"Reda\\u00e7\\u00e3o Abrelivros\",\"image\":{\"@type\":\"ImageObject\",\"@id\":\"https:\/\/abrelivros.org.br\/site\/#personlogo\",\"inLanguage\":\"pt-BR\",\"url\":\"https:\/\/secure.gravatar.com\/avatar\/c4e57f9c7e3482965bd428192061218520756c39080b1d1820b679fa5e9af192?s=96&d=mm&r=g\",\"caption\":\"Reda\\u00e7\\u00e3o Abrelivros\"}}]}<\/script>\n<!-- \/ Yoast SEO plugin. -->","_links":{"self":[{"href":"https:\/\/abrelivros.org.br\/site\/wp-json\/wp\/v2\/posts\/12614","targetHints":{"allow":["GET"]}}],"collection":[{"href":"https:\/\/abrelivros.org.br\/site\/wp-json\/wp\/v2\/posts"}],"about":[{"href":"https:\/\/abrelivros.org.br\/site\/wp-json\/wp\/v2\/types\/post"}],"author":[{"embeddable":true,"href":"https:\/\/abrelivros.org.br\/site\/wp-json\/wp\/v2\/users\/4"}],"replies":[{"embeddable":true,"href":"https:\/\/abrelivros.org.br\/site\/wp-json\/wp\/v2\/comments?post=12614"}],"version-history":[{"count":1,"href":"https:\/\/abrelivros.org.br\/site\/wp-json\/wp\/v2\/posts\/12614\/revisions"}],"predecessor-version":[{"id":12616,"href":"https:\/\/abrelivros.org.br\/site\/wp-json\/wp\/v2\/posts\/12614\/revisions\/12616"}],"wp:attachment":[{"href":"https:\/\/abrelivros.org.br\/site\/wp-json\/wp\/v2\/media?parent=12614"}],"wp:term":[{"taxonomy":"category","embeddable":true,"href":"https:\/\/abrelivros.org.br\/site\/wp-json\/wp\/v2\/categories?post=12614"},{"taxonomy":"post_tag","embeddable":true,"href":"https:\/\/abrelivros.org.br\/site\/wp-json\/wp\/v2\/tags?post=12614"}],"curies":[{"name":"wp","href":"https:\/\/api.w.org\/{rel}","templated":true}]}}