{"id":12612,"date":"2020-11-27T15:14:00","date_gmt":"2020-11-27T18:14:00","guid":{"rendered":"https:\/\/abrelivros.org.br\/site\/?p=12612"},"modified":"2020-11-27T15:14:00","modified_gmt":"2020-11-27T18:14:00","slug":"governo-altera-parametros-do-fundeb-e-reduz-investimento-anual-por-aluno-em-2020","status":"publish","type":"post","link":"https:\/\/abrelivros.org.br\/site\/governo-altera-parametros-do-fundeb-e-reduz-investimento-anual-por-aluno-em-2020\/","title":{"rendered":"Governo altera par\u00e2metros do Fundeb e reduz investimento anual por aluno em 2020"},"content":{"rendered":"<p>O Minist\u00e9rio da Educa\u00e7\u00e3o (<a href=\"https:\/\/g1.globo.com\/tudo-sobre\/ministerio-da-educacao\/\" target=\"_blank\" rel=\"noopener noreferrer\">MEC<\/a>) alterou os par\u00e2metros do Fundo de Manuten\u00e7\u00e3o e Desenvolvimento da Educa\u00e7\u00e3o B\u00e1sica e de Valoriza\u00e7\u00e3o dos Profissionais da Educa\u00e7\u00e3o (<a href=\"https:\/\/g1.globo.com\/tudo-sobre\/fundeb\/\" target=\"_blank\" rel=\"noopener noreferrer\">Fundeb<\/a>) e reduziu o valor anual de investimento por aluno.<!--more--><\/p>\n<p>O valor foi de <strong>R$ 3.643,16 para R$ 3.349,56<\/strong> para o ano de 2020, uma <strong>redu\u00e7\u00e3o de 8%<\/strong>. Se divididos nos 12 meses do ano, o investimento por aluno equivale a R$ 279 por m\u00eas.<\/p>\n<p>A portaria foi <a href=\"https:\/\/www.in.gov.br\/web\/dou\/-\/portaria-interministerial-n-3-de-25-de-novembro-de-2020-290556249\" target=\"_blank\" rel=\"noopener noreferrer\">publicada em edi\u00e7\u00e3o extra<\/a> do &#8220;Di\u00e1rio Oficial&#8221; na noite de quinta-feira (26). Ela \u00e9 assinada pelo ministro da Educa\u00e7\u00e3o, Milton Ribeiro, e pelo ministro da Economia, Paulo Guedes.<\/p>\n<p><strong>Queda de arrecada\u00e7\u00e3o<\/strong><\/p>\n<p>A altera\u00e7\u00e3o se baseia no desempenho das receitas do governo. O Fundeb \u00e9 composto por contribui\u00e7\u00f5es dos estados, Distrito Federal e munic\u00edpios, e por uma complementa\u00e7\u00e3o da Uni\u00e3o sobre esses valores.<\/p>\n<p>Com a queda na arrecada\u00e7\u00e3o de impostos durante a pandemia, devido \u00e0 redu\u00e7\u00e3o das atividades econ\u00f4micas, o &#8220;bolo&#8221; do Fundeb tamb\u00e9m diminuiu e o governo federal n\u00e3o complementou o montante al\u00e9m dos 10% previstos na lei em vigor. A partir de 2021, a Uni\u00e3o passar\u00e1 a contribuir com uma porcentagem maior, de 12%,<a href=\"https:\/\/g1.globo.com\/politica\/noticia\/2020\/08\/26\/congresso-promulga-emenda-e-fundeb-permanente-recebera-mais-verba-da-uniao.ghtml\" target=\"_blank\" rel=\"noopener noreferrer\"> at\u00e9 atingir 26% em 2026<\/a>.<\/p>\n<p>No acumulado de janeiro a outubro, o Fundeb &#8220;perdeu&#8221; R$ 5,5 bilh\u00f5es, uma redu\u00e7\u00e3o de 3,9% se comparado ao mesmo per\u00edodo de 2019.<\/p>\n<p>&nbsp;<\/p>\n","protected":false},"excerpt":{"rendered":"<p>O Minist\u00e9rio da Educa\u00e7\u00e3o (MEC) alterou os par\u00e2metros do Fundo de Manuten\u00e7\u00e3o e Desenvolvimento da Educa\u00e7\u00e3o B\u00e1sica e de Valoriza\u00e7\u00e3o dos Profissionais da Educa\u00e7\u00e3o (Fundeb) e reduziu o valor anual de investimento por aluno.<\/p>\n","protected":false},"author":4,"featured_media":0,"comment_status":"closed","ping_status":"closed","sticky":false,"template":"","format":"standard","meta":{"footnotes":"","_links_to":"","_links_to_target":""},"categories":[9],"tags":[],"class_list":["post-12612","post","type-post","status-publish","format-standard","hentry","category-noticias-da-imprensa"],"yoast_head":"<!-- This site is optimized with the Yoast SEO plugin v15.1 - https:\/\/yoast.com\/wordpress\/plugins\/seo\/ -->\n<title>Governo altera par\u00e2metros do Fundeb e reduz investimento anual por aluno em 2020 &raquo; Abrelivros<\/title>\n<meta name=\"robots\" content=\"index, follow, max-snippet:-1, max-image-preview:large, max-video-preview:-1\" \/>\n<link rel=\"canonical\" href=\"https:\/\/abrelivros.org.br\/site\/governo-altera-parametros-do-fundeb-e-reduz-investimento-anual-por-aluno-em-2020\/\" \/>\n<meta property=\"og:locale\" content=\"pt_BR\" \/>\n<meta property=\"og:type\" content=\"article\" \/>\n<meta property=\"og:title\" content=\"Governo altera par\u00e2metros do Fundeb e reduz investimento anual por aluno em 2020 &raquo; Abrelivros\" \/>\n<meta property=\"og:description\" content=\"O Minist\u00e9rio da Educa\u00e7\u00e3o (MEC) alterou os par\u00e2metros do Fundo de Manuten\u00e7\u00e3o e Desenvolvimento da Educa\u00e7\u00e3o B\u00e1sica e de Valoriza\u00e7\u00e3o dos Profissionais da Educa\u00e7\u00e3o (Fundeb) e reduziu o valor anual de investimento por aluno.\" \/>\n<meta property=\"og:url\" content=\"https:\/\/abrelivros.org.br\/site\/governo-altera-parametros-do-fundeb-e-reduz-investimento-anual-por-aluno-em-2020\/\" \/>\n<meta property=\"og:site_name\" content=\"Abrelivros\" \/>\n<meta property=\"article:published_time\" content=\"2020-11-27T18:14:00+00:00\" \/>\n<meta name=\"twitter:card\" content=\"summary_large_image\" \/>\n<script type=\"application\/ld+json\" class=\"yoast-schema-graph\">{\"@context\":\"https:\/\/schema.org\",\"@graph\":[{\"@type\":\"WebSite\",\"@id\":\"https:\/\/abrelivros.org.br\/site\/#website\",\"url\":\"https:\/\/abrelivros.org.br\/site\/\",\"name\":\"Abrelivros\",\"description\":\"\",\"potentialAction\":[{\"@type\":\"SearchAction\",\"target\":\"https:\/\/abrelivros.org.br\/site\/?s={search_term_string}\",\"query-input\":\"required name=search_term_string\"}],\"inLanguage\":\"pt-BR\"},{\"@type\":\"WebPage\",\"@id\":\"https:\/\/abrelivros.org.br\/site\/governo-altera-parametros-do-fundeb-e-reduz-investimento-anual-por-aluno-em-2020\/#webpage\",\"url\":\"https:\/\/abrelivros.org.br\/site\/governo-altera-parametros-do-fundeb-e-reduz-investimento-anual-por-aluno-em-2020\/\",\"name\":\"Governo altera par\\u00e2metros do Fundeb e reduz investimento anual por aluno em 2020 &raquo; Abrelivros\",\"isPartOf\":{\"@id\":\"https:\/\/abrelivros.org.br\/site\/#website\"},\"datePublished\":\"2020-11-27T18:14:00+00:00\",\"dateModified\":\"2020-11-27T18:14:00+00:00\",\"author\":{\"@id\":\"https:\/\/abrelivros.org.br\/site\/#\/schema\/person\/65db80e26409802ce15ac5feec6a15fd\"},\"breadcrumb\":{\"@id\":\"https:\/\/abrelivros.org.br\/site\/governo-altera-parametros-do-fundeb-e-reduz-investimento-anual-por-aluno-em-2020\/#breadcrumb\"},\"inLanguage\":\"pt-BR\",\"potentialAction\":[{\"@type\":\"ReadAction\",\"target\":[\"https:\/\/abrelivros.org.br\/site\/governo-altera-parametros-do-fundeb-e-reduz-investimento-anual-por-aluno-em-2020\/\"]}]},{\"@type\":\"BreadcrumbList\",\"@id\":\"https:\/\/abrelivros.org.br\/site\/governo-altera-parametros-do-fundeb-e-reduz-investimento-anual-por-aluno-em-2020\/#breadcrumb\",\"itemListElement\":[{\"@type\":\"ListItem\",\"position\":1,\"item\":{\"@type\":\"WebPage\",\"@id\":\"https:\/\/abrelivros.org.br\/site\/\",\"url\":\"https:\/\/abrelivros.org.br\/site\/\",\"name\":\"In\\u00edcio\"}},{\"@type\":\"ListItem\",\"position\":2,\"item\":{\"@type\":\"WebPage\",\"@id\":\"https:\/\/abrelivros.org.br\/site\/category\/noticias\/\",\"url\":\"https:\/\/abrelivros.org.br\/site\/category\/noticias\/\",\"name\":\"Not\\u00edcias\"}},{\"@type\":\"ListItem\",\"position\":3,\"item\":{\"@type\":\"WebPage\",\"@id\":\"https:\/\/abrelivros.org.br\/site\/category\/noticias\/noticias-da-imprensa\/\",\"url\":\"https:\/\/abrelivros.org.br\/site\/category\/noticias\/noticias-da-imprensa\/\",\"name\":\"Not\\u00edcias da imprensa\"}},{\"@type\":\"ListItem\",\"position\":4,\"item\":{\"@type\":\"WebPage\",\"@id\":\"https:\/\/abrelivros.org.br\/site\/governo-altera-parametros-do-fundeb-e-reduz-investimento-anual-por-aluno-em-2020\/\",\"url\":\"https:\/\/abrelivros.org.br\/site\/governo-altera-parametros-do-fundeb-e-reduz-investimento-anual-por-aluno-em-2020\/\",\"name\":\"Governo altera par\\u00e2metros do Fundeb e reduz investimento anual por aluno em 2020\"}}]},{\"@type\":\"Person\",\"@id\":\"https:\/\/abrelivros.org.br\/site\/#\/schema\/person\/65db80e26409802ce15ac5feec6a15fd\",\"name\":\"Reda\\u00e7\\u00e3o Abrelivros\",\"image\":{\"@type\":\"ImageObject\",\"@id\":\"https:\/\/abrelivros.org.br\/site\/#personlogo\",\"inLanguage\":\"pt-BR\",\"url\":\"https:\/\/secure.gravatar.com\/avatar\/c4e57f9c7e3482965bd428192061218520756c39080b1d1820b679fa5e9af192?s=96&d=mm&r=g\",\"caption\":\"Reda\\u00e7\\u00e3o Abrelivros\"}}]}<\/script>\n<!-- \/ Yoast SEO plugin. -->","_links":{"self":[{"href":"https:\/\/abrelivros.org.br\/site\/wp-json\/wp\/v2\/posts\/12612","targetHints":{"allow":["GET"]}}],"collection":[{"href":"https:\/\/abrelivros.org.br\/site\/wp-json\/wp\/v2\/posts"}],"about":[{"href":"https:\/\/abrelivros.org.br\/site\/wp-json\/wp\/v2\/types\/post"}],"author":[{"embeddable":true,"href":"https:\/\/abrelivros.org.br\/site\/wp-json\/wp\/v2\/users\/4"}],"replies":[{"embeddable":true,"href":"https:\/\/abrelivros.org.br\/site\/wp-json\/wp\/v2\/comments?post=12612"}],"version-history":[{"count":1,"href":"https:\/\/abrelivros.org.br\/site\/wp-json\/wp\/v2\/posts\/12612\/revisions"}],"predecessor-version":[{"id":12613,"href":"https:\/\/abrelivros.org.br\/site\/wp-json\/wp\/v2\/posts\/12612\/revisions\/12613"}],"wp:attachment":[{"href":"https:\/\/abrelivros.org.br\/site\/wp-json\/wp\/v2\/media?parent=12612"}],"wp:term":[{"taxonomy":"category","embeddable":true,"href":"https:\/\/abrelivros.org.br\/site\/wp-json\/wp\/v2\/categories?post=12612"},{"taxonomy":"post_tag","embeddable":true,"href":"https:\/\/abrelivros.org.br\/site\/wp-json\/wp\/v2\/tags?post=12612"}],"curies":[{"name":"wp","href":"https:\/\/api.w.org\/{rel}","templated":true}]}}