{"id":12606,"date":"2020-11-27T14:48:34","date_gmt":"2020-11-27T17:48:34","guid":{"rendered":"https:\/\/abrelivros.org.br\/site\/?p=12606"},"modified":"2020-11-27T14:48:34","modified_gmt":"2020-11-27T17:48:34","slug":"publicado-edital-do-encceja-2020","status":"publish","type":"post","link":"https:\/\/abrelivros.org.br\/site\/publicado-edital-do-encceja-2020\/","title":{"rendered":"Publicado edital do Encceja 2020"},"content":{"rendered":"<p>O Instituto Nacional de Estudos e Pesquisas Educacionais An\u00edsio Teixeira (Inep) publicou, nesta quinta-feira, 26 de novembro, no Di\u00e1rio Oficial da Uni\u00e3o (DOU), o Edital n.\u00ba 101, de 23 de novembro de 2020, que disp\u00f5e sobre as diretrizes, os procedimentos e os prazos do Exame Nacional para Certifica\u00e7\u00e3o de Compet\u00eancias de Jovens e Adultos (Encceja) 2020. A aplica\u00e7\u00e3o para o ensino fundamental e m\u00e9dio ser\u00e1 no dia 25 de abril de 2021 e ocorrer\u00e1 em todos os estados e no Distrito Federal.<!--more--><\/p>\n<p>A participa\u00e7\u00e3o no Encceja Nacional 2020 \u00e9 volunt\u00e1ria, gratuita e destinada a jovens e adultos que n\u00e3o conclu\u00edram seus estudos na idade apropriada para cada etapa de ensino, desde que tenham, no m\u00ednimo, 15 anos completos para o ensino fundamental e, no m\u00ednimo, 18 anos completos no caso do ensino m\u00e9dio, na data de realiza\u00e7\u00e3o do exame. As inscri\u00e7\u00f5es come\u00e7am em 11 de janeiro de 2021 e v\u00e3o at\u00e9 o dia 22 do mesmo m\u00eas. Durante o mesmo per\u00edodo, os atendimentos especializados dever\u00e3o ser solicitados.<\/p>\n<p>De 14 a 20 de dezembro de 2020, os potenciais participantes poder\u00e3o justificar suas aus\u00eancias na edi\u00e7\u00e3o de 2019 do exame, se for o caso. Vale destacar que a justificativa dos inscritos que n\u00e3o compareceram \u00e0 realiza\u00e7\u00e3o das provas do Encceja 2019 \u00e9 obrigat\u00f3ria para a inscri\u00e7\u00e3o no Encceja 2020, como prev\u00ea o Edital n.\u00ba 32, de 7 de maio de 2019. Do mesmo modo, o participante que n\u00e3o comparecer \u00e0 aplica\u00e7\u00e3o das provas de todas as \u00e1reas do conhecimento em que se inscrever para a edi\u00e7\u00e3o de 2020 dever\u00e1 justificar a aus\u00eancia, se quiser fazer nova inscri\u00e7\u00e3o na edi\u00e7\u00e3o de 2021 do exame. \u00c9 importante lembrar que, nesse caso, a justificativa de aus\u00eancia dever\u00e1 ser realizada de acordo com as regras estabelecidas no edital do Encceja 2021.<\/p>\n<p>Caso n\u00e3o justifique a aus\u00eancia na edi\u00e7\u00e3o anterior ou tenha a solicita\u00e7\u00e3o de justificativa reprovada, o inscrito dever\u00e1 ressarcir ao Inep o valor de R$ 40, por meio de GRU Cobran\u00e7a, que poder\u00e1 ser paga em qualquer banco, casa lot\u00e9rica ou ag\u00eancia dos Correios, obedecendo aos crit\u00e9rios estabelecidos por esses correspondentes banc\u00e1rios.<\/p>\n<p><strong>Encceja<\/strong> \u2013 O Exame Nacional para Certifica\u00e7\u00e3o de Compet\u00eancias de Jovens e Adultos foi realizado, pela primeira vez, em 2002, para aferir compet\u00eancias, habilidades e saberes de jovens e adultos que n\u00e3o conclu\u00edram o ensino fundamental ou m\u00e9dio na idade adequada. O exame \u00e9 realizado pelo Inep, respons\u00e1vel pela aplica\u00e7\u00e3o, em colabora\u00e7\u00e3o com as secretarias estaduais e municipais de Educa\u00e7\u00e3o. J\u00e1 a emiss\u00e3o do certificado e da declara\u00e7\u00e3o de profici\u00eancia \u00e9 responsabilidade das secretarias de Educa\u00e7\u00e3o e dos institutos federais de Educa\u00e7\u00e3o, Ci\u00eancia e Tecnologia que firmam Termo de Ades\u00e3o ao Encceja.<\/p>\n<p><a href=\"http:\/\/download.inep.gov.br\/educacao_basica\/encceja\/legistacao\/nacional\/2020\/edital_n101_23112020.pdf\" target=\"_blank\" rel=\"noopener noreferrer\">Confira o Edital n.\u00ba 101<\/a><\/p>\n<p><a href=\"http:\/\/download.inep.gov.br\/educacao_basica\/encceja\/nacional\/2019\/edital_n32_de_07052019_encceja2019.pdf\" target=\"_blank\" rel=\"noopener noreferrer\">Confira o Edital n\u00b0 32<\/a><\/p>\n<p><a href=\"https:\/\/www.gov.br\/inep\/pt-br\/areas-de-atuacao\/avaliacao-e-exames-educacionais\/encceja\" target=\"_blank\" rel=\"noopener noreferrer\">Saiba mais sobre o Encceja<\/a><\/p>\n","protected":false},"excerpt":{"rendered":"<p>O Instituto Nacional de Estudos e Pesquisas Educacionais An\u00edsio Teixeira (Inep) publicou, nesta quinta-feira, 26 de novembro, no Di\u00e1rio Oficial da Uni\u00e3o (DOU), o Edital n.\u00ba 101, de 23 de novembro de 2020, que disp\u00f5e sobre as diretrizes, os procedimentos e os prazos do Exame Nacional para Certifica\u00e7\u00e3o de Compet\u00eancias de Jovens e Adultos (Encceja) [&hellip;]<\/p>\n","protected":false},"author":4,"featured_media":0,"comment_status":"closed","ping_status":"closed","sticky":false,"template":"","format":"standard","meta":{"footnotes":"","_links_to":"","_links_to_target":""},"categories":[9],"tags":[],"class_list":["post-12606","post","type-post","status-publish","format-standard","hentry","category-noticias-da-imprensa"],"yoast_head":"<!-- This site is optimized with the Yoast SEO plugin v15.1 - https:\/\/yoast.com\/wordpress\/plugins\/seo\/ -->\n<title>Publicado edital do Encceja 2020 &raquo; Abrelivros<\/title>\n<meta name=\"robots\" content=\"index, follow, max-snippet:-1, max-image-preview:large, max-video-preview:-1\" \/>\n<link rel=\"canonical\" href=\"https:\/\/abrelivros.org.br\/site\/publicado-edital-do-encceja-2020\/\" \/>\n<meta property=\"og:locale\" content=\"pt_BR\" \/>\n<meta property=\"og:type\" content=\"article\" \/>\n<meta property=\"og:title\" content=\"Publicado edital do Encceja 2020 &raquo; Abrelivros\" \/>\n<meta property=\"og:description\" content=\"O Instituto Nacional de Estudos e Pesquisas Educacionais An\u00edsio Teixeira (Inep) publicou, nesta quinta-feira, 26 de novembro, no Di\u00e1rio Oficial da Uni\u00e3o (DOU), o Edital n.\u00ba 101, de 23 de novembro de 2020, que disp\u00f5e sobre as diretrizes, os procedimentos e os prazos do Exame Nacional para Certifica\u00e7\u00e3o de Compet\u00eancias de Jovens e Adultos (Encceja) [&hellip;]\" \/>\n<meta property=\"og:url\" content=\"https:\/\/abrelivros.org.br\/site\/publicado-edital-do-encceja-2020\/\" \/>\n<meta property=\"og:site_name\" content=\"Abrelivros\" \/>\n<meta property=\"article:published_time\" content=\"2020-11-27T17:48:34+00:00\" \/>\n<meta name=\"twitter:card\" content=\"summary_large_image\" \/>\n<script type=\"application\/ld+json\" class=\"yoast-schema-graph\">{\"@context\":\"https:\/\/schema.org\",\"@graph\":[{\"@type\":\"WebSite\",\"@id\":\"https:\/\/abrelivros.org.br\/site\/#website\",\"url\":\"https:\/\/abrelivros.org.br\/site\/\",\"name\":\"Abrelivros\",\"description\":\"\",\"potentialAction\":[{\"@type\":\"SearchAction\",\"target\":\"https:\/\/abrelivros.org.br\/site\/?s={search_term_string}\",\"query-input\":\"required name=search_term_string\"}],\"inLanguage\":\"pt-BR\"},{\"@type\":\"WebPage\",\"@id\":\"https:\/\/abrelivros.org.br\/site\/publicado-edital-do-encceja-2020\/#webpage\",\"url\":\"https:\/\/abrelivros.org.br\/site\/publicado-edital-do-encceja-2020\/\",\"name\":\"Publicado edital do Encceja 2020 &raquo; Abrelivros\",\"isPartOf\":{\"@id\":\"https:\/\/abrelivros.org.br\/site\/#website\"},\"datePublished\":\"2020-11-27T17:48:34+00:00\",\"dateModified\":\"2020-11-27T17:48:34+00:00\",\"author\":{\"@id\":\"https:\/\/abrelivros.org.br\/site\/#\/schema\/person\/65db80e26409802ce15ac5feec6a15fd\"},\"breadcrumb\":{\"@id\":\"https:\/\/abrelivros.org.br\/site\/publicado-edital-do-encceja-2020\/#breadcrumb\"},\"inLanguage\":\"pt-BR\",\"potentialAction\":[{\"@type\":\"ReadAction\",\"target\":[\"https:\/\/abrelivros.org.br\/site\/publicado-edital-do-encceja-2020\/\"]}]},{\"@type\":\"BreadcrumbList\",\"@id\":\"https:\/\/abrelivros.org.br\/site\/publicado-edital-do-encceja-2020\/#breadcrumb\",\"itemListElement\":[{\"@type\":\"ListItem\",\"position\":1,\"item\":{\"@type\":\"WebPage\",\"@id\":\"https:\/\/abrelivros.org.br\/site\/\",\"url\":\"https:\/\/abrelivros.org.br\/site\/\",\"name\":\"In\\u00edcio\"}},{\"@type\":\"ListItem\",\"position\":2,\"item\":{\"@type\":\"WebPage\",\"@id\":\"https:\/\/abrelivros.org.br\/site\/category\/noticias\/\",\"url\":\"https:\/\/abrelivros.org.br\/site\/category\/noticias\/\",\"name\":\"Not\\u00edcias\"}},{\"@type\":\"ListItem\",\"position\":3,\"item\":{\"@type\":\"WebPage\",\"@id\":\"https:\/\/abrelivros.org.br\/site\/category\/noticias\/noticias-da-imprensa\/\",\"url\":\"https:\/\/abrelivros.org.br\/site\/category\/noticias\/noticias-da-imprensa\/\",\"name\":\"Not\\u00edcias da imprensa\"}},{\"@type\":\"ListItem\",\"position\":4,\"item\":{\"@type\":\"WebPage\",\"@id\":\"https:\/\/abrelivros.org.br\/site\/publicado-edital-do-encceja-2020\/\",\"url\":\"https:\/\/abrelivros.org.br\/site\/publicado-edital-do-encceja-2020\/\",\"name\":\"Publicado edital do Encceja 2020\"}}]},{\"@type\":\"Person\",\"@id\":\"https:\/\/abrelivros.org.br\/site\/#\/schema\/person\/65db80e26409802ce15ac5feec6a15fd\",\"name\":\"Reda\\u00e7\\u00e3o Abrelivros\",\"image\":{\"@type\":\"ImageObject\",\"@id\":\"https:\/\/abrelivros.org.br\/site\/#personlogo\",\"inLanguage\":\"pt-BR\",\"url\":\"https:\/\/secure.gravatar.com\/avatar\/c4e57f9c7e3482965bd428192061218520756c39080b1d1820b679fa5e9af192?s=96&d=mm&r=g\",\"caption\":\"Reda\\u00e7\\u00e3o Abrelivros\"}}]}<\/script>\n<!-- \/ Yoast SEO plugin. -->","_links":{"self":[{"href":"https:\/\/abrelivros.org.br\/site\/wp-json\/wp\/v2\/posts\/12606","targetHints":{"allow":["GET"]}}],"collection":[{"href":"https:\/\/abrelivros.org.br\/site\/wp-json\/wp\/v2\/posts"}],"about":[{"href":"https:\/\/abrelivros.org.br\/site\/wp-json\/wp\/v2\/types\/post"}],"author":[{"embeddable":true,"href":"https:\/\/abrelivros.org.br\/site\/wp-json\/wp\/v2\/users\/4"}],"replies":[{"embeddable":true,"href":"https:\/\/abrelivros.org.br\/site\/wp-json\/wp\/v2\/comments?post=12606"}],"version-history":[{"count":1,"href":"https:\/\/abrelivros.org.br\/site\/wp-json\/wp\/v2\/posts\/12606\/revisions"}],"predecessor-version":[{"id":12607,"href":"https:\/\/abrelivros.org.br\/site\/wp-json\/wp\/v2\/posts\/12606\/revisions\/12607"}],"wp:attachment":[{"href":"https:\/\/abrelivros.org.br\/site\/wp-json\/wp\/v2\/media?parent=12606"}],"wp:term":[{"taxonomy":"category","embeddable":true,"href":"https:\/\/abrelivros.org.br\/site\/wp-json\/wp\/v2\/categories?post=12606"},{"taxonomy":"post_tag","embeddable":true,"href":"https:\/\/abrelivros.org.br\/site\/wp-json\/wp\/v2\/tags?post=12606"}],"curies":[{"name":"wp","href":"https:\/\/api.w.org\/{rel}","templated":true}]}}