{"id":12604,"date":"2020-11-27T14:39:09","date_gmt":"2020-11-27T17:39:09","guid":{"rendered":"https:\/\/abrelivros.org.br\/site\/?p=12604"},"modified":"2020-11-27T14:39:09","modified_gmt":"2020-11-27T17:39:09","slug":"para-forcar-volta-a-escola-mec-resiste-em-homologar-permissao-de-aula-remota-ate-fim-de-2021","status":"publish","type":"post","link":"https:\/\/abrelivros.org.br\/site\/para-forcar-volta-a-escola-mec-resiste-em-homologar-permissao-de-aula-remota-ate-fim-de-2021\/","title":{"rendered":"Para for\u00e7ar volta \u00e0 escola, MEC resiste em homologar permiss\u00e3o de aula remota at\u00e9 fim de 2021"},"content":{"rendered":"<p>O MEC (Minist\u00e9rio da Educa\u00e7\u00e3o) n\u00e3o quer homologar a resolu\u00e7\u00e3o do CNE (Conselho Nacional de Educa\u00e7\u00e3o) que estendeu a autoriza\u00e7\u00e3o para as aulas remotas at\u00e9 o fim de 2021 em fun\u00e7\u00e3o da pandemia de Covid-19. Dessa forma, a pasta tenta for\u00e7ar o retorno a aulas presenciais, segundo relatos feitos \u00e0 <strong>Folha<\/strong>.<!--more--><\/p>\n<p>Integrantes da alta c\u00fapula da pasta comandada pelo pastor Milton Ribeiro informaram a interlocutores o objetivo de barrar a decis\u00e3o do CNE, apesar de dois secret\u00e1rios da pasta terem votado a favor do texto no conselho.<\/p>\n<p>Ribeiro confirmou, na noite desta quinta-feira (26), que vai conversar com o CNE sobre a n\u00e3o homologa\u00e7\u00e3o. O ministro fez a fala em transmiss\u00e3o ao vivo pelas redes sociais com o presidente Jair Bolsonaro (sem partido).<\/p>\n<p>&#8220;Se eu tiver uma decis\u00e3o do MEC dizendo que [o prazo] \u00e9 2021, v\u00e3o falar que \u00e9 decis\u00e3o do governo federal&#8221;, disse o ministro.<\/p>\n<p>A reportagem procurou o MEC, mas n\u00e3o recebeu resposta at\u00e9 a publica\u00e7\u00e3o deste texto.<\/p>\n<p>Essa <a href=\"https:\/\/www1.folha.uol.com.br\/educacao\/2020\/10\/conselho-de-educacao-permite-aula-remota-ate-fim-de-2021-no-ensino-basico-e-no-superior.shtml\" target=\"_blank\" rel=\"noopener noreferrer\">flexibiliza\u00e7\u00e3o do CNE atinge a educa\u00e7\u00e3o b\u00e1sica e superior<\/a>. Caso a resolu\u00e7\u00e3o n\u00e3o seja homologada, munic\u00edpios, estados e universidades n\u00e3o poder\u00e3o computar no pr\u00f3ximo ano atividades remotas como carga hor\u00e1ria de aula, como vem ocorrendo neste ano.<\/p>\n<p>O conselho tem autonomia para definir temas relacionados \u00e0 educa\u00e7\u00e3o, mas seus atos precisam ser homologados pelo minist\u00e9rio. O \u00f3rg\u00e3o aprovou a resolu\u00e7\u00e3o no in\u00edcio de outubro por unanimidade.<\/p>\n<p>O ato estendeu a permiss\u00e3o de atividades remotas para o ensino b\u00e1sico e superior, p\u00fablico e particular, at\u00e9 o fim de 2021. A ado\u00e7\u00e3o de carga hor\u00e1ria a dist\u00e2ncia, no entanto, ficaria a crit\u00e9rio de cada rede de ensino ou institui\u00e7\u00e3o.<\/p>\n<p>Bolsonaro \u00e9 cr\u00edtico das medidas de distanciamento social e do fechamento de escolas. Em entrevistas, Ribeiro disse que, pessoalmente, \u00e9 favor\u00e1vel ao retorno das aulas, mas a decis\u00e3o cabia \u00e0s redes de ensino.<\/p>\n<p>O ministro da Educa\u00e7\u00e3o afirmou, na transmiss\u00e3o com o presidente, que o MEC quer o retorno das aulas presenciais, mas isso est\u00e1 nas m\u00e3os de estados e munic\u00edpios. &#8220;O parecer da minha equipe \u00e9 que voltem as aulas, inclusive descrevemos protocolos de seguran\u00e7a&#8221;, disse.<\/p>\n<p>Na transmiss\u00e3o, Bolsonaro disse que, antes, havia muitos pais contr\u00e1rios \u00e0 abertura. Por\u00e9m, segundo ele, neste momento, a maioria quer o retorno.<\/p>\n<p>O MEC tem tido atua\u00e7\u00e3o t\u00edmida no apoio \u00e0s redes de ensino durante a pandemia. S\u00f3 no m\u00eas passado, mais de seis meses ap\u00f3s o fechamento das escolas, a pasta anunciou uma linha de financiamento relacionada a Covid-19.<\/p>\n<p>A decis\u00e3o do CNE ampliou as normas excepcionais de atendimento educacional por causa da doen\u00e7a.<\/p>\n<p>O texto regulamentou a MP (medida provis\u00f3ria) do governo que flexibilizou o ano letivo de 2020 e permitiu, na pandemia, levar em conta atividades online como carga hor\u00e1ria do ano letivo \u2014a MP foi convertida na lei n\u00ba 14.040.<\/p>\n<p>A resolu\u00e7\u00e3o estendeu o prazo de vig\u00eancia dessa autoriza\u00e7\u00e3o at\u00e9 31 de dezembro de 2021, um ano a mais do que o per\u00edodo de dura\u00e7\u00e3o do decreto federal que estabeleceu a calamidade p\u00fablica por causa do novo coronav\u00edrus.<\/p>\n<p>O entendimento dos conselheiros com a dilata\u00e7\u00e3o do prazo<a href=\"https:\/\/www1.folha.uol.com.br\/educacao\/2020\/09\/brasil-tem-a-pior-proporcao-de-computador-por-aluno-entre-paises-testados-no-pisa.shtml\" target=\"_blank\" rel=\"noopener noreferrer\"> foi permitir a conviv\u00eancia entre o ensino presencial e n\u00e3o presencial<\/a> no pr\u00f3ximo ano, inclusive em processos de recupera\u00e7\u00e3o.<\/p>\n<p>A amplia\u00e7\u00e3o buscava ainda atender as diferentes dificuldades enfrentadas no sistema educacional em todo o pa\u00eds.<\/p>\n<p>As primeiras vers\u00f5es da resolu\u00e7\u00e3o estipulavam prazo at\u00e9 meados de 2021. Durante a reuni\u00e3o do \u00f3rg\u00e3o, a secret\u00e1ria de Educa\u00e7\u00e3o B\u00e1sica, Izabel Lima, chegou a questionar a data, mas votou a favor do prazo. A secret\u00e1ria de Educa\u00e7\u00e3o Superior tamb\u00e9m tem assento no conselho.<\/p>\n<p>Segundo o CNE, a extens\u00e3o da flexibiliza\u00e7\u00e3o at\u00e9 o fim de 2021 surgiu de demandas de sistemas e institui\u00e7\u00f5es de ensino superior, sobretudo particulares.<\/p>\n<p>Entidades que representam as secretarias de Educa\u00e7\u00e3o de estados e munic\u00edpios aprovaram o teor do texto.<\/p>\n<p>Na educa\u00e7\u00e3o b\u00e1sica, a medida preconiza a integra\u00e7\u00e3o dos curr\u00edculos de 2020 e 2021. O conselho recomenda que o retorno \u00e0s aulas presencial seja amparado em protocolos sanit\u00e1rios das autoridades locais, com regras de escalonamento nas escolas.<\/p>\n<p>As escolas brasileiras come\u00e7aram a fechar em mar\u00e7o deste ano.<\/p>\n<p>Uma pesquisa com pouco mais de 400 col\u00e9gios particulares de S\u00e3o Paulo<a href=\"https:\/\/www1.folha.uol.com.br\/educacao\/2020\/11\/so-10-das-escolas-de-sp-tiveram-caso-de-covid-19-confirmado-entre-alunos.shtml#erramos\" target=\"_blank\" rel=\"noopener noreferrer\"> identificou que 13% deles registraram ao menos um caso confirmado de Covid-19<\/a> entre os alunos desde a reabertura \u2014os casos entre professores atingiu 27% das unidades.<\/p>\n","protected":false},"excerpt":{"rendered":"<p>O MEC (Minist\u00e9rio da Educa\u00e7\u00e3o) n\u00e3o quer homologar a resolu\u00e7\u00e3o do CNE (Conselho Nacional de Educa\u00e7\u00e3o) que estendeu a autoriza\u00e7\u00e3o para as aulas remotas at\u00e9 o fim de 2021 em fun\u00e7\u00e3o da pandemia de Covid-19. Dessa forma, a pasta tenta for\u00e7ar o retorno a aulas presenciais, segundo relatos feitos \u00e0 Folha.<\/p>\n","protected":false},"author":4,"featured_media":0,"comment_status":"closed","ping_status":"closed","sticky":false,"template":"","format":"standard","meta":{"footnotes":"","_links_to":"","_links_to_target":""},"categories":[9],"tags":[],"class_list":["post-12604","post","type-post","status-publish","format-standard","hentry","category-noticias-da-imprensa"],"yoast_head":"<!-- This site is optimized with the Yoast SEO plugin v15.1 - https:\/\/yoast.com\/wordpress\/plugins\/seo\/ -->\n<title>Para for\u00e7ar volta \u00e0 escola, MEC resiste em homologar permiss\u00e3o de aula remota at\u00e9 fim de 2021 &raquo; Abrelivros<\/title>\n<meta name=\"robots\" content=\"index, follow, max-snippet:-1, max-image-preview:large, max-video-preview:-1\" \/>\n<link rel=\"canonical\" href=\"https:\/\/abrelivros.org.br\/site\/para-forcar-volta-a-escola-mec-resiste-em-homologar-permissao-de-aula-remota-ate-fim-de-2021\/\" \/>\n<meta property=\"og:locale\" content=\"pt_BR\" \/>\n<meta property=\"og:type\" content=\"article\" \/>\n<meta property=\"og:title\" content=\"Para for\u00e7ar volta \u00e0 escola, MEC resiste em homologar permiss\u00e3o de aula remota at\u00e9 fim de 2021 &raquo; Abrelivros\" \/>\n<meta property=\"og:description\" content=\"O MEC (Minist\u00e9rio da Educa\u00e7\u00e3o) n\u00e3o quer homologar a resolu\u00e7\u00e3o do CNE (Conselho Nacional de Educa\u00e7\u00e3o) que estendeu a autoriza\u00e7\u00e3o para as aulas remotas at\u00e9 o fim de 2021 em fun\u00e7\u00e3o da pandemia de Covid-19. Dessa forma, a pasta tenta for\u00e7ar o retorno a aulas presenciais, segundo relatos feitos \u00e0 Folha.\" \/>\n<meta property=\"og:url\" content=\"https:\/\/abrelivros.org.br\/site\/para-forcar-volta-a-escola-mec-resiste-em-homologar-permissao-de-aula-remota-ate-fim-de-2021\/\" \/>\n<meta property=\"og:site_name\" content=\"Abrelivros\" \/>\n<meta property=\"article:published_time\" content=\"2020-11-27T17:39:09+00:00\" \/>\n<meta name=\"twitter:card\" content=\"summary_large_image\" \/>\n<script type=\"application\/ld+json\" class=\"yoast-schema-graph\">{\"@context\":\"https:\/\/schema.org\",\"@graph\":[{\"@type\":\"WebSite\",\"@id\":\"https:\/\/abrelivros.org.br\/site\/#website\",\"url\":\"https:\/\/abrelivros.org.br\/site\/\",\"name\":\"Abrelivros\",\"description\":\"\",\"potentialAction\":[{\"@type\":\"SearchAction\",\"target\":\"https:\/\/abrelivros.org.br\/site\/?s={search_term_string}\",\"query-input\":\"required name=search_term_string\"}],\"inLanguage\":\"pt-BR\"},{\"@type\":\"WebPage\",\"@id\":\"https:\/\/abrelivros.org.br\/site\/para-forcar-volta-a-escola-mec-resiste-em-homologar-permissao-de-aula-remota-ate-fim-de-2021\/#webpage\",\"url\":\"https:\/\/abrelivros.org.br\/site\/para-forcar-volta-a-escola-mec-resiste-em-homologar-permissao-de-aula-remota-ate-fim-de-2021\/\",\"name\":\"Para for\\u00e7ar volta \\u00e0 escola, MEC resiste em homologar permiss\\u00e3o de aula remota at\\u00e9 fim de 2021 &raquo; Abrelivros\",\"isPartOf\":{\"@id\":\"https:\/\/abrelivros.org.br\/site\/#website\"},\"datePublished\":\"2020-11-27T17:39:09+00:00\",\"dateModified\":\"2020-11-27T17:39:09+00:00\",\"author\":{\"@id\":\"https:\/\/abrelivros.org.br\/site\/#\/schema\/person\/65db80e26409802ce15ac5feec6a15fd\"},\"breadcrumb\":{\"@id\":\"https:\/\/abrelivros.org.br\/site\/para-forcar-volta-a-escola-mec-resiste-em-homologar-permissao-de-aula-remota-ate-fim-de-2021\/#breadcrumb\"},\"inLanguage\":\"pt-BR\",\"potentialAction\":[{\"@type\":\"ReadAction\",\"target\":[\"https:\/\/abrelivros.org.br\/site\/para-forcar-volta-a-escola-mec-resiste-em-homologar-permissao-de-aula-remota-ate-fim-de-2021\/\"]}]},{\"@type\":\"BreadcrumbList\",\"@id\":\"https:\/\/abrelivros.org.br\/site\/para-forcar-volta-a-escola-mec-resiste-em-homologar-permissao-de-aula-remota-ate-fim-de-2021\/#breadcrumb\",\"itemListElement\":[{\"@type\":\"ListItem\",\"position\":1,\"item\":{\"@type\":\"WebPage\",\"@id\":\"https:\/\/abrelivros.org.br\/site\/\",\"url\":\"https:\/\/abrelivros.org.br\/site\/\",\"name\":\"In\\u00edcio\"}},{\"@type\":\"ListItem\",\"position\":2,\"item\":{\"@type\":\"WebPage\",\"@id\":\"https:\/\/abrelivros.org.br\/site\/category\/noticias\/\",\"url\":\"https:\/\/abrelivros.org.br\/site\/category\/noticias\/\",\"name\":\"Not\\u00edcias\"}},{\"@type\":\"ListItem\",\"position\":3,\"item\":{\"@type\":\"WebPage\",\"@id\":\"https:\/\/abrelivros.org.br\/site\/category\/noticias\/noticias-da-imprensa\/\",\"url\":\"https:\/\/abrelivros.org.br\/site\/category\/noticias\/noticias-da-imprensa\/\",\"name\":\"Not\\u00edcias da imprensa\"}},{\"@type\":\"ListItem\",\"position\":4,\"item\":{\"@type\":\"WebPage\",\"@id\":\"https:\/\/abrelivros.org.br\/site\/para-forcar-volta-a-escola-mec-resiste-em-homologar-permissao-de-aula-remota-ate-fim-de-2021\/\",\"url\":\"https:\/\/abrelivros.org.br\/site\/para-forcar-volta-a-escola-mec-resiste-em-homologar-permissao-de-aula-remota-ate-fim-de-2021\/\",\"name\":\"Para for\\u00e7ar volta \\u00e0 escola, MEC resiste em homologar permiss\\u00e3o de aula remota at\\u00e9 fim de 2021\"}}]},{\"@type\":\"Person\",\"@id\":\"https:\/\/abrelivros.org.br\/site\/#\/schema\/person\/65db80e26409802ce15ac5feec6a15fd\",\"name\":\"Reda\\u00e7\\u00e3o Abrelivros\",\"image\":{\"@type\":\"ImageObject\",\"@id\":\"https:\/\/abrelivros.org.br\/site\/#personlogo\",\"inLanguage\":\"pt-BR\",\"url\":\"https:\/\/secure.gravatar.com\/avatar\/c4e57f9c7e3482965bd428192061218520756c39080b1d1820b679fa5e9af192?s=96&d=mm&r=g\",\"caption\":\"Reda\\u00e7\\u00e3o Abrelivros\"}}]}<\/script>\n<!-- \/ Yoast SEO plugin. -->","_links":{"self":[{"href":"https:\/\/abrelivros.org.br\/site\/wp-json\/wp\/v2\/posts\/12604","targetHints":{"allow":["GET"]}}],"collection":[{"href":"https:\/\/abrelivros.org.br\/site\/wp-json\/wp\/v2\/posts"}],"about":[{"href":"https:\/\/abrelivros.org.br\/site\/wp-json\/wp\/v2\/types\/post"}],"author":[{"embeddable":true,"href":"https:\/\/abrelivros.org.br\/site\/wp-json\/wp\/v2\/users\/4"}],"replies":[{"embeddable":true,"href":"https:\/\/abrelivros.org.br\/site\/wp-json\/wp\/v2\/comments?post=12604"}],"version-history":[{"count":1,"href":"https:\/\/abrelivros.org.br\/site\/wp-json\/wp\/v2\/posts\/12604\/revisions"}],"predecessor-version":[{"id":12605,"href":"https:\/\/abrelivros.org.br\/site\/wp-json\/wp\/v2\/posts\/12604\/revisions\/12605"}],"wp:attachment":[{"href":"https:\/\/abrelivros.org.br\/site\/wp-json\/wp\/v2\/media?parent=12604"}],"wp:term":[{"taxonomy":"category","embeddable":true,"href":"https:\/\/abrelivros.org.br\/site\/wp-json\/wp\/v2\/categories?post=12604"},{"taxonomy":"post_tag","embeddable":true,"href":"https:\/\/abrelivros.org.br\/site\/wp-json\/wp\/v2\/tags?post=12604"}],"curies":[{"name":"wp","href":"https:\/\/api.w.org\/{rel}","templated":true}]}}