{"id":12598,"date":"2020-11-27T14:15:43","date_gmt":"2020-11-27T17:15:43","guid":{"rendered":"https:\/\/abrelivros.org.br\/site\/?p=12598"},"modified":"2020-11-27T14:15:58","modified_gmt":"2020-11-27T17:15:58","slug":"entidades-lancam-edital-para-premiar-boas-praticas-de-professores-durante-a-pandemia","status":"publish","type":"post","link":"https:\/\/abrelivros.org.br\/site\/entidades-lancam-edital-para-premiar-boas-praticas-de-professores-durante-a-pandemia\/","title":{"rendered":"Entidades lan\u00e7am edital para premiar boas pr\u00e1ticas de professores durante a pandemia"},"content":{"rendered":"<p>A pandemia do coronav\u00edrus impactou diretamente diversos setores da sociedade, entre eles, a Educa\u00e7\u00e3o Infantil. O fechamento das unidades educativas, em mar\u00e7o, obrigou pais\/cuidadores e professores a se reorganizarem e assumirem o desafio de coordenar a aprendizagem das crian\u00e7as de uma maneira at\u00e9 ent\u00e3o impensada: \u00e0 dist\u00e2ncia. Para reconhecer a import\u00e2ncia do trabalho dos professores, valoriz\u00e1-los ainda mais durante esse per\u00edodo e evidenciar as boas pr\u00e1ticas realizadas nesse contexto da covid-19, a Funda\u00e7\u00e3o Maria Cecilia Souto Vidigal, em parceria com a Undime (Uni\u00e3o Nacional dos Dirigentes Municipais de Educa\u00e7\u00e3o) e o Ita\u00fa Social, lan\u00e7a o Pr\u00eamio Educa\u00e7\u00e3o Infantil: Boas Pr\u00e1ticas de Professores Durante a Pandemia.<!--more--><\/p>\n<p>Lan\u00e7ado nesta ter\u00e7a-feira, 24 de novembro (<a href=\"https:\/\/www.facebook.com\/FundacaoMariaCeciliaSoutoVidigal\/videos\/696240294656926\" target=\"_blank\" rel=\"noopener noreferrer\">clique aqui para assistir ao v\u00eddeo<\/a>), o pr\u00eamio vai impulsionar o trabalho dos educadores, lan\u00e7ar luz sobre a a\u00e7\u00e3o realizada com as crian\u00e7as e fam\u00edlias e formar um banco de boas pr\u00e1ticas amplificando o alcance das solu\u00e7\u00f5es. \u201cQueremos colaborar para que a sociedade saiba o significado e a relev\u00e2ncia da Educa\u00e7\u00e3o Infantil por meio das hist\u00f3rias e pr\u00e1ticas dos professores, crian\u00e7as e fam\u00edlias\u201d, justifica Mariana Luz, CEO da Funda\u00e7\u00e3o Maria Cecilia Souto Vidigal.<\/p>\n<p>No total, at\u00e9 100 boas pr\u00e1ticas ser\u00e3o selecionadas pela Comiss\u00e3o de Especialistas em primeira inf\u00e2ncia, das quais 5 ser\u00e3o eleitas como destaques de cada uma das 5 regi\u00f5es do pa\u00eds. \u201cO profissional que desejamos premiar deve apresentar conhecimento do seu papel enquanto professor(a) da Educa\u00e7\u00e3o Infantil e atuar promovendo educa\u00e7\u00e3o de qualidade e a manuten\u00e7\u00e3o de v\u00ednculo com as crian\u00e7as e as fam\u00edlias mesmo no cen\u00e1rio da pandemia\u201d, completa Mariana Luz.<\/p>\n<p>Ser\u00e3o levados em considera\u00e7\u00e3o o potencial de inova\u00e7\u00e3o do professor, a busca por solu\u00e7\u00f5es diante de uma situa\u00e7\u00e3o \u00fanica e a sensibilidade e ressignifica\u00e7\u00e3o das pr\u00e1ticas nesse cen\u00e1rio pand\u00eamico. Al\u00e9m disso, todos os professores premiados ter\u00e3o acesso a um curso de 40 horas online promovido pelo Instituto Singularidades, com atividades s\u00edncronas e ass\u00edncronas sobre a BNCC para a Educa\u00e7\u00e3o Infantil. Os educadores receber\u00e3o o valor l\u00edquido de R$ 1 mil com a finalidade de tornar ainda melhores as pr\u00e1ticas inscritas e realizadas no dia a dia com as crian\u00e7as e familiares.<\/p>\n<p>Com inscri\u00e7\u00f5es abertas at\u00e9 14 de dezembro de 2020, o profissional interessado em participar deve ter mais de 18 anos, ser professor de Educa\u00e7\u00e3o Infantil da rede p\u00fablica direta ou conveniada com o poder p\u00fablico, ter atuado na fun\u00e7\u00e3o em 2020 e possuir forma\u00e7\u00e3o m\u00ednima de magist\u00e9rio, gradua\u00e7\u00e3o em pedagogia ou outra licenciatura, segundo a Lei de Diretrizes e Bases de Educa\u00e7\u00e3o (LDB). Para mais informa\u00e7\u00f5es, regulamento completo e inscri\u00e7\u00f5es, <a href=\"http:\/\/www.premioeducacaoinfantil.com.br\/\" target=\"_blank\" rel=\"noopener noreferrer\">clique aqui<\/a>.<\/p>\n<p><strong>Sobre a Funda\u00e7\u00e3o Maria Cecilia Souto Vidigal<\/strong><\/p>\n<p>Desde 2007, a<a href=\"https:\/\/www.fmcsv.org.br\/pt-BR\/\" target=\"_blank\" rel=\"noopener noreferrer\"> Funda\u00e7\u00e3o Maria Cecilia Souto Vidigal<\/a> trabalha pela causa da Primeira Inf\u00e2ncia com o objetivo de impactar positivamente o desenvolvimento de crian\u00e7as em seus primeiros anos de vida. As principais frentes de atua\u00e7\u00e3o da Funda\u00e7\u00e3o s\u00e3o a promo\u00e7\u00e3o da Educa\u00e7\u00e3o Infantil de qualidade, o fortalecimento dos servi\u00e7os de parentalidade, a avalia\u00e7\u00e3o do desenvolvimento da crian\u00e7a e das pol\u00edticas p\u00fablicas de primeira inf\u00e2ncia e a sensibiliza\u00e7\u00e3o da sociedade sobre o impacto das experi\u00eancias vividas no come\u00e7o da vida.<\/p>\n<p><strong>Sobre a Undime<\/strong><\/p>\n<p>A <a href=\"https:\/\/undime.org.br\/\" target=\"_blank\" rel=\"noopener noreferrer\">Uni\u00e3o Nacional dos Dirigentes Municipais de Educa\u00e7\u00e3o<\/a> (Undime) \u00e9 uma associa\u00e7\u00e3o civil sem fins lucrativos, fundada em 1986. Quando o tema \u00e9 educa\u00e7\u00e3o p\u00fablica a Undime est\u00e1 sempre presente. Seja na educa\u00e7\u00e3o infantil, de jovens e adultos, campo, ind\u00edgena, quilombola, ensino fundamental, alfabetiza\u00e7\u00e3o, educa\u00e7\u00e3o inclusiva ou na educa\u00e7\u00e3o para a paz. Temas como carreira e forma\u00e7\u00e3o dos trabalhadores em educa\u00e7\u00e3o, gest\u00e3o democr\u00e1tica, pol\u00edticas p\u00fablicas sociais, articula\u00e7\u00e3o com os governos, a sociedade, a fam\u00edlia, a crian\u00e7a e o jovem est\u00e3o constantemente em pauta. A Undime respeita e representa a diversidade do pa\u00eds, ao reunir os gestores dos 5.570 munic\u00edpios brasileiros. Sua miss\u00e3o \u00e9 articular, mobilizar e integrar os Dirigentes Municipais de Educa\u00e7\u00e3o para construir e defender a educa\u00e7\u00e3o p\u00fablica com qualidade social.<\/p>\n<p><strong>Sobre o Ita\u00fa Social<\/strong><\/p>\n<p>Com a miss\u00e3o de desenvolver, implementar e compartilhar tecnologias sociais para contribuir com a melhoria da educa\u00e7\u00e3o p\u00fablica brasileira, o <a href=\"https:\/\/www.itausocial.org.br\/\" target=\"_blank\" rel=\"noopener noreferrer\">Ita\u00fa Social<\/a> \u00e9 o bra\u00e7o de responsabilidade social do Ita\u00fa. Sua atua\u00e7\u00e3o hoje est\u00e1 relacionada a dois pilares de atua\u00e7\u00e3o: forma\u00e7\u00e3o de profissionais da educa\u00e7\u00e3o e fortalecimento da sociedade civil.<\/p>\n","protected":false},"excerpt":{"rendered":"<p>A pandemia do coronav\u00edrus impactou diretamente diversos setores da sociedade, entre eles, a Educa\u00e7\u00e3o Infantil. O fechamento das unidades educativas, em mar\u00e7o, obrigou pais\/cuidadores e professores a se reorganizarem e assumirem o desafio de coordenar a aprendizagem das crian\u00e7as de uma maneira at\u00e9 ent\u00e3o impensada: \u00e0 dist\u00e2ncia. Para reconhecer a import\u00e2ncia do trabalho dos professores, [&hellip;]<\/p>\n","protected":false},"author":4,"featured_media":0,"comment_status":"closed","ping_status":"closed","sticky":false,"template":"","format":"standard","meta":{"footnotes":"","_links_to":"","_links_to_target":""},"categories":[9],"tags":[],"class_list":["post-12598","post","type-post","status-publish","format-standard","hentry","category-noticias-da-imprensa"],"yoast_head":"<!-- This site is optimized with the Yoast SEO plugin v15.1 - https:\/\/yoast.com\/wordpress\/plugins\/seo\/ -->\n<title>Entidades lan\u00e7am edital para premiar boas pr\u00e1ticas de professores durante a pandemia &raquo; Abrelivros<\/title>\n<meta name=\"robots\" content=\"index, follow, max-snippet:-1, max-image-preview:large, max-video-preview:-1\" \/>\n<link rel=\"canonical\" href=\"https:\/\/abrelivros.org.br\/site\/entidades-lancam-edital-para-premiar-boas-praticas-de-professores-durante-a-pandemia\/\" \/>\n<meta property=\"og:locale\" content=\"pt_BR\" \/>\n<meta property=\"og:type\" content=\"article\" \/>\n<meta property=\"og:title\" content=\"Entidades lan\u00e7am edital para premiar boas pr\u00e1ticas de professores durante a pandemia &raquo; Abrelivros\" \/>\n<meta property=\"og:description\" content=\"A pandemia do coronav\u00edrus impactou diretamente diversos setores da sociedade, entre eles, a Educa\u00e7\u00e3o Infantil. O fechamento das unidades educativas, em mar\u00e7o, obrigou pais\/cuidadores e professores a se reorganizarem e assumirem o desafio de coordenar a aprendizagem das crian\u00e7as de uma maneira at\u00e9 ent\u00e3o impensada: \u00e0 dist\u00e2ncia. Para reconhecer a import\u00e2ncia do trabalho dos professores, [&hellip;]\" \/>\n<meta property=\"og:url\" content=\"https:\/\/abrelivros.org.br\/site\/entidades-lancam-edital-para-premiar-boas-praticas-de-professores-durante-a-pandemia\/\" \/>\n<meta property=\"og:site_name\" content=\"Abrelivros\" \/>\n<meta property=\"article:published_time\" content=\"2020-11-27T17:15:43+00:00\" \/>\n<meta property=\"article:modified_time\" content=\"2020-11-27T17:15:58+00:00\" \/>\n<meta name=\"twitter:card\" content=\"summary_large_image\" \/>\n<script type=\"application\/ld+json\" class=\"yoast-schema-graph\">{\"@context\":\"https:\/\/schema.org\",\"@graph\":[{\"@type\":\"WebSite\",\"@id\":\"https:\/\/abrelivros.org.br\/site\/#website\",\"url\":\"https:\/\/abrelivros.org.br\/site\/\",\"name\":\"Abrelivros\",\"description\":\"\",\"potentialAction\":[{\"@type\":\"SearchAction\",\"target\":\"https:\/\/abrelivros.org.br\/site\/?s={search_term_string}\",\"query-input\":\"required name=search_term_string\"}],\"inLanguage\":\"pt-BR\"},{\"@type\":\"WebPage\",\"@id\":\"https:\/\/abrelivros.org.br\/site\/entidades-lancam-edital-para-premiar-boas-praticas-de-professores-durante-a-pandemia\/#webpage\",\"url\":\"https:\/\/abrelivros.org.br\/site\/entidades-lancam-edital-para-premiar-boas-praticas-de-professores-durante-a-pandemia\/\",\"name\":\"Entidades lan\\u00e7am edital para premiar boas pr\\u00e1ticas de professores durante a pandemia &raquo; Abrelivros\",\"isPartOf\":{\"@id\":\"https:\/\/abrelivros.org.br\/site\/#website\"},\"datePublished\":\"2020-11-27T17:15:43+00:00\",\"dateModified\":\"2020-11-27T17:15:58+00:00\",\"author\":{\"@id\":\"https:\/\/abrelivros.org.br\/site\/#\/schema\/person\/65db80e26409802ce15ac5feec6a15fd\"},\"breadcrumb\":{\"@id\":\"https:\/\/abrelivros.org.br\/site\/entidades-lancam-edital-para-premiar-boas-praticas-de-professores-durante-a-pandemia\/#breadcrumb\"},\"inLanguage\":\"pt-BR\",\"potentialAction\":[{\"@type\":\"ReadAction\",\"target\":[\"https:\/\/abrelivros.org.br\/site\/entidades-lancam-edital-para-premiar-boas-praticas-de-professores-durante-a-pandemia\/\"]}]},{\"@type\":\"BreadcrumbList\",\"@id\":\"https:\/\/abrelivros.org.br\/site\/entidades-lancam-edital-para-premiar-boas-praticas-de-professores-durante-a-pandemia\/#breadcrumb\",\"itemListElement\":[{\"@type\":\"ListItem\",\"position\":1,\"item\":{\"@type\":\"WebPage\",\"@id\":\"https:\/\/abrelivros.org.br\/site\/\",\"url\":\"https:\/\/abrelivros.org.br\/site\/\",\"name\":\"In\\u00edcio\"}},{\"@type\":\"ListItem\",\"position\":2,\"item\":{\"@type\":\"WebPage\",\"@id\":\"https:\/\/abrelivros.org.br\/site\/category\/noticias\/\",\"url\":\"https:\/\/abrelivros.org.br\/site\/category\/noticias\/\",\"name\":\"Not\\u00edcias\"}},{\"@type\":\"ListItem\",\"position\":3,\"item\":{\"@type\":\"WebPage\",\"@id\":\"https:\/\/abrelivros.org.br\/site\/category\/noticias\/noticias-da-imprensa\/\",\"url\":\"https:\/\/abrelivros.org.br\/site\/category\/noticias\/noticias-da-imprensa\/\",\"name\":\"Not\\u00edcias da imprensa\"}},{\"@type\":\"ListItem\",\"position\":4,\"item\":{\"@type\":\"WebPage\",\"@id\":\"https:\/\/abrelivros.org.br\/site\/entidades-lancam-edital-para-premiar-boas-praticas-de-professores-durante-a-pandemia\/\",\"url\":\"https:\/\/abrelivros.org.br\/site\/entidades-lancam-edital-para-premiar-boas-praticas-de-professores-durante-a-pandemia\/\",\"name\":\"Entidades lan\\u00e7am edital para premiar boas pr\\u00e1ticas de professores durante a pandemia\"}}]},{\"@type\":\"Person\",\"@id\":\"https:\/\/abrelivros.org.br\/site\/#\/schema\/person\/65db80e26409802ce15ac5feec6a15fd\",\"name\":\"Reda\\u00e7\\u00e3o Abrelivros\",\"image\":{\"@type\":\"ImageObject\",\"@id\":\"https:\/\/abrelivros.org.br\/site\/#personlogo\",\"inLanguage\":\"pt-BR\",\"url\":\"https:\/\/secure.gravatar.com\/avatar\/c4e57f9c7e3482965bd428192061218520756c39080b1d1820b679fa5e9af192?s=96&d=mm&r=g\",\"caption\":\"Reda\\u00e7\\u00e3o Abrelivros\"}}]}<\/script>\n<!-- \/ Yoast SEO plugin. -->","_links":{"self":[{"href":"https:\/\/abrelivros.org.br\/site\/wp-json\/wp\/v2\/posts\/12598","targetHints":{"allow":["GET"]}}],"collection":[{"href":"https:\/\/abrelivros.org.br\/site\/wp-json\/wp\/v2\/posts"}],"about":[{"href":"https:\/\/abrelivros.org.br\/site\/wp-json\/wp\/v2\/types\/post"}],"author":[{"embeddable":true,"href":"https:\/\/abrelivros.org.br\/site\/wp-json\/wp\/v2\/users\/4"}],"replies":[{"embeddable":true,"href":"https:\/\/abrelivros.org.br\/site\/wp-json\/wp\/v2\/comments?post=12598"}],"version-history":[{"count":2,"href":"https:\/\/abrelivros.org.br\/site\/wp-json\/wp\/v2\/posts\/12598\/revisions"}],"predecessor-version":[{"id":12600,"href":"https:\/\/abrelivros.org.br\/site\/wp-json\/wp\/v2\/posts\/12598\/revisions\/12600"}],"wp:attachment":[{"href":"https:\/\/abrelivros.org.br\/site\/wp-json\/wp\/v2\/media?parent=12598"}],"wp:term":[{"taxonomy":"category","embeddable":true,"href":"https:\/\/abrelivros.org.br\/site\/wp-json\/wp\/v2\/categories?post=12598"},{"taxonomy":"post_tag","embeddable":true,"href":"https:\/\/abrelivros.org.br\/site\/wp-json\/wp\/v2\/tags?post=12598"}],"curies":[{"name":"wp","href":"https:\/\/api.w.org\/{rel}","templated":true}]}}