{"id":12596,"date":"2020-11-27T13:58:20","date_gmt":"2020-11-27T16:58:20","guid":{"rendered":"https:\/\/abrelivros.org.br\/site\/?p=12596"},"modified":"2020-11-27T13:58:20","modified_gmt":"2020-11-27T16:58:20","slug":"a-menos-de-dois-meses-do-enem-governo-nao-usou-verba-para-protecao-contra-covid-19-no-teste","status":"publish","type":"post","link":"https:\/\/abrelivros.org.br\/site\/a-menos-de-dois-meses-do-enem-governo-nao-usou-verba-para-protecao-contra-covid-19-no-teste\/","title":{"rendered":"A menos de dois meses do Enem, governo n\u00e3o usou verba para prote\u00e7\u00e3o contra Covid-19 no teste"},"content":{"rendered":"<p>A menos de dois meses da realiza\u00e7\u00e3o do Exame Nacional do Ensino M\u00e9dio (Enem), o governo n\u00e3o gastou nem um real dos R$ 178,5 milh\u00f5es disponibilizados via Medida Provis\u00f3ria (MP) para a ado\u00e7\u00e3o de medidas emergenciais relacionadas \u00e0s avalia\u00e7\u00f5es durante a pandemia.<!--more--><\/p>\n<p>Em setembro, foi publicada uma MP liberando o valor para o Minist\u00e9rio da Educa\u00e7\u00e3o (MEC) e o Instituto Nacional de Estudos e Pesquisas Educacionais An\u00edsio Teixeira (Inep) para utiliza\u00e7\u00e3o no Enem, no Exame Nacional para Certifica\u00e7\u00e3o de Compet\u00eancias de Jovens e Adultos (Encceja) e no Exame Nacional de Revalida\u00e7\u00e3o de Diplomas M\u00e9dicos Expedidos por Institui\u00e7\u00e3o de Educa\u00e7\u00e3o Superior Estrangeira (Revalida).<\/p>\n<p>Os valores de execu\u00e7\u00e3o est\u00e3o em relat\u00f3rios da Consultoria de Or\u00e7amento da C\u00e2mara dos Deputados. At\u00e9 o momento, da totalidade do cr\u00e9dito disponibilizado, apenas R$ 4.038.533 foram empenhados pelo governo, mas nada foi efetivamente pago.<\/p>\n<p>O Enem impresso ser\u00e1 realizado nos dias 17 e 24 de janeiro e o digital nos dias 31 de janeiro e 7 de fevereiro. A prova foi adiada por conta da pandemia e agora ser\u00e1 realizada com distanciamento entre os estudantes e uso obrigat\u00f3rio de m\u00e1scara e \u00e1lcool em gel.<\/p>\n<p><strong>Compra de \u00e1lcool gel e mais salas de aula<\/strong><\/p>\n<p>Na argumenta\u00e7\u00e3o apresentada pelo governo para solicitar o cr\u00e9dito, o Minist\u00e9rio da Economia afirmou que o dinheiro era importante para financiar a compra de insumos, como \u00e1lcool gel, e a contrata\u00e7\u00e3o de um maior n\u00famero de colaboradores, j\u00e1 que ser\u00e1 preciso um n\u00famero maior de salas de aula nos dias da prova, por conta das medidas de distanciamento.<\/p>\n<p>`Diante da necessidade de promover o distanciamento, faz-se indispens\u00e1vel a altera\u00e7\u00e3o da m\u00e9trica de ensalamento, de modo a reduzir a quantidade de participantes por sala. (&#8230;) [com] quantidade maior de salas, precisa-se, tamb\u00e9m, de mais colaboradores, de materiais e locais de aplica\u00e7\u00e3o, se for considerada a realiza\u00e7\u00e3o de opera\u00e7\u00f5es que n\u00e3o resultem em aglomera\u00e7\u00f5es. Al\u00e9m disso, o uso de outros mecanismos de prote\u00e7\u00e3o, como m\u00e1scaras e assepsias das m\u00e3os e superf\u00edcies, periodicamente, com \u00e1lcool em gel 70%, inclui-se no percentual dos materiais relativos aos instrumentos contratuais em planejamento`, informou o governo.<\/p>\n<p><strong>`Sem as medidas, riscos s\u00e3o para toda popula\u00e7\u00e3o`<\/strong><\/p>\n<p>A falta de aplica\u00e7\u00e3o do recurso contraria os argumentos do pr\u00f3prio governo para justificar a libera\u00e7\u00e3o do dinheiro.<\/p>\n<p>Segundo um documento do Minist\u00e9rio da Economia publicado na ocasi\u00e3o, `sem a previs\u00e3o or\u00e7ament\u00e1ria n\u00e3o \u00e9 poss\u00edvel adaptar os procedimentos ao protocolo oficial de preven\u00e7\u00e3o ao novo coronav\u00edrus`.<\/p>\n<p>O texto assinado pelo ministro Paulo Guedes afirmou ainda que a n\u00e3o realiza\u00e7\u00e3o dessas medidas agregaria `riscos poss\u00edveis extens\u00edveis a toda popula\u00e7\u00e3o, uma vez que o v\u00edrus se dissemina rapidamente`.<\/p>\n<p>O GLOBO questionou o MEC e o Inep sobre a n\u00e3o utiliza\u00e7\u00e3o dos recursos, mas ainda n\u00e3o obteve resposta.<\/p>\n","protected":false},"excerpt":{"rendered":"<p>A menos de dois meses da realiza\u00e7\u00e3o do Exame Nacional do Ensino M\u00e9dio (Enem), o governo n\u00e3o gastou nem um real dos R$ 178,5 milh\u00f5es disponibilizados via Medida Provis\u00f3ria (MP) para a ado\u00e7\u00e3o de medidas emergenciais relacionadas \u00e0s avalia\u00e7\u00f5es durante a pandemia.<\/p>\n","protected":false},"author":4,"featured_media":0,"comment_status":"closed","ping_status":"closed","sticky":false,"template":"","format":"standard","meta":{"footnotes":"","_links_to":"","_links_to_target":""},"categories":[9],"tags":[],"class_list":["post-12596","post","type-post","status-publish","format-standard","hentry","category-noticias-da-imprensa"],"yoast_head":"<!-- This site is optimized with the Yoast SEO plugin v15.1 - https:\/\/yoast.com\/wordpress\/plugins\/seo\/ -->\n<title>A menos de dois meses do Enem, governo n\u00e3o usou verba para prote\u00e7\u00e3o contra Covid-19 no teste &raquo; Abrelivros<\/title>\n<meta name=\"robots\" content=\"index, follow, max-snippet:-1, max-image-preview:large, max-video-preview:-1\" \/>\n<link rel=\"canonical\" href=\"https:\/\/abrelivros.org.br\/site\/a-menos-de-dois-meses-do-enem-governo-nao-usou-verba-para-protecao-contra-covid-19-no-teste\/\" \/>\n<meta property=\"og:locale\" content=\"pt_BR\" \/>\n<meta property=\"og:type\" content=\"article\" \/>\n<meta property=\"og:title\" content=\"A menos de dois meses do Enem, governo n\u00e3o usou verba para prote\u00e7\u00e3o contra Covid-19 no teste &raquo; Abrelivros\" \/>\n<meta property=\"og:description\" content=\"A menos de dois meses da realiza\u00e7\u00e3o do Exame Nacional do Ensino M\u00e9dio (Enem), o governo n\u00e3o gastou nem um real dos R$ 178,5 milh\u00f5es disponibilizados via Medida Provis\u00f3ria (MP) para a ado\u00e7\u00e3o de medidas emergenciais relacionadas \u00e0s avalia\u00e7\u00f5es durante a pandemia.\" \/>\n<meta property=\"og:url\" content=\"https:\/\/abrelivros.org.br\/site\/a-menos-de-dois-meses-do-enem-governo-nao-usou-verba-para-protecao-contra-covid-19-no-teste\/\" \/>\n<meta property=\"og:site_name\" content=\"Abrelivros\" \/>\n<meta property=\"article:published_time\" content=\"2020-11-27T16:58:20+00:00\" \/>\n<meta name=\"twitter:card\" content=\"summary_large_image\" \/>\n<script type=\"application\/ld+json\" class=\"yoast-schema-graph\">{\"@context\":\"https:\/\/schema.org\",\"@graph\":[{\"@type\":\"WebSite\",\"@id\":\"https:\/\/abrelivros.org.br\/site\/#website\",\"url\":\"https:\/\/abrelivros.org.br\/site\/\",\"name\":\"Abrelivros\",\"description\":\"\",\"potentialAction\":[{\"@type\":\"SearchAction\",\"target\":\"https:\/\/abrelivros.org.br\/site\/?s={search_term_string}\",\"query-input\":\"required name=search_term_string\"}],\"inLanguage\":\"pt-BR\"},{\"@type\":\"WebPage\",\"@id\":\"https:\/\/abrelivros.org.br\/site\/a-menos-de-dois-meses-do-enem-governo-nao-usou-verba-para-protecao-contra-covid-19-no-teste\/#webpage\",\"url\":\"https:\/\/abrelivros.org.br\/site\/a-menos-de-dois-meses-do-enem-governo-nao-usou-verba-para-protecao-contra-covid-19-no-teste\/\",\"name\":\"A menos de dois meses do Enem, governo n\\u00e3o usou verba para prote\\u00e7\\u00e3o contra Covid-19 no teste &raquo; Abrelivros\",\"isPartOf\":{\"@id\":\"https:\/\/abrelivros.org.br\/site\/#website\"},\"datePublished\":\"2020-11-27T16:58:20+00:00\",\"dateModified\":\"2020-11-27T16:58:20+00:00\",\"author\":{\"@id\":\"https:\/\/abrelivros.org.br\/site\/#\/schema\/person\/65db80e26409802ce15ac5feec6a15fd\"},\"breadcrumb\":{\"@id\":\"https:\/\/abrelivros.org.br\/site\/a-menos-de-dois-meses-do-enem-governo-nao-usou-verba-para-protecao-contra-covid-19-no-teste\/#breadcrumb\"},\"inLanguage\":\"pt-BR\",\"potentialAction\":[{\"@type\":\"ReadAction\",\"target\":[\"https:\/\/abrelivros.org.br\/site\/a-menos-de-dois-meses-do-enem-governo-nao-usou-verba-para-protecao-contra-covid-19-no-teste\/\"]}]},{\"@type\":\"BreadcrumbList\",\"@id\":\"https:\/\/abrelivros.org.br\/site\/a-menos-de-dois-meses-do-enem-governo-nao-usou-verba-para-protecao-contra-covid-19-no-teste\/#breadcrumb\",\"itemListElement\":[{\"@type\":\"ListItem\",\"position\":1,\"item\":{\"@type\":\"WebPage\",\"@id\":\"https:\/\/abrelivros.org.br\/site\/\",\"url\":\"https:\/\/abrelivros.org.br\/site\/\",\"name\":\"In\\u00edcio\"}},{\"@type\":\"ListItem\",\"position\":2,\"item\":{\"@type\":\"WebPage\",\"@id\":\"https:\/\/abrelivros.org.br\/site\/category\/noticias\/\",\"url\":\"https:\/\/abrelivros.org.br\/site\/category\/noticias\/\",\"name\":\"Not\\u00edcias\"}},{\"@type\":\"ListItem\",\"position\":3,\"item\":{\"@type\":\"WebPage\",\"@id\":\"https:\/\/abrelivros.org.br\/site\/category\/noticias\/noticias-da-imprensa\/\",\"url\":\"https:\/\/abrelivros.org.br\/site\/category\/noticias\/noticias-da-imprensa\/\",\"name\":\"Not\\u00edcias da imprensa\"}},{\"@type\":\"ListItem\",\"position\":4,\"item\":{\"@type\":\"WebPage\",\"@id\":\"https:\/\/abrelivros.org.br\/site\/a-menos-de-dois-meses-do-enem-governo-nao-usou-verba-para-protecao-contra-covid-19-no-teste\/\",\"url\":\"https:\/\/abrelivros.org.br\/site\/a-menos-de-dois-meses-do-enem-governo-nao-usou-verba-para-protecao-contra-covid-19-no-teste\/\",\"name\":\"A menos de dois meses do Enem, governo n\\u00e3o usou verba para prote\\u00e7\\u00e3o contra Covid-19 no teste\"}}]},{\"@type\":\"Person\",\"@id\":\"https:\/\/abrelivros.org.br\/site\/#\/schema\/person\/65db80e26409802ce15ac5feec6a15fd\",\"name\":\"Reda\\u00e7\\u00e3o Abrelivros\",\"image\":{\"@type\":\"ImageObject\",\"@id\":\"https:\/\/abrelivros.org.br\/site\/#personlogo\",\"inLanguage\":\"pt-BR\",\"url\":\"https:\/\/secure.gravatar.com\/avatar\/c4e57f9c7e3482965bd428192061218520756c39080b1d1820b679fa5e9af192?s=96&d=mm&r=g\",\"caption\":\"Reda\\u00e7\\u00e3o Abrelivros\"}}]}<\/script>\n<!-- \/ Yoast SEO plugin. -->","_links":{"self":[{"href":"https:\/\/abrelivros.org.br\/site\/wp-json\/wp\/v2\/posts\/12596","targetHints":{"allow":["GET"]}}],"collection":[{"href":"https:\/\/abrelivros.org.br\/site\/wp-json\/wp\/v2\/posts"}],"about":[{"href":"https:\/\/abrelivros.org.br\/site\/wp-json\/wp\/v2\/types\/post"}],"author":[{"embeddable":true,"href":"https:\/\/abrelivros.org.br\/site\/wp-json\/wp\/v2\/users\/4"}],"replies":[{"embeddable":true,"href":"https:\/\/abrelivros.org.br\/site\/wp-json\/wp\/v2\/comments?post=12596"}],"version-history":[{"count":1,"href":"https:\/\/abrelivros.org.br\/site\/wp-json\/wp\/v2\/posts\/12596\/revisions"}],"predecessor-version":[{"id":12597,"href":"https:\/\/abrelivros.org.br\/site\/wp-json\/wp\/v2\/posts\/12596\/revisions\/12597"}],"wp:attachment":[{"href":"https:\/\/abrelivros.org.br\/site\/wp-json\/wp\/v2\/media?parent=12596"}],"wp:term":[{"taxonomy":"category","embeddable":true,"href":"https:\/\/abrelivros.org.br\/site\/wp-json\/wp\/v2\/categories?post=12596"},{"taxonomy":"post_tag","embeddable":true,"href":"https:\/\/abrelivros.org.br\/site\/wp-json\/wp\/v2\/tags?post=12596"}],"curies":[{"name":"wp","href":"https:\/\/api.w.org\/{rel}","templated":true}]}}