{"id":12588,"date":"2020-11-26T13:39:13","date_gmt":"2020-11-26T16:39:13","guid":{"rendered":"https:\/\/abrelivros.org.br\/site\/?p=12588"},"modified":"2020-11-26T13:39:13","modified_gmt":"2020-11-26T16:39:13","slug":"cooperacao-tecnica-com-eua-e-tema-de-reuniao","status":"publish","type":"post","link":"https:\/\/abrelivros.org.br\/site\/cooperacao-tecnica-com-eua-e-tema-de-reuniao\/","title":{"rendered":"Coopera\u00e7\u00e3o t\u00e9cnica com EUA \u00e9 tema de reuni\u00e3o"},"content":{"rendered":"<p>Os resultados, atribui\u00e7\u00f5es e projetos estrat\u00e9gicos do Instituto Nacional de Estudos e Pesquisas Educacionais An\u00edsio Teixeira (Inep) foram apresentados em reuni\u00e3o bilateral entre Brasil e Estados Unidos, nesta quarta-feira, 25 de novembro. O Inep busca desenvolver uma agenda positiva de coopera\u00e7\u00e3o t\u00e9cnica educacional com o governo estadunidense. A inten\u00e7\u00e3o \u00e9 aprimorar a atua\u00e7\u00e3o da autarquia brasileira nos campos de avalia\u00e7\u00e3o, estat\u00edsticas e estudos educacionais a partir de experi\u00eancias internacionais bem-sucedidas.<!--more--><\/p>\n<p>Na reuni\u00e3o, realizada por videoconfer\u00eancia, tra\u00e7ou-se um panorama dos programas e projetos desenvolvidos pelo Inep. A performance do instituto foi apresentada em n\u00fameros com informa\u00e7\u00f5es do Relat\u00f3rio de Atividades de 2019 e dados de 2020.<\/p>\n<p>As linhas gerais e os eixos tem\u00e1ticos que fundamentam o plano de coopera\u00e7\u00e3o t\u00e9cnica internacional do Inep foram apresentados aos representantes do governo norte-americano. Para o chefe de Gabinete do Inep, Marcelo Pontes, o encontro \u00e9 resultado da ativa movimenta\u00e7\u00e3o do instituto em busca de refer\u00eancias internacionais capazes de nortear a evolu\u00e7\u00e3o dos processos internos da autarquia. \u201cEm nosso plano de coopera\u00e7\u00e3o t\u00e9cnica internacional, trabalhamos a consolida\u00e7\u00e3o de temas priorit\u00e1rios que possam subsidiar os avan\u00e7os e as inova\u00e7\u00f5es t\u00e9cnicas delineados no Planejamento Estrat\u00e9gico Institucional do Inep. Acolhemos com satisfa\u00e7\u00e3o esta oportunidade de estreitamento dos la\u00e7os cooperativos com os Estados Unidos. Nossa inten\u00e7\u00e3o \u00e9 colher, ainda em 2021, frutos dessa parceria internacional com o governo norte-americano\u201d, detalhou.<\/p>\n<p>A Embaixada dos Estados Unidos no Brasil foi representada pelo adido cultural Todd Miyahira e pelo especialista em temas educacionais Leonardo Nardon. Os representantes manifestaram entusiasmo diante do plano de coopera\u00e7\u00e3o t\u00e9cnica internacional apresentado pelo Inep e evidenciaram o interesse na concretiza\u00e7\u00e3o de uma parceria bilateral. \u201cCertamente conseguiremos identificar \u00e1reas em que poderemos atuar e onde poderemos identificar parceiros nos setores p\u00fablico e privado estadunidenses em condi\u00e7\u00f5es de contribuir neste projeto\u201d, concluiu Nardon.<\/p>\n<p>O encontro contou tamb\u00e9m com a participa\u00e7\u00e3o da assessora especial para Assuntos Internacionais do Minist\u00e9rio da Educa\u00e7\u00e3o (MEC), D\u00e9bora Cristina, e com representantes da equipe de assuntos internacionais e de gest\u00e3o estrat\u00e9gica do Inep. Uma nova reuni\u00e3o t\u00e9cnica ser\u00e1 marcada para o m\u00eas de dezembro deste ano.<\/p>\n","protected":false},"excerpt":{"rendered":"<p>Os resultados, atribui\u00e7\u00f5es e projetos estrat\u00e9gicos do Instituto Nacional de Estudos e Pesquisas Educacionais An\u00edsio Teixeira (Inep) foram apresentados em reuni\u00e3o bilateral entre Brasil e Estados Unidos, nesta quarta-feira, 25 de novembro. O Inep busca desenvolver uma agenda positiva de coopera\u00e7\u00e3o t\u00e9cnica educacional com o governo estadunidense. A inten\u00e7\u00e3o \u00e9 aprimorar a atua\u00e7\u00e3o da autarquia [&hellip;]<\/p>\n","protected":false},"author":4,"featured_media":0,"comment_status":"closed","ping_status":"closed","sticky":false,"template":"","format":"standard","meta":{"footnotes":"","_links_to":"","_links_to_target":""},"categories":[9],"tags":[],"class_list":["post-12588","post","type-post","status-publish","format-standard","hentry","category-noticias-da-imprensa"],"yoast_head":"<!-- This site is optimized with the Yoast SEO plugin v15.1 - https:\/\/yoast.com\/wordpress\/plugins\/seo\/ -->\n<title>Coopera\u00e7\u00e3o t\u00e9cnica com EUA \u00e9 tema de reuni\u00e3o &raquo; Abrelivros<\/title>\n<meta name=\"robots\" content=\"index, follow, max-snippet:-1, max-image-preview:large, max-video-preview:-1\" \/>\n<link rel=\"canonical\" href=\"https:\/\/abrelivros.org.br\/site\/cooperacao-tecnica-com-eua-e-tema-de-reuniao\/\" \/>\n<meta property=\"og:locale\" content=\"pt_BR\" \/>\n<meta property=\"og:type\" content=\"article\" \/>\n<meta property=\"og:title\" content=\"Coopera\u00e7\u00e3o t\u00e9cnica com EUA \u00e9 tema de reuni\u00e3o &raquo; Abrelivros\" \/>\n<meta property=\"og:description\" content=\"Os resultados, atribui\u00e7\u00f5es e projetos estrat\u00e9gicos do Instituto Nacional de Estudos e Pesquisas Educacionais An\u00edsio Teixeira (Inep) foram apresentados em reuni\u00e3o bilateral entre Brasil e Estados Unidos, nesta quarta-feira, 25 de novembro. O Inep busca desenvolver uma agenda positiva de coopera\u00e7\u00e3o t\u00e9cnica educacional com o governo estadunidense. A inten\u00e7\u00e3o \u00e9 aprimorar a atua\u00e7\u00e3o da autarquia [&hellip;]\" \/>\n<meta property=\"og:url\" content=\"https:\/\/abrelivros.org.br\/site\/cooperacao-tecnica-com-eua-e-tema-de-reuniao\/\" \/>\n<meta property=\"og:site_name\" content=\"Abrelivros\" \/>\n<meta property=\"article:published_time\" content=\"2020-11-26T16:39:13+00:00\" \/>\n<meta name=\"twitter:card\" content=\"summary_large_image\" \/>\n<script type=\"application\/ld+json\" class=\"yoast-schema-graph\">{\"@context\":\"https:\/\/schema.org\",\"@graph\":[{\"@type\":\"WebSite\",\"@id\":\"https:\/\/abrelivros.org.br\/site\/#website\",\"url\":\"https:\/\/abrelivros.org.br\/site\/\",\"name\":\"Abrelivros\",\"description\":\"\",\"potentialAction\":[{\"@type\":\"SearchAction\",\"target\":\"https:\/\/abrelivros.org.br\/site\/?s={search_term_string}\",\"query-input\":\"required name=search_term_string\"}],\"inLanguage\":\"pt-BR\"},{\"@type\":\"WebPage\",\"@id\":\"https:\/\/abrelivros.org.br\/site\/cooperacao-tecnica-com-eua-e-tema-de-reuniao\/#webpage\",\"url\":\"https:\/\/abrelivros.org.br\/site\/cooperacao-tecnica-com-eua-e-tema-de-reuniao\/\",\"name\":\"Coopera\\u00e7\\u00e3o t\\u00e9cnica com EUA \\u00e9 tema de reuni\\u00e3o &raquo; Abrelivros\",\"isPartOf\":{\"@id\":\"https:\/\/abrelivros.org.br\/site\/#website\"},\"datePublished\":\"2020-11-26T16:39:13+00:00\",\"dateModified\":\"2020-11-26T16:39:13+00:00\",\"author\":{\"@id\":\"https:\/\/abrelivros.org.br\/site\/#\/schema\/person\/65db80e26409802ce15ac5feec6a15fd\"},\"breadcrumb\":{\"@id\":\"https:\/\/abrelivros.org.br\/site\/cooperacao-tecnica-com-eua-e-tema-de-reuniao\/#breadcrumb\"},\"inLanguage\":\"pt-BR\",\"potentialAction\":[{\"@type\":\"ReadAction\",\"target\":[\"https:\/\/abrelivros.org.br\/site\/cooperacao-tecnica-com-eua-e-tema-de-reuniao\/\"]}]},{\"@type\":\"BreadcrumbList\",\"@id\":\"https:\/\/abrelivros.org.br\/site\/cooperacao-tecnica-com-eua-e-tema-de-reuniao\/#breadcrumb\",\"itemListElement\":[{\"@type\":\"ListItem\",\"position\":1,\"item\":{\"@type\":\"WebPage\",\"@id\":\"https:\/\/abrelivros.org.br\/site\/\",\"url\":\"https:\/\/abrelivros.org.br\/site\/\",\"name\":\"In\\u00edcio\"}},{\"@type\":\"ListItem\",\"position\":2,\"item\":{\"@type\":\"WebPage\",\"@id\":\"https:\/\/abrelivros.org.br\/site\/category\/noticias\/\",\"url\":\"https:\/\/abrelivros.org.br\/site\/category\/noticias\/\",\"name\":\"Not\\u00edcias\"}},{\"@type\":\"ListItem\",\"position\":3,\"item\":{\"@type\":\"WebPage\",\"@id\":\"https:\/\/abrelivros.org.br\/site\/category\/noticias\/noticias-da-imprensa\/\",\"url\":\"https:\/\/abrelivros.org.br\/site\/category\/noticias\/noticias-da-imprensa\/\",\"name\":\"Not\\u00edcias da imprensa\"}},{\"@type\":\"ListItem\",\"position\":4,\"item\":{\"@type\":\"WebPage\",\"@id\":\"https:\/\/abrelivros.org.br\/site\/cooperacao-tecnica-com-eua-e-tema-de-reuniao\/\",\"url\":\"https:\/\/abrelivros.org.br\/site\/cooperacao-tecnica-com-eua-e-tema-de-reuniao\/\",\"name\":\"Coopera\\u00e7\\u00e3o t\\u00e9cnica com EUA \\u00e9 tema de reuni\\u00e3o\"}}]},{\"@type\":\"Person\",\"@id\":\"https:\/\/abrelivros.org.br\/site\/#\/schema\/person\/65db80e26409802ce15ac5feec6a15fd\",\"name\":\"Reda\\u00e7\\u00e3o Abrelivros\",\"image\":{\"@type\":\"ImageObject\",\"@id\":\"https:\/\/abrelivros.org.br\/site\/#personlogo\",\"inLanguage\":\"pt-BR\",\"url\":\"https:\/\/secure.gravatar.com\/avatar\/c4e57f9c7e3482965bd428192061218520756c39080b1d1820b679fa5e9af192?s=96&d=mm&r=g\",\"caption\":\"Reda\\u00e7\\u00e3o Abrelivros\"}}]}<\/script>\n<!-- \/ Yoast SEO plugin. -->","_links":{"self":[{"href":"https:\/\/abrelivros.org.br\/site\/wp-json\/wp\/v2\/posts\/12588","targetHints":{"allow":["GET"]}}],"collection":[{"href":"https:\/\/abrelivros.org.br\/site\/wp-json\/wp\/v2\/posts"}],"about":[{"href":"https:\/\/abrelivros.org.br\/site\/wp-json\/wp\/v2\/types\/post"}],"author":[{"embeddable":true,"href":"https:\/\/abrelivros.org.br\/site\/wp-json\/wp\/v2\/users\/4"}],"replies":[{"embeddable":true,"href":"https:\/\/abrelivros.org.br\/site\/wp-json\/wp\/v2\/comments?post=12588"}],"version-history":[{"count":1,"href":"https:\/\/abrelivros.org.br\/site\/wp-json\/wp\/v2\/posts\/12588\/revisions"}],"predecessor-version":[{"id":12589,"href":"https:\/\/abrelivros.org.br\/site\/wp-json\/wp\/v2\/posts\/12588\/revisions\/12589"}],"wp:attachment":[{"href":"https:\/\/abrelivros.org.br\/site\/wp-json\/wp\/v2\/media?parent=12588"}],"wp:term":[{"taxonomy":"category","embeddable":true,"href":"https:\/\/abrelivros.org.br\/site\/wp-json\/wp\/v2\/categories?post=12588"},{"taxonomy":"post_tag","embeddable":true,"href":"https:\/\/abrelivros.org.br\/site\/wp-json\/wp\/v2\/tags?post=12588"}],"curies":[{"name":"wp","href":"https:\/\/api.w.org\/{rel}","templated":true}]}}