{"id":12585,"date":"2020-11-26T13:35:29","date_gmt":"2020-11-26T16:35:29","guid":{"rendered":"https:\/\/abrelivros.org.br\/site\/?p=12585"},"modified":"2020-11-26T13:37:14","modified_gmt":"2020-11-26T16:37:14","slug":"governo-diz-ao-stf-que-nova-politica-nacional-para-alunos-com-deficiencia-nao-gera-segregacao","status":"publish","type":"post","link":"https:\/\/abrelivros.org.br\/site\/governo-diz-ao-stf-que-nova-politica-nacional-para-alunos-com-deficiencia-nao-gera-segregacao\/","title":{"rendered":"Governo diz ao STF que nova pol\u00edtica nacional para alunos com defici\u00eancia n\u00e3o gera &#8216;segrega\u00e7\u00e3o&#8217;"},"content":{"rendered":"<p>A Advocacia-Geral da Uni\u00e3o (<a href=\"https:\/\/g1.globo.com\/tudo-sobre\/agu\/\" target=\"_blank\" rel=\"noopener noreferrer\">AGU<\/a>) defendeu, em parecer ao Supremo Tribunal Federal (<a href=\"https:\/\/g1.globo.com\/tudo-sobre\/supremo-tribunal-federal\/\" target=\"_blank\" rel=\"noopener noreferrer\">STF<\/a>), que seja rejeitada a a\u00e7\u00e3o que questiona a<a href=\"https:\/\/g1.globo.com\/educacao\/noticia\/2020\/10\/02\/nova-politica-nacional-para-alunos-com-deficiencia-e-lancada-com-ressalvas-de-especialistas-sobre-abordagem-para-inclusao.ghtml\" target=\"_blank\" rel=\"noopener noreferrer\"> nova pol\u00edtica nacional para alunos com defici\u00eancia<\/a>, lan\u00e7ada em outubro pelo governo Jair Bolsonaro.<!--more--><\/p>\n<p>Na nota t\u00e9cnica enviada \u00e0 Corte, a AGU negou que a pol\u00edtica representaria uma &#8220;pol\u00edtica de segrega\u00e7\u00e3o&#8221; de estudantes com defici\u00eancia. O decreto prev\u00ea, entre outros pontos, a cria\u00e7\u00e3o de turmas e escolas especializadas, que atendam apenas estudantes com defici\u00eancia.<\/p>\n<p>&#8220;N\u00e3o merece prosperar alega\u00e7\u00e3o de que o decreto questionado estaria veiculando pol\u00edtica de segrega\u00e7\u00e3o dos educandos com defici\u00eancia dos demais por meio da previs\u00e3o de presta\u00e7\u00e3o dos servi\u00e7os de educa\u00e7\u00e3o atrav\u00e9s de escolas especializadas&#8221;, afirma a AGU.<\/p>\n<p>A Pol\u00edtica Nacional de Educa\u00e7\u00e3o Especial (PNEE) foi lan\u00e7ada pelo governo no come\u00e7o de outubro e sofreu cr\u00edticas por parte de especialistas. Nas novas regras, o Minist\u00e9rio da Educa\u00e7\u00e3o alterou uma norma que vinha sendo adotada desde 2008.<\/p>\n<p>O decreto assinado pelo presidente Jair Bolsonaro determinou que o governo federal, estados e munic\u00edpios dever\u00e3o oferecer \u201cinstitui\u00e7\u00f5es de ensino planejadas para o atendimento educacional aos educandos da educa\u00e7\u00e3o especial que n\u00e3o se beneficiam, em seu desenvolvimento, quando inclu\u00eddos em escolas regulares inclusivas e que apresentam demanda por apoios m\u00faltiplos e cont\u00ednuos\u201d.<\/p>\n<p>Especialistas na \u00e1rea consideraram que a altera\u00e7\u00e3o representa um retrocesso em uma luta de 30 anos pela inclus\u00e3o social, e entenderam que o novo decreto enfraquece o direito de a pessoa com defici\u00eancia de frequentar a escola comum. Na esteira das cr\u00edticas, o partido Rede Sustentabilidade acionou o STF.<\/p>\n<p><strong>Os argumentos do governo<\/strong><\/p>\n<p>No parecer ao STF, a AGU nega que a nova pol\u00edtica afronte os esfor\u00e7os de inclus\u00e3o dos alunos com defici\u00eancia. O governo diz que o decreto prev\u00ea &#8220;explicitamente&#8221; educa\u00e7\u00e3o especial inclusiva em escolas regulares.<\/p>\n<p>&#8220;Explicitamente prev\u00ea a presta\u00e7\u00e3o da educa\u00e7\u00e3o especial inclusiva nos estabelecimentos regulares de ensino, n\u00e3o havendo qualquer motivo que autorize a interpreta\u00e7\u00e3o de que a pol\u00edtica veiculada pelo ato em refer\u00eancia teria estabelecido que o servi\u00e7o educacional em refer\u00eancia seria ministrado exclusivamente em escolas especializadas&#8221;, disse.<\/p>\n<p>&#8220;Sem embargo, o que realmente ocorre \u00e9 que a norma em debate previu, de forma adicional, a possibilidade da presta\u00e7\u00e3o do servi\u00e7o de educa\u00e7\u00e3o especial em escolas especializadas, como uma forma de ampliar a quantidade de pessoas beneficiadas pela presta\u00e7\u00e3o em an\u00e1lise&#8221;, completou.<\/p>\n<p>A AGU ponderou ainda que a Constitui\u00e7\u00e3o n\u00e3o prev\u00ea que a educa\u00e7\u00e3o especial ser\u00e1 realizada &#8220;exclusivamente&#8221; nas escolas regulares, mas &#8220;preferencialmente&#8221; nestes locais.<\/p>\n<p>&#8220;Note-se que o legislador constituinte utilizou o voc\u00e1bulo &#8216;preferencialmente&#8217; no inciso III, do art. 208, n\u00e3o se podendo depreender da leitura do supracitado mandamento constitucional que o legislador constituinte tenha determinado que a educa\u00e7\u00e3o especial deva, &#8216;exclusivamente&#8217;, ser ministrada em estabelecimentos educacionais regulares&#8221;, ressaltou.<\/p>\n<p>&#8220;Ao contr\u00e1rio, o que se pode extrair de tal comando da Constitui\u00e7\u00e3o Federal \u00e9 justamente a exist\u00eancia da possibilidade de que a educa\u00e7\u00e3o especial venha a ser ministrada em estabelecimentos especializados, como uma alternativa \u00e0s institui\u00e7\u00f5es da rede regular de ensino, quando houver necessidade para tanto, conforme estabelece a pol\u00edtica veiculada no decreto&#8221;, acrescentou.<\/p>\n<p><strong>O que diz o MEC<\/strong><\/p>\n<p>Questionado sobre as cr\u00edticas de especialistas, em outubro, o MEC emitiu a seguinte nota:<\/p>\n<p>A PNEE apresentada pelo Governo Federal amplia a \u00e1rea da educa\u00e7\u00e3o especial, oferece aos sistemas educacionais possibilidades de criar alternativas educacionais al\u00e9m das escolas comuns inclusivas, como: escolas e classes especializadas, escolas e classes bil\u00edngues de surdos, amplia alternativas para viabilizar o atendimento educacional especializado como uma diretriz constitucional (art. 208 da Constitui\u00e7\u00e3o Federal de 1988).<\/p>\n<p>Um dos princ\u00edpios fundamentais \u00e9 o direito do estudante e da fam\u00edlia na escolha da alternativa mais adequada para a educa\u00e7\u00e3o do p\u00fablico-alvo desta Pol\u00edtica.<\/p>\n<p>O objetivo \u00e9 garantir aos estudantes com defici\u00eancia, com transtorno globais do desenvolvimento e com altas habilidades uma forma\u00e7\u00e3o integral.<\/p>\n","protected":false},"excerpt":{"rendered":"<p>A Advocacia-Geral da Uni\u00e3o (AGU) defendeu, em parecer ao Supremo Tribunal Federal (STF), que seja rejeitada a a\u00e7\u00e3o que questiona a nova pol\u00edtica nacional para alunos com defici\u00eancia, lan\u00e7ada em outubro pelo governo Jair Bolsonaro.<\/p>\n","protected":false},"author":4,"featured_media":0,"comment_status":"closed","ping_status":"closed","sticky":false,"template":"","format":"standard","meta":{"footnotes":"","_links_to":"","_links_to_target":""},"categories":[9],"tags":[],"class_list":["post-12585","post","type-post","status-publish","format-standard","hentry","category-noticias-da-imprensa"],"yoast_head":"<!-- This site is optimized with the Yoast SEO plugin v15.1 - https:\/\/yoast.com\/wordpress\/plugins\/seo\/ -->\n<title>Governo diz ao STF que nova pol\u00edtica nacional para alunos com defici\u00eancia n\u00e3o gera &#039;segrega\u00e7\u00e3o&#039; &raquo; Abrelivros<\/title>\n<meta name=\"robots\" content=\"index, follow, max-snippet:-1, max-image-preview:large, max-video-preview:-1\" \/>\n<link rel=\"canonical\" href=\"https:\/\/abrelivros.org.br\/site\/governo-diz-ao-stf-que-nova-politica-nacional-para-alunos-com-deficiencia-nao-gera-segregacao\/\" \/>\n<meta property=\"og:locale\" content=\"pt_BR\" \/>\n<meta property=\"og:type\" content=\"article\" \/>\n<meta property=\"og:title\" content=\"Governo diz ao STF que nova pol\u00edtica nacional para alunos com defici\u00eancia n\u00e3o gera &#039;segrega\u00e7\u00e3o&#039; &raquo; Abrelivros\" \/>\n<meta property=\"og:description\" content=\"A Advocacia-Geral da Uni\u00e3o (AGU) defendeu, em parecer ao Supremo Tribunal Federal (STF), que seja rejeitada a a\u00e7\u00e3o que questiona a nova pol\u00edtica nacional para alunos com defici\u00eancia, lan\u00e7ada em outubro pelo governo Jair Bolsonaro.\" \/>\n<meta property=\"og:url\" content=\"https:\/\/abrelivros.org.br\/site\/governo-diz-ao-stf-que-nova-politica-nacional-para-alunos-com-deficiencia-nao-gera-segregacao\/\" \/>\n<meta property=\"og:site_name\" content=\"Abrelivros\" \/>\n<meta property=\"article:published_time\" content=\"2020-11-26T16:35:29+00:00\" \/>\n<meta property=\"article:modified_time\" content=\"2020-11-26T16:37:14+00:00\" \/>\n<meta name=\"twitter:card\" content=\"summary_large_image\" \/>\n<script type=\"application\/ld+json\" class=\"yoast-schema-graph\">{\"@context\":\"https:\/\/schema.org\",\"@graph\":[{\"@type\":\"WebSite\",\"@id\":\"https:\/\/abrelivros.org.br\/site\/#website\",\"url\":\"https:\/\/abrelivros.org.br\/site\/\",\"name\":\"Abrelivros\",\"description\":\"\",\"potentialAction\":[{\"@type\":\"SearchAction\",\"target\":\"https:\/\/abrelivros.org.br\/site\/?s={search_term_string}\",\"query-input\":\"required name=search_term_string\"}],\"inLanguage\":\"pt-BR\"},{\"@type\":\"WebPage\",\"@id\":\"https:\/\/abrelivros.org.br\/site\/governo-diz-ao-stf-que-nova-politica-nacional-para-alunos-com-deficiencia-nao-gera-segregacao\/#webpage\",\"url\":\"https:\/\/abrelivros.org.br\/site\/governo-diz-ao-stf-que-nova-politica-nacional-para-alunos-com-deficiencia-nao-gera-segregacao\/\",\"name\":\"Governo diz ao STF que nova pol\\u00edtica nacional para alunos com defici\\u00eancia n\\u00e3o gera 'segrega\\u00e7\\u00e3o' &raquo; Abrelivros\",\"isPartOf\":{\"@id\":\"https:\/\/abrelivros.org.br\/site\/#website\"},\"datePublished\":\"2020-11-26T16:35:29+00:00\",\"dateModified\":\"2020-11-26T16:37:14+00:00\",\"author\":{\"@id\":\"https:\/\/abrelivros.org.br\/site\/#\/schema\/person\/65db80e26409802ce15ac5feec6a15fd\"},\"breadcrumb\":{\"@id\":\"https:\/\/abrelivros.org.br\/site\/governo-diz-ao-stf-que-nova-politica-nacional-para-alunos-com-deficiencia-nao-gera-segregacao\/#breadcrumb\"},\"inLanguage\":\"pt-BR\",\"potentialAction\":[{\"@type\":\"ReadAction\",\"target\":[\"https:\/\/abrelivros.org.br\/site\/governo-diz-ao-stf-que-nova-politica-nacional-para-alunos-com-deficiencia-nao-gera-segregacao\/\"]}]},{\"@type\":\"BreadcrumbList\",\"@id\":\"https:\/\/abrelivros.org.br\/site\/governo-diz-ao-stf-que-nova-politica-nacional-para-alunos-com-deficiencia-nao-gera-segregacao\/#breadcrumb\",\"itemListElement\":[{\"@type\":\"ListItem\",\"position\":1,\"item\":{\"@type\":\"WebPage\",\"@id\":\"https:\/\/abrelivros.org.br\/site\/\",\"url\":\"https:\/\/abrelivros.org.br\/site\/\",\"name\":\"In\\u00edcio\"}},{\"@type\":\"ListItem\",\"position\":2,\"item\":{\"@type\":\"WebPage\",\"@id\":\"https:\/\/abrelivros.org.br\/site\/category\/noticias\/\",\"url\":\"https:\/\/abrelivros.org.br\/site\/category\/noticias\/\",\"name\":\"Not\\u00edcias\"}},{\"@type\":\"ListItem\",\"position\":3,\"item\":{\"@type\":\"WebPage\",\"@id\":\"https:\/\/abrelivros.org.br\/site\/category\/noticias\/noticias-da-imprensa\/\",\"url\":\"https:\/\/abrelivros.org.br\/site\/category\/noticias\/noticias-da-imprensa\/\",\"name\":\"Not\\u00edcias da imprensa\"}},{\"@type\":\"ListItem\",\"position\":4,\"item\":{\"@type\":\"WebPage\",\"@id\":\"https:\/\/abrelivros.org.br\/site\/governo-diz-ao-stf-que-nova-politica-nacional-para-alunos-com-deficiencia-nao-gera-segregacao\/\",\"url\":\"https:\/\/abrelivros.org.br\/site\/governo-diz-ao-stf-que-nova-politica-nacional-para-alunos-com-deficiencia-nao-gera-segregacao\/\",\"name\":\"Governo diz ao STF que nova pol\\u00edtica nacional para alunos com defici\\u00eancia n\\u00e3o gera &#8216;segrega\\u00e7\\u00e3o&#8217;\"}}]},{\"@type\":\"Person\",\"@id\":\"https:\/\/abrelivros.org.br\/site\/#\/schema\/person\/65db80e26409802ce15ac5feec6a15fd\",\"name\":\"Reda\\u00e7\\u00e3o Abrelivros\",\"image\":{\"@type\":\"ImageObject\",\"@id\":\"https:\/\/abrelivros.org.br\/site\/#personlogo\",\"inLanguage\":\"pt-BR\",\"url\":\"https:\/\/secure.gravatar.com\/avatar\/c4e57f9c7e3482965bd428192061218520756c39080b1d1820b679fa5e9af192?s=96&d=mm&r=g\",\"caption\":\"Reda\\u00e7\\u00e3o Abrelivros\"}}]}<\/script>\n<!-- \/ Yoast SEO plugin. -->","_links":{"self":[{"href":"https:\/\/abrelivros.org.br\/site\/wp-json\/wp\/v2\/posts\/12585","targetHints":{"allow":["GET"]}}],"collection":[{"href":"https:\/\/abrelivros.org.br\/site\/wp-json\/wp\/v2\/posts"}],"about":[{"href":"https:\/\/abrelivros.org.br\/site\/wp-json\/wp\/v2\/types\/post"}],"author":[{"embeddable":true,"href":"https:\/\/abrelivros.org.br\/site\/wp-json\/wp\/v2\/users\/4"}],"replies":[{"embeddable":true,"href":"https:\/\/abrelivros.org.br\/site\/wp-json\/wp\/v2\/comments?post=12585"}],"version-history":[{"count":1,"href":"https:\/\/abrelivros.org.br\/site\/wp-json\/wp\/v2\/posts\/12585\/revisions"}],"predecessor-version":[{"id":12586,"href":"https:\/\/abrelivros.org.br\/site\/wp-json\/wp\/v2\/posts\/12585\/revisions\/12586"}],"wp:attachment":[{"href":"https:\/\/abrelivros.org.br\/site\/wp-json\/wp\/v2\/media?parent=12585"}],"wp:term":[{"taxonomy":"category","embeddable":true,"href":"https:\/\/abrelivros.org.br\/site\/wp-json\/wp\/v2\/categories?post=12585"},{"taxonomy":"post_tag","embeddable":true,"href":"https:\/\/abrelivros.org.br\/site\/wp-json\/wp\/v2\/tags?post=12585"}],"curies":[{"name":"wp","href":"https:\/\/api.w.org\/{rel}","templated":true}]}}